{"id":56129,"date":"2021-10-04T09:41:25","date_gmt":"2021-10-04T12:41:25","guid":{"rendered":"https:\/\/www.mormaii.com.br\/site\/?p=56129"},"modified":"2022-06-10T10:19:43","modified_gmt":"2022-06-10T13:19:43","slug":"outubro-rosa-como-surgiu-e-porque-e-tao-importante","status":"publish","type":"post","link":"https:\/\/www.mormaii.com.br\/site\/outubro-rosa-como-surgiu-e-porque-e-tao-importante\/","title":{"rendered":"Outubro Rosa: como surgiu e porque a campanha \u00e9 t\u00e3o importante"},"content":{"rendered":"<p>Voc\u00ea com certeza j\u00e1 ouviu falar no Outubro Rosa, certo? Afinal, esse movimento acontece todos os anos desde o in\u00edcio da d\u00e9cada de 90. Mas como foi que o Outubro Rosa surgiu e por que \u00e9 t\u00e3o importante falar sobre a preven\u00e7\u00e3o do c\u00e2ncer de mama?<\/p>\n<p>Continue lendo para descobrir:<\/p>\n<h3><strong>O que \u00e9 o Outubro Rosa?<\/strong><\/h3>\n<p>Simplificando, podemos resumir o Outubro Rosa como uma campanha internacional que tem por objetivo a conscientiza\u00e7\u00e3o sobre <strong>a import\u00e2ncia da preven\u00e7\u00e3o e diagn\u00f3stico precoce do c\u00e2ncer de mama<\/strong>.<\/p>\n<p>Mas e por que Outubro e por que Rosa?<\/p>\n<p>O nome Outubro Rosa remete \u00e0 cor do la\u00e7o que simboliza, mundialmente, a luta contra o c\u00e2ncer de mama, estimulando a participa\u00e7\u00e3o da sociedade como um todo, unindo popula\u00e7\u00e3o, empresas e entidades.<\/p>\n<h4><strong>Quando o Outubro Rosa surgiu?<\/strong><\/h4>\n<p>O movimento come\u00e7ou nos Estados Unidos com diversas a\u00e7\u00f5es isoladas referentes ao c\u00e2ncer de mama que aconteceram no m\u00eas de outubro, em diferentes estados do pa\u00eds.<\/p>\n<p>Posteriormente, o Congresso Americano <strong>veio a sancionar<\/strong> Outubro como o m\u00eas nacional de preven\u00e7\u00e3o ao c\u00e2ncer de mama. E foi apenas depois disso, que os la\u00e7os cor de rosa, s\u00edmbolo do Outubro Rosa, come\u00e7aram a aparecer.<\/p>\n<p>O s\u00edmbolo foi lan\u00e7ado pela <em>Funda\u00e7\u00e3o Susan G. Komen for the Cure<\/em>, em 1990, na cidade de Nova York, durante a primeira Corrida pela Cura.<\/p>\n<p>No evento, os corredores receberam o la\u00e7o rosa para usarem durante a corrida. Depois disso, o la\u00e7o passou a ser distribu\u00eddo em diversos outros eventos, at\u00e9 se popularizar e alcan\u00e7ar os quatro cantos do mundo.<\/p>\n<h4><strong>Outubro Rosa no Brasil<\/strong><\/h4>\n<p>No Brasil, o Outubro Rosa demorou um pouco mais a chegar. Foi apenas em <strong>outubro de 2002 que a primeira iniciativa em rela\u00e7\u00e3o \u00e0 campanha foi vista no Brasil<\/strong>, quando o monumento conhecido como Obelisco do Ibirapuera, em S\u00e3o Paulo, foi iluminado com luzes cor de rosa.<\/p>\n<p>Mesmo levando um pouco mais de tempo para ficar conhecido aqui no pa\u00eds, assim que o Outubro Rosa surgiu, j\u00e1 foi poss\u00edvel descobrir porque a campanha \u00e9 t\u00e3o importante.<\/p>\n<p>Para entender melhor essa hist\u00f3ria, continue lendo.<\/p>\n<h3><strong>Outubro Rosa e suas contribui\u00e7\u00f5es no combate ao c\u00e2ncer de mama<\/strong><\/h3>\n<p>Infelizmente, \u00a0o c\u00e2ncer de mama superou o c\u00e2ncer de pulm\u00e3o em 2020, tornando-se o de <strong>maior incid\u00eancia mundial<\/strong>, totalizando cerca de 2,3 milh\u00f5es de novos casos no mundo.<\/p>\n<p>Por si s\u00f3, isso j\u00e1 seria um \u00f3timo motivo para chamar tanta aten\u00e7\u00e3o para a doen\u00e7a, por\u00e9m, o mais impressionante, \u00e9 o fato de que o c\u00e2ncer de mama apresenta um <strong>\u00edndice de cura de at\u00e9 95%, se diagnosticado precocemente<\/strong>.<\/p>\n<p>Levando esse dado em considera\u00e7\u00e3o, podemos entender porque a campanha do Outubro Rosa \u00e9 t\u00e3o importante na luta pela vida das mulheres.<\/p>\n<p>No final das contas, embora esse seja um problema recorrente o ano inteiro, a intensa comunica\u00e7\u00e3o sobre o tema faz com que as mulheres parem pelo menos uma vez no ano para dar a devida aten\u00e7\u00e3o ao assunto.<\/p>\n<p>O fato \u00e9 que, al\u00e9m de chamar a aten\u00e7\u00e3o para a necessidade de frequentar o m\u00e9dico e de fazer os exames regularmente, h\u00e1 tamb\u00e9m um maior compartilhamento de informa\u00e7\u00f5es sobre a relev\u00e2ncia do controle da doen\u00e7a atrav\u00e9s do autoexame.<\/p>\n<p>Resumindo, o Outubro Rosa traz, ainda hoje, resultados positivos ao ampliar o diagn\u00f3stico precoce, uma vez que, essa a\u00e7\u00e3o auxilia, comprovadamente, na redu\u00e7\u00e3o da mortalidade de muitas mulheres.<\/p>\n<h4><strong>Como \u00e9 feito o diagn\u00f3stico do c\u00e2ncer de mama?<\/strong><\/h4>\n<p>Voc\u00ea sabia que a maioria dos sinais do c\u00e2ncer de mama podem ser identificadas pelas pr\u00f3prias mulheres?<\/p>\n<p>Sim, isso acontece gra\u00e7as \u00e0 realiza\u00e7\u00e3o do autoexame das mamas, procedimento feito em casa, apenas com o toque dos dedos.<\/p>\n<p>Contudo, vale salientar que o ideal \u00e9 sempre buscar ajuda profissional, pois apenas dessa forma \u00e9 poss\u00edvel obter o diagn\u00f3stico correto para os sintomas.<\/p>\n<p>A detec\u00e7\u00e3o do c\u00e2ncer de mama \u00e9 feita por exames espec\u00edficos, como mamografia e ultrassom. Contudo, os casos suspeitos precisam de bi\u00f3psia para confirma\u00e7\u00e3o do diagn\u00f3stico.<\/p>\n<h2><img loading=\"lazy\" decoding=\"async\" class=\"alignnone wp-image-56134 size-full\" src=\"https:\/\/www.mormaii.com.br\/site\/wp-content\/uploads\/2021\/10\/Screenshot_63.png\" alt=\"Outubro Rosa como surgiu e por que \u00e9 t\u00e3o importante\" width=\"822\" height=\"513\" srcset=\"https:\/\/www.mormaii.com.br\/site\/wp-content\/uploads\/2021\/10\/Screenshot_63.png 822w, https:\/\/www.mormaii.com.br\/site\/wp-content\/uploads\/2021\/10\/Screenshot_63-300x187.png 300w, https:\/\/www.mormaii.com.br\/site\/wp-content\/uploads\/2021\/10\/Screenshot_63-768x479.png 768w, https:\/\/www.mormaii.com.br\/site\/wp-content\/uploads\/2021\/10\/Screenshot_63-370x230.png 370w, https:\/\/www.mormaii.com.br\/site\/wp-content\/uploads\/2021\/10\/Screenshot_63-560x350.png 560w\" sizes=\"(max-width: 822px) 100vw, 822px\" \/><\/h2>\n<h3>Outubro Rosa Mormaii: um toque de gentileza<\/h3>\n<p>Em 2021, a <a href=\"https:\/\/www.mormaiishop.com.br\/\">Mormaii<\/a> decidiu contribuir efetivamente e de forma solid\u00e1ria \u00e0 causa do Outubro Rosa, pois acreditamos que pequenas a\u00e7\u00f5es geram grandes resultados.<\/p>\n<p>Sendo assim, durante todo o m\u00eas de Outubro, a Mormaii ir\u00e1 destinar R$ 1,00 a cada venda realizada no site e lojas f\u00edsicas ao hospital S\u00e3o Camilo Oncologia, institui\u00e7\u00e3o que atua amplamente no combate ao c\u00e2ncer de mama.<\/p>\n<p>Para conhecer mais sobre o trabalho e linha de atua\u00e7\u00e3o do hospital S\u00e3o Camilo <a href=\"https:\/\/ibcc.org.br\/\">clique aqui<\/a>. Lembre-se: n\u00e3o deixe para depois, fa\u00e7a o autoexame regularmente. Previna-se!<\/p>\n<p>Quer dicas sobre como melhorar sua imunidade? Ent\u00e3o <a href=\"https:\/\/www.mormaii.com.br\/site\/acelere-seu-dia-com-um-shot-booster\/\">confira aqui<\/a> essa receitinha r\u00e1pida da nossa nutricionista Ivy Ayach.<\/p>\n","protected":false},"excerpt":{"rendered":"<p>Voc\u00ea com certeza j\u00e1 ouviu falar no Outubro Rosa, certo? Afinal, esse movimento acontece todos os anos desde o in\u00edcio da d\u00e9cada de 90. Mas como foi que o Outubro Rosa surgiu e por que \u00e9 t\u00e3o importante falar sobre a preven\u00e7\u00e3o do c\u00e2ncer de mama? Continue lendo para descobrir: O que \u00e9 o Outubro [&hellip;]<\/p>\n","protected":false},"author":11,"featured_media":56133,"comment_status":"closed","ping_status":"closed","sticky":false,"template":"","format":"standard","meta":{"_uag_custom_page_level_css":"","_mi_skip_tracking":false,"footnotes":""},"categories":[38,1,914],"tags":[],"class_list":["post-56129","post","type-post","status-publish","format-standard","has-post-thumbnail","hentry","category-eventos","category-historia","category-mormaii"],"acf":[],"uagb_featured_image_src":{"full":["https:\/\/www.mormaii.com.br\/site\/wp-content\/uploads\/2021\/10\/m_outubro_rosa_21_redes_sociais_posts_Artboard-3.png",1081,1081,false],"thumbnail":["https:\/\/www.mormaii.com.br\/site\/wp-content\/uploads\/2021\/10\/m_outubro_rosa_21_redes_sociais_posts_Artboard-3-150x150.png",150,150,true],"medium":["https:\/\/www.mormaii.com.br\/site\/wp-content\/uploads\/2021\/10\/m_outubro_rosa_21_redes_sociais_posts_Artboard-3-300x300.png",300,300,true],"medium_large":["https:\/\/www.mormaii.com.br\/site\/wp-content\/uploads\/2021\/10\/m_outubro_rosa_21_redes_sociais_posts_Artboard-3-768x768.png",768,768,true],"large":["https:\/\/www.mormaii.com.br\/site\/wp-content\/uploads\/2021\/10\/m_outubro_rosa_21_redes_sociais_posts_Artboard-3-1024x1024.png",1024,1024,true],"1536x1536":["https:\/\/www.mormaii.com.br\/site\/wp-content\/uploads\/2021\/10\/m_outubro_rosa_21_redes_sociais_posts_Artboard-3.png",1081,1081,false],"2048x2048":["https:\/\/www.mormaii.com.br\/site\/wp-content\/uploads\/2021\/10\/m_outubro_rosa_21_redes_sociais_posts_Artboard-3.png",1081,1081,false],"qi_addons_for_elementor_image_size_square":["https:\/\/www.mormaii.com.br\/site\/wp-content\/uploads\/2021\/10\/m_outubro_rosa_21_redes_sociais_posts_Artboard-3.png",650,650,false],"qi_addons_for_elementor_image_size_landscape":["https:\/\/www.mormaii.com.br\/site\/wp-content\/uploads\/2021\/10\/m_outubro_rosa_21_redes_sociais_posts_Artboard-3.png",650,650,false],"qi_addons_for_elementor_image_size_portrait":["https:\/\/www.mormaii.com.br\/site\/wp-content\/uploads\/2021\/10\/m_outubro_rosa_21_redes_sociais_posts_Artboard-3.png",650,650,false],"qi_addons_for_elementor_image_size_huge-square":["https:\/\/www.mormaii.com.br\/site\/wp-content\/uploads\/2021\/10\/m_outubro_rosa_21_redes_sociais_posts_Artboard-3.png",1081,1081,false]},"uagb_author_info":{"display_name":"Patricia","author_link":"https:\/\/www.mormaii.com.br\/site\/author\/patricia\/"},"uagb_comment_info":0,"uagb_excerpt":"Voc\u00ea com certeza j\u00e1 ouviu falar no Outubro Rosa, certo? Afinal, esse movimento acontece todos os anos desde o in\u00edcio da d\u00e9cada de 90. Mas como foi que o Outubro Rosa surgiu e por que \u00e9 t\u00e3o importante falar sobre a preven\u00e7\u00e3o do c\u00e2ncer de mama? Continue lendo para descobrir: O que \u00e9 o Outubro&hellip;","_links":{"self":[{"href":"https:\/\/www.mormaii.com.br\/site\/wp-json\/wp\/v2\/posts\/56129"}],"collection":[{"href":"https:\/\/www.mormaii.com.br\/site\/wp-json\/wp\/v2\/posts"}],"about":[{"href":"https:\/\/www.mormaii.com.br\/site\/wp-json\/wp\/v2\/types\/post"}],"author":[{"embeddable":true,"href":"https:\/\/www.mormaii.com.br\/site\/wp-json\/wp\/v2\/users\/11"}],"replies":[{"embeddable":true,"href":"https:\/\/www.mormaii.com.br\/site\/wp-json\/wp\/v2\/comments?post=56129"}],"version-history":[{"count":13,"href":"https:\/\/www.mormaii.com.br\/site\/wp-json\/wp\/v2\/posts\/56129\/revisions"}],"predecessor-version":[{"id":56146,"href":"https:\/\/www.mormaii.com.br\/site\/wp-json\/wp\/v2\/posts\/56129\/revisions\/56146"}],"wp:featuredmedia":[{"embeddable":true,"href":"https:\/\/www.mormaii.com.br\/site\/wp-json\/wp\/v2\/media\/56133"}],"wp:attachment":[{"href":"https:\/\/www.mormaii.com.br\/site\/wp-json\/wp\/v2\/media?parent=56129"}],"wp:term":[{"taxonomy":"category","embeddable":true,"href":"https:\/\/www.mormaii.com.br\/site\/wp-json\/wp\/v2\/categories?post=56129"},{"taxonomy":"post_tag","embeddable":true,"href":"https:\/\/www.mormaii.com.br\/site\/wp-json\/wp\/v2\/tags?post=56129"}],"curies":[{"name":"wp","href":"https:\/\/api.w.org\/{rel}","templated":true}]}}