{"id":56930,"date":"2022-04-12T07:00:14","date_gmt":"2022-04-12T10:00:14","guid":{"rendered":"https:\/\/www.mormaii.com.br\/site\/?p=56930"},"modified":"2022-06-10T10:19:43","modified_gmt":"2022-06-10T13:19:43","slug":"pandemia-e-exposicao-as-telas-faz-aumentar-casos-de-miopia-em-criancas","status":"publish","type":"post","link":"https:\/\/www.mormaii.com.br\/site\/pandemia-e-exposicao-as-telas-faz-aumentar-casos-de-miopia-em-criancas\/","title":{"rendered":"Pandemia e exposi\u00e7\u00e3o \u00e0s telas faz aumentar casos de miopia em crian\u00e7as"},"content":{"rendered":"<p><span style=\"font-weight: 400;\">Seja no trabalho, em casa e at\u00e9 no lazer, a nossa rotina sempre acumulou horas al\u00e9m do recomend\u00e1vel na frente das telas. Com a chegada da pandemia, esse tempo se ampliou ainda mais. O que aparentemente parece inofensivo, pode ser um agravante nos casos de miopia, principalmente em crian\u00e7as.\u00a0<\/span><\/p>\n<p><span style=\"font-weight: 400;\">Conforme a Organiza\u00e7\u00e3o Mundial de Sa\u00fade (OMS), h\u00e1 59 milh\u00f5es de pessoas com algum grau j\u00e1 diagnosticado de miopia no Brasil, mais de 25% da popula\u00e7\u00e3o, e 2,6 bilh\u00f5es no mundo.\u00a0<\/span><\/p>\n<p><span style=\"font-weight: 400;\">Uma pesquisa realizada pelo Conselho Brasileiro de Oftalmologia (CBO), apontou que a pandemia fez crescer o n\u00famero de casos de crian\u00e7as e adolescentes com a condi\u00e7\u00e3o no Brasil, al\u00e9m de favorecer o avan\u00e7o do problema em pacientes j\u00e1 em acompanhamento.\u00a0<\/span><\/p>\n<p><span style=\"font-weight: 400;\">Dos 295 m\u00e9dicos oftalmologistas entrevistados, daqueles que verificaram aumento dos graus de miopia, 6% apontaram o problema em 75% dos pacientes, 27% relataram a situa\u00e7\u00e3o em 50% dos pacientes e 67% registraram o quadro em cerca de 25%.<\/span><\/p>\n<p><span style=\"font-weight: 400;\">Na China, outro estudo similar, publicado na revista cient\u00edfica Jama Ophthalmology e realizado com mais de 120 mil crian\u00e7as, mostrou que o n\u00famero de casos de miopia em crian\u00e7as entre 6 e 8 anos cresceu, em 2020, at\u00e9 tr\u00eas vezes em compara\u00e7\u00e3o com os cinco anos anteriores.<\/span><\/p>\n<p><span style=\"font-weight: 400;\">J\u00e1 na <\/span><a href=\"https:\/\/www.nature.com\/articles\/s41433-021-01655-2\"><span style=\"font-weight: 400;\">pesquisa<\/span><\/a><span style=\"font-weight: 400;\"> publicada na revista Nature, o aumento dos casos de miopia \u00e9 associado diretamente com o uso em excesso de equipamentos como celular, tablets e computadores, impulsionados pelo ensino em casa durante a pandemia. O estudo revela um aumento na taxa de progress\u00e3o da miopia em crian\u00e7as, em compara\u00e7\u00e3o com os anos anteriores. A pesquisa avaliou 115 crian\u00e7as e adolescentes de 8 a 17 anos.<\/span><\/p>\n<p>&nbsp;<\/p>\n<h3><b>Recomenda\u00e7\u00f5es da OMS sobre o uso de telas<\/b><\/h3>\n<p><span style=\"font-weight: 400;\">Para a Sociedade Brasileira de Pediatria (SBP), o tempo de uso di\u00e1rio recomendado varia de acordo com a idade, sendo restrita a utiliza\u00e7\u00e3o por crian\u00e7as menores de dois anos.<\/span><\/p>\n<p><span style=\"font-weight: 400;\">A exposi\u00e7\u00e3o por crian\u00e7as e adolescentes \u00e0 tela de televis\u00e3o, computador, celular e tablet deve ser supervisionada e limitada com base nas seguintes recomenda\u00e7\u00f5es:<\/span><\/p>\n<p><span style=\"font-weight: 400;\">0 a 2 anos: evitar a exposi\u00e7\u00e3o \u00e0s telas sem necessidade.<br \/>\n<\/span><span style=\"font-weight: 400;\">2 a 5 anos: limitar o tempo de telas ao m\u00e1ximo de 1 hora por dia, sempre com supervis\u00e3o de adultos.<br \/>\n<\/span><span style=\"font-weight: 400;\">6 a 10 anos: limitar o tempo de telas ao m\u00e1ximo de 1 a 2 horas por dia, sempre com supervis\u00e3o de adultos.<br \/>\n<\/span><span style=\"font-weight: 400;\">11 a 18 anos: limitar o tempo de telas e jogos de videogames de 2 a 3 horas por dia.<\/span><\/p>\n<p>&nbsp;<\/p>\n<h3><b>Mormaii lan\u00e7a linha de \u00f3culos de grau para o p\u00fablico infantil<\/b><\/h3>\n<p><span style=\"font-weight: 400;\">Energia e versatilidade s\u00e3o as combina\u00e7\u00f5es perfeitas para a linha lan\u00e7ada pela Mormaii, focada no p\u00fablico infantil. S\u00e3o tr\u00eas op\u00e7\u00f5es que re\u00fanem muitas das caracter\u00edsticas e da personalidade en\u00e9rgica dos pequenos, que saem de uma brincadeira mais radical para a leitura de um livro ou dever de casa em segundos.<\/span><\/p>\n<p>&nbsp;<\/p>\n<h4><b>Blunt<\/b><\/h4>\n<p><img loading=\"lazy\" decoding=\"async\" class=\"alignnone\" src=\"https:\/\/trello.com\/1\/cards\/61ba42bbac789c6b03b9fb9e\/attachments\/61ca0e7715e1b951ce180319\/download\/BLUNT.gif\" alt=\"\u00d3culos de grau infantil, modelo Blunt\" width=\"580\" height=\"225\" \/><\/p>\n<p><span style=\"font-weight: 400;\">O modelo Blunt foi pensado para meninos e meninas a partir dos 4 anos de idade. Com frente leve e anat\u00f4mica em poliamida, hastes emborrachadas male\u00e1veis e ponteiras com encaixe para a tira el\u00e1stica de seguran\u00e7a que vem com o produto, estes \u00f3culos s\u00e3o perfeitos para acompanhar a crian\u00e7ada em todas as suas aventuras.<\/span><\/p>\n<p>&nbsp;<\/p>\n<h4><b>Trick<\/b><\/h4>\n<p><img loading=\"lazy\" decoding=\"async\" class=\"alignnone\" src=\"https:\/\/trello.com\/1\/cards\/61ba42bbac789c6b03b9fb9e\/attachments\/61ca0e7d4e63da5744458b35\/download\/TRICK.gif\" alt=\"\u00d3culos de grau infantil, modelo Trick\" width=\"580\" height=\"304\" \/><\/p>\n<p><span style=\"font-weight: 400;\">A frente retangular e as hastes com linhas org\u00e2nicas lembram as ondas do mar. Desenvolvido para as crian\u00e7as a partir dos 4 anos de idade, esse \u00f3culos apresenta um exclusivo sistema de encaixe, que permite a adapta\u00e7\u00e3o ou a substitui\u00e7\u00e3o completa das hastes por tiras el\u00e1sticas, que acompanham o produto.<\/span><\/p>\n<p>&nbsp;<\/p>\n<h4><b>Bunny<\/b><\/h4>\n<p><img loading=\"lazy\" decoding=\"async\" class=\"alignnone\" src=\"https:\/\/trello.com\/1\/cards\/61ba42bbac789c6b03b9fb9e\/attachments\/61ca0e7a96d6ef54323a94fb\/download\/BUNNY.gif\" alt=\"\u00d3culos de grau infantil, modelo Bunny\" width=\"580\" height=\"305\" \/><\/p>\n<p><span style=\"font-weight: 400;\">O Bunny \u00e9 recomendado para meninos e meninas a partir dos 4 anos de idade, com frente redonda, leve e anat\u00f4mica. Sua pintura \u00e9 especial, feita \u00e0 m\u00e3o. Com hastes superflex\u00edveis contam com furos nas pontas para o encaixe de uma tira el\u00e1stica de seguran\u00e7a. A arma\u00e7\u00e3o pode ainda ser completamente transformada, com a substitui\u00e7\u00e3o completa das hastes por uma segunda op\u00e7\u00e3o de tira el\u00e1stica, que se ajusta \u00e0 circunfer\u00eancia da cabe\u00e7a. Todos os acess\u00f3rios acompanham o produto.<\/span><\/p>\n","protected":false},"excerpt":{"rendered":"<p>Seja no trabalho, em casa e at\u00e9 no lazer, a nossa rotina sempre acumulou horas al\u00e9m do recomend\u00e1vel na frente das telas. Com a chegada da pandemia, esse tempo se ampliou ainda mais. O que aparentemente parece inofensivo, pode ser um agravante nos casos de miopia, principalmente em crian\u00e7as.\u00a0 Conforme a Organiza\u00e7\u00e3o Mundial de Sa\u00fade [&hellip;]<\/p>\n","protected":false},"author":12,"featured_media":56933,"comment_status":"closed","ping_status":"closed","sticky":false,"template":"","format":"standard","meta":{"_uag_custom_page_level_css":"","_mi_skip_tracking":false,"footnotes":""},"categories":[914,7],"tags":[902,903,901,289],"class_list":["post-56930","post","type-post","status-publish","format-standard","has-post-thumbnail","hentry","category-mormaii","category-novidades","tag-criancas","tag-infantil","tag-miopa","tag-oculos-infantil"],"acf":[],"uagb_featured_image_src":{"full":["https:\/\/www.mormaii.com.br\/site\/wp-content\/uploads\/2022\/04\/Captura-de-Tela-2022-03-28-a\u0300s-22.22.05.png",824,548,false],"thumbnail":["https:\/\/www.mormaii.com.br\/site\/wp-content\/uploads\/2022\/04\/Captura-de-Tela-2022-03-28-a\u0300s-22.22.05-150x150.png",150,150,true],"medium":["https:\/\/www.mormaii.com.br\/site\/wp-content\/uploads\/2022\/04\/Captura-de-Tela-2022-03-28-a\u0300s-22.22.05-300x200.png",300,200,true],"medium_large":["https:\/\/www.mormaii.com.br\/site\/wp-content\/uploads\/2022\/04\/Captura-de-Tela-2022-03-28-a\u0300s-22.22.05-768x511.png",768,511,true],"large":["https:\/\/www.mormaii.com.br\/site\/wp-content\/uploads\/2022\/04\/Captura-de-Tela-2022-03-28-a\u0300s-22.22.05.png",824,548,false],"1536x1536":["https:\/\/www.mormaii.com.br\/site\/wp-content\/uploads\/2022\/04\/Captura-de-Tela-2022-03-28-a\u0300s-22.22.05.png",824,548,false],"2048x2048":["https:\/\/www.mormaii.com.br\/site\/wp-content\/uploads\/2022\/04\/Captura-de-Tela-2022-03-28-a\u0300s-22.22.05.png",824,548,false],"qi_addons_for_elementor_image_size_square":["https:\/\/www.mormaii.com.br\/site\/wp-content\/uploads\/2022\/04\/Captura-de-Tela-2022-03-28-a\u0300s-22.22.05-650x548.png",650,548,true],"qi_addons_for_elementor_image_size_landscape":["https:\/\/www.mormaii.com.br\/site\/wp-content\/uploads\/2022\/04\/Captura-de-Tela-2022-03-28-a\u0300s-22.22.05.png",824,548,false],"qi_addons_for_elementor_image_size_portrait":["https:\/\/www.mormaii.com.br\/site\/wp-content\/uploads\/2022\/04\/Captura-de-Tela-2022-03-28-a\u0300s-22.22.05-650x548.png",650,548,true],"qi_addons_for_elementor_image_size_huge-square":["https:\/\/www.mormaii.com.br\/site\/wp-content\/uploads\/2022\/04\/Captura-de-Tela-2022-03-28-a\u0300s-22.22.05.png",824,548,false]},"uagb_author_info":{"display_name":"Edinei","author_link":"https:\/\/www.mormaii.com.br\/site\/author\/edinei\/"},"uagb_comment_info":0,"uagb_excerpt":"Seja no trabalho, em casa e at\u00e9 no lazer, a nossa rotina sempre acumulou horas al\u00e9m do recomend\u00e1vel na frente das telas. Com a chegada da pandemia, esse tempo se ampliou ainda mais. O que aparentemente parece inofensivo, pode ser um agravante nos casos de miopia, principalmente em crian\u00e7as.\u00a0 Conforme a Organiza\u00e7\u00e3o Mundial de Sa\u00fade&hellip;","_links":{"self":[{"href":"https:\/\/www.mormaii.com.br\/site\/wp-json\/wp\/v2\/posts\/56930"}],"collection":[{"href":"https:\/\/www.mormaii.com.br\/site\/wp-json\/wp\/v2\/posts"}],"about":[{"href":"https:\/\/www.mormaii.com.br\/site\/wp-json\/wp\/v2\/types\/post"}],"author":[{"embeddable":true,"href":"https:\/\/www.mormaii.com.br\/site\/wp-json\/wp\/v2\/users\/12"}],"replies":[{"embeddable":true,"href":"https:\/\/www.mormaii.com.br\/site\/wp-json\/wp\/v2\/comments?post=56930"}],"version-history":[{"count":2,"href":"https:\/\/www.mormaii.com.br\/site\/wp-json\/wp\/v2\/posts\/56930\/revisions"}],"predecessor-version":[{"id":56932,"href":"https:\/\/www.mormaii.com.br\/site\/wp-json\/wp\/v2\/posts\/56930\/revisions\/56932"}],"wp:featuredmedia":[{"embeddable":true,"href":"https:\/\/www.mormaii.com.br\/site\/wp-json\/wp\/v2\/media\/56933"}],"wp:attachment":[{"href":"https:\/\/www.mormaii.com.br\/site\/wp-json\/wp\/v2\/media?parent=56930"}],"wp:term":[{"taxonomy":"category","embeddable":true,"href":"https:\/\/www.mormaii.com.br\/site\/wp-json\/wp\/v2\/categories?post=56930"},{"taxonomy":"post_tag","embeddable":true,"href":"https:\/\/www.mormaii.com.br\/site\/wp-json\/wp\/v2\/tags?post=56930"}],"curies":[{"name":"wp","href":"https:\/\/api.w.org\/{rel}","templated":true}]}}