{"id":58442,"date":"2022-07-27T20:16:15","date_gmt":"2022-07-27T23:16:15","guid":{"rendered":"https:\/\/www.mormaii.com.br\/site\/?p=58442"},"modified":"2022-07-28T14:47:08","modified_gmt":"2022-07-28T17:47:08","slug":"praia-do-cardoso-e-palco-do-cbsurf-big-weve-mormaii-2022","status":"publish","type":"post","link":"https:\/\/www.mormaii.com.br\/site\/praia-do-cardoso-e-palco-do-cbsurf-big-weve-mormaii-2022\/","title":{"rendered":"Praia do Cardoso \u00e9 palco do CBSurf Big Weve Mormaii 2022"},"content":{"rendered":"<p><span style=\"font-weight: 400;\">Durante uma janela de espera de tr\u00eas meses, que iniciou no dia 15 de julho e vai at\u00e9 o dia 15 de outubro, a Praia do Cardoso, no Farol de Santa Marta em Laguna, ser\u00e1 o palco para a edi\u00e7\u00e3o de 2022 do CBSurf Big Weve Mormaii. Diferente das edi\u00e7\u00f5es anteriores, que eram realizadas em tr\u00eas etapas, distribu\u00eddas pela costa brasileira, neste ano o circuito de ondas grandes do Brasil tem um novo formato, contemplando apenas uma etapa.<\/span><\/p>\n<p><span style=\"font-weight: 400;\">Durante o per\u00edodo de realiza\u00e7\u00e3o do circuito, a organiza\u00e7\u00e3o do evento far\u00e1 o monitoramento da previs\u00e3o das ondas, a fim de realizar a chamada com sete dias de anteced\u00eancia do Sinal Amarelo que prev\u00ea a possibilidade de chegada de grande ondula\u00e7\u00e3o. Caso confirmado, no per\u00edodo de quatro dias de anteced\u00eancia a organiza\u00e7\u00e3o faz a chamada do Sinal Verde, que confirma a ondula\u00e7\u00e3o para a realiza\u00e7\u00e3o do evento.<\/span><\/p>\n<h4><b>Lucas Chumbo, atleta Mormaii, est\u00e1 entre os melhores big riders do pa\u00eds<\/b><\/h4>\n<p><span style=\"font-weight: 400;\">O CBSurf Big Weve Mormaii \u00e9 uma competi\u00e7\u00e3o realizada em um \u00fanico dia, no per\u00edodo em que ocorre o auge do tamanho da ondula\u00e7\u00e3o. Os competidores surfam em baterias de 50 minutos, onde disputar\u00e3o apenas 24 atletas da categoria masculina. Ocorrem quatro baterias com seis atletas na primeira fase, avan\u00e7ando 50% deles j\u00e1 para a semifinal.<\/span><\/p>\n<p><span style=\"font-weight: 400;\">O nosso atleta Mormaii, Lucas Chumbo, \u00e9 um dos selecionados na lista de renomados big riders brasileiros. Para essa sele\u00e7\u00e3o, foi levado em considera\u00e7\u00e3o o desempenho em competi\u00e7\u00f5es brasileiras e mundiais anteriores, al\u00e9m do reconhecimento da atual performance deles.<\/span><\/p>\n<h4><b>Acompanhe o evento ao vivo<\/b><\/h4>\n<p><span style=\"font-weight: 400;\">A promessa da organiza\u00e7\u00e3o do evento \u00e9 uma transmiss\u00e3o ao vivo de primeira qualidade. Contemplando diversas c\u00e2meras em a\u00e7\u00e3o, com superzoom e slow, drone ao vivo, GoPro no jet-ski, comentaristas web e rep\u00f3rteres de beira de praia.\u00a0<\/span><\/p>\n<p><span style=\"font-weight: 400;\">A competi\u00e7\u00e3o, a confer\u00eancia t\u00e9cnica e a cerim\u00f4nia de premia\u00e7\u00e3o ser\u00e3o transmitidas pelo <\/span><a href=\"https:\/\/cbsurf.org.br\/\"><span style=\"font-weight: 400;\">site da CBSurf<\/span><\/a><span style=\"font-weight: 400;\">.<\/span><\/p>\n","protected":false},"excerpt":{"rendered":"<p>Durante uma janela de espera de tr\u00eas meses, que iniciou no dia 15 de julho e vai at\u00e9 o dia 15 de outubro, a Praia do Cardoso, no Farol de Santa Marta em Laguna, ser\u00e1 o palco para a edi\u00e7\u00e3o de 2022 do CBSurf Big Weve Mormaii. Diferente das edi\u00e7\u00f5es anteriores, que eram realizadas em [&hellip;]<\/p>\n","protected":false},"author":12,"featured_media":58443,"comment_status":"closed","ping_status":"closed","sticky":false,"template":"","format":"standard","meta":{"_uag_custom_page_level_css":"","_mi_skip_tracking":false,"footnotes":""},"categories":[36,1,914],"tags":[],"class_list":["post-58442","post","type-post","status-publish","format-standard","has-post-thumbnail","hentry","category-atletas","category-historia","category-mormaii"],"acf":[],"uagb_featured_image_src":{"full":["https:\/\/www.mormaii.com.br\/site\/wp-content\/uploads\/2022\/07\/LucasChumboCardoso_Maio2018_SRojas-1342-scaled.jpg",2560,1707,false],"thumbnail":["https:\/\/www.mormaii.com.br\/site\/wp-content\/uploads\/2022\/07\/LucasChumboCardoso_Maio2018_SRojas-1342-150x150.jpg",150,150,true],"medium":["https:\/\/www.mormaii.com.br\/site\/wp-content\/uploads\/2022\/07\/LucasChumboCardoso_Maio2018_SRojas-1342-300x200.jpg",300,200,true],"medium_large":["https:\/\/www.mormaii.com.br\/site\/wp-content\/uploads\/2022\/07\/LucasChumboCardoso_Maio2018_SRojas-1342-768x512.jpg",768,512,true],"large":["https:\/\/www.mormaii.com.br\/site\/wp-content\/uploads\/2022\/07\/LucasChumboCardoso_Maio2018_SRojas-1342-1024x683.jpg",1024,683,true],"1536x1536":["https:\/\/www.mormaii.com.br\/site\/wp-content\/uploads\/2022\/07\/LucasChumboCardoso_Maio2018_SRojas-1342-1536x1024.jpg",1536,1024,true],"2048x2048":["https:\/\/www.mormaii.com.br\/site\/wp-content\/uploads\/2022\/07\/LucasChumboCardoso_Maio2018_SRojas-1342-2048x1365.jpg",2048,1365,true],"qi_addons_for_elementor_image_size_square":["https:\/\/www.mormaii.com.br\/site\/wp-content\/uploads\/2022\/07\/LucasChumboCardoso_Maio2018_SRojas-1342-650x650.jpg",650,650,true],"qi_addons_for_elementor_image_size_landscape":["https:\/\/www.mormaii.com.br\/site\/wp-content\/uploads\/2022\/07\/LucasChumboCardoso_Maio2018_SRojas-1342-1300x650.jpg",1300,650,true],"qi_addons_for_elementor_image_size_portrait":["https:\/\/www.mormaii.com.br\/site\/wp-content\/uploads\/2022\/07\/LucasChumboCardoso_Maio2018_SRojas-1342-650x1300.jpg",650,1300,true],"qi_addons_for_elementor_image_size_huge-square":["https:\/\/www.mormaii.com.br\/site\/wp-content\/uploads\/2022\/07\/LucasChumboCardoso_Maio2018_SRojas-1342-1300x1300.jpg",1300,1300,true]},"uagb_author_info":{"display_name":"Edinei","author_link":"https:\/\/www.mormaii.com.br\/site\/author\/edinei\/"},"uagb_comment_info":0,"uagb_excerpt":"Durante uma janela de espera de tr\u00eas meses, que iniciou no dia 15 de julho e vai at\u00e9 o dia 15 de outubro, a Praia do Cardoso, no Farol de Santa Marta em Laguna, ser\u00e1 o palco para a edi\u00e7\u00e3o de 2022 do CBSurf Big Weve Mormaii. Diferente das edi\u00e7\u00f5es anteriores, que eram realizadas em&hellip;","_links":{"self":[{"href":"https:\/\/www.mormaii.com.br\/site\/wp-json\/wp\/v2\/posts\/58442"}],"collection":[{"href":"https:\/\/www.mormaii.com.br\/site\/wp-json\/wp\/v2\/posts"}],"about":[{"href":"https:\/\/www.mormaii.com.br\/site\/wp-json\/wp\/v2\/types\/post"}],"author":[{"embeddable":true,"href":"https:\/\/www.mormaii.com.br\/site\/wp-json\/wp\/v2\/users\/12"}],"replies":[{"embeddable":true,"href":"https:\/\/www.mormaii.com.br\/site\/wp-json\/wp\/v2\/comments?post=58442"}],"version-history":[{"count":1,"href":"https:\/\/www.mormaii.com.br\/site\/wp-json\/wp\/v2\/posts\/58442\/revisions"}],"predecessor-version":[{"id":58444,"href":"https:\/\/www.mormaii.com.br\/site\/wp-json\/wp\/v2\/posts\/58442\/revisions\/58444"}],"wp:featuredmedia":[{"embeddable":true,"href":"https:\/\/www.mormaii.com.br\/site\/wp-json\/wp\/v2\/media\/58443"}],"wp:attachment":[{"href":"https:\/\/www.mormaii.com.br\/site\/wp-json\/wp\/v2\/media?parent=58442"}],"wp:term":[{"taxonomy":"category","embeddable":true,"href":"https:\/\/www.mormaii.com.br\/site\/wp-json\/wp\/v2\/categories?post=58442"},{"taxonomy":"post_tag","embeddable":true,"href":"https:\/\/www.mormaii.com.br\/site\/wp-json\/wp\/v2\/tags?post=58442"}],"curies":[{"name":"wp","href":"https:\/\/api.w.org\/{rel}","templated":true}]}}