{"id":58518,"date":"2022-08-15T16:58:14","date_gmt":"2022-08-15T19:58:14","guid":{"rendered":"https:\/\/www.mormaii.com.br\/site\/?p=58518"},"modified":"2022-08-30T09:39:21","modified_gmt":"2022-08-30T12:39:21","slug":"circuito-estadual-de-surf-pro-volta-ao-rio-grande-do-norte","status":"publish","type":"post","link":"https:\/\/www.mormaii.com.br\/site\/circuito-estadual-de-surf-pro-volta-ao-rio-grande-do-norte\/","title":{"rendered":"Circuito Estadual de Surf Pro volta ao Rio Grande do Norte"},"content":{"rendered":"<div id=\"attachment_58520\" style=\"width: 720px\" class=\"wp-caption alignnone\"><img loading=\"lazy\" decoding=\"async\" aria-describedby=\"caption-attachment-58520\" class=\"wp-image-58520 size-large\" src=\"https:\/\/www.mormaii.com.br\/site\/wp-content\/uploads\/2022\/08\/WhatsApp_Image_2022-08-10_at_11.19.49-731x1024.jpeg\" alt=\"Circuito Estadual de Surf Pro\" width=\"710\" height=\"995\" srcset=\"https:\/\/www.mormaii.com.br\/site\/wp-content\/uploads\/2022\/08\/WhatsApp_Image_2022-08-10_at_11.19.49-731x1024.jpeg 731w, https:\/\/www.mormaii.com.br\/site\/wp-content\/uploads\/2022\/08\/WhatsApp_Image_2022-08-10_at_11.19.49-214x300.jpeg 214w, https:\/\/www.mormaii.com.br\/site\/wp-content\/uploads\/2022\/08\/WhatsApp_Image_2022-08-10_at_11.19.49-768x1076.jpeg 768w, https:\/\/www.mormaii.com.br\/site\/wp-content\/uploads\/2022\/08\/WhatsApp_Image_2022-08-10_at_11.19.49.jpeg 871w\" sizes=\"(max-width: 710px) 100vw, 710px\" \/><p id=\"caption-attachment-58520\" class=\"wp-caption-text\">Circuito Estadual de Surf Pro<\/p><\/div>\n<p><span style=\"font-weight: 400;\">Celeiro do Surf, o Circuito Estadual de Surf Pro est\u00e1 de volta ao Rio Grande do Norte. Tradi\u00e7\u00e3o desde 1987, o evento teve grande import\u00e2ncia na forma\u00e7\u00e3o de campe\u00f5es nacionais e internacionais.\u00a0<\/span><\/p>\n<p><span style=\"font-weight: 400;\">Neste novo momento, com o apoio da Mormaii, o Circuito MORMAII PRO RN 2022 ser\u00e1 realizado em parceria com a Confedera\u00e7\u00e3o Brasileira de Surf e a Federa\u00e7\u00e3o de Surf do estado com 3 etapas.<\/span><\/p>\n<p><span style=\"font-weight: 400;\">Seguindo o calend\u00e1rio das melhores praias e ondas, as etapas foram definidas para acontecer de 19 agosto a 21 de agosto, na Praia de Miami, outubro em Ba\u00eda Formosa e dezembro, na Praia da Pipa.\u00a0<\/span><\/p>\n<p><span style=\"font-weight: 400;\">Os campeonatos v\u00e3o contar com atletas profissionais e amadores das regi\u00f5es Norte e Nordeste.<\/span><\/p>\n<h4><b>Inscri\u00e7\u00f5es abertas em 12 categoria<\/b><\/h4>\n<p><span style=\"font-weight: 400;\">PRO, OPEN, FEMININO, LONGBOARD, SUB 10, SUB 12, SUB 14, SUB 16, SUB 18, MASTER, KAHUNA e LEGEND s\u00e3o as categorias previstas para o Circuito MORMAII PRO RN 2022. As inscri\u00e7\u00f5es est\u00e3o abertas e devem ser feitas por meio de transfer\u00eancia PIX, atrav\u00e9s da chave <\/span><a href=\"mailto:saturninofns@yahoo.com.br\"><span style=\"font-weight: 400;\">saturninofns@yahoo.com.br<\/span><\/a><span style=\"font-weight: 400;\"> (Banco do Brasil).<\/span><\/p>\n<p><span style=\"font-weight: 400;\">O valor da inscri\u00e7\u00e3o \u00e9 de R$100,00 para a categoria AMADOR e de R$200,00 para a categoria PRO &#8211; AM. Ap\u00f3s o pagamento, os inscritos devem enviar o comprovante para o mesmo e-mail da chave PIX (<\/span><a href=\"mailto:saturninofns@yahoo.com.br\"><span style=\"font-weight: 400;\">saturninofns@yahoo.com.br<\/span><\/a><span style=\"font-weight: 400;\">) com a descri\u00e7\u00e3o do nome, categoria que ir\u00e1 participar e o n\u00famero de telefone para contato.<\/span><\/p>\n<p><span style=\"font-weight: 400;\">D\u00favidas sobre a inscri\u00e7\u00e3o e outras informa\u00e7\u00f5es, podem ser esclarecidas por telefone ou <\/span><a href=\"https:\/\/api.whatsapp.com\/send?phone=5584999964833\"><span style=\"font-weight: 400;\">WhatsApp<\/span><\/a><span style=\"font-weight: 400;\"> (84) 99996-4833.\u00a0<\/span><\/p>\n<h4><b>Premia\u00e7\u00e3o<\/b><\/h4>\n<p><span style=\"font-weight: 400;\">A premia\u00e7\u00e3o para a categoria profissional ser\u00e1 de 10 mil reais por etapa. J\u00e1 para a categoria amador, ser\u00e3o 12 pranchas e 48 kits com produtos diversos como \u00f3culos, rel\u00f3gios, mochilas, t\u00eanis e trof\u00e9us para as 12 categorias, do 1\u00ba ao 4\u00ba colocado.<\/span><\/p>\n<h4><strong>SURFEST\u00a0<\/strong><\/h4>\n<p><span style=\"font-weight: 400;\">Para marcar o lan\u00e7amento do Circuito Estadual, no dia 17 de agosto acontece o SURFEST. O evento ser\u00e1 realizado na Minnemann Surf Bar, que fica na praia de Ponta Negra, \u00e0 beira-mar, ao lado do Morro do Careca.\u00a0<\/span><\/p>\n<p><span style=\"font-weight: 400;\">O in\u00edcio est\u00e1 programado para \u00e0s 11h e segue at\u00e9 19h com algumas surpresas reservadas para os convidados, que al\u00e9m de curtir o som do DJ Mag\u00e3o, poder\u00e3o degustar o energ\u00e9tico Mormaii.\u00a0<\/span><\/p>\n<p><span style=\"font-weight: 400;\">Tamb\u00e9m poder\u00e3o participar da promo\u00e7\u00e3o da cerveja Praya em Dobro, na compra de uma cerveja, leva a outra gr\u00e1tis e ainda, interagir durante o encontro com os representantes da FESURF e da Mormaii, que estar\u00e3o apresentando o Circuito e suas novidades.<\/span><\/p>\n<h4><b>Acompanhe o evento ao vivo\u00a0<\/b><\/h4>\n<p><span style=\"font-weight: 400;\">Caso voc\u00ea n\u00e3o possa acompanhar o evento diretamente da Praia de Miami, poder\u00e1 assistir ao vivo pelo site <\/span><a href=\"https:\/\/surfbyte.com.br\/aovivo\/\"><span style=\"font-weight: 400;\">Surf Byte<\/span><\/a><span style=\"font-weight: 400;\">.<\/span><\/p>\n","protected":false},"excerpt":{"rendered":"<p>Celeiro do Surf, o Circuito Estadual de Surf Pro est\u00e1 de volta ao Rio Grande do Norte. Tradi\u00e7\u00e3o desde 1987, o evento teve grande import\u00e2ncia na forma\u00e7\u00e3o de campe\u00f5es nacionais e internacionais.\u00a0 Neste novo momento, com o apoio da Mormaii, o Circuito MORMAII PRO RN 2022 ser\u00e1 realizado em parceria com a Confedera\u00e7\u00e3o Brasileira de [&hellip;]<\/p>\n","protected":false},"author":12,"featured_media":58569,"comment_status":"closed","ping_status":"closed","sticky":false,"template":"","format":"standard","meta":{"_uag_custom_page_level_css":"","_mi_skip_tracking":false,"footnotes":""},"categories":[38,914],"tags":[],"class_list":["post-58518","post","type-post","status-publish","format-standard","has-post-thumbnail","hentry","category-eventos","category-mormaii"],"acf":[],"uagb_featured_image_src":{"full":["https:\/\/www.mormaii.com.br\/site\/wp-content\/uploads\/2022\/08\/Punta_de_lobos_Carlos_carpinelliphoto202208083618-scaled.jpeg",2560,1531,false],"thumbnail":["https:\/\/www.mormaii.com.br\/site\/wp-content\/uploads\/2022\/08\/Punta_de_lobos_Carlos_carpinelliphoto202208083618-150x150.jpeg",150,150,true],"medium":["https:\/\/www.mormaii.com.br\/site\/wp-content\/uploads\/2022\/08\/Punta_de_lobos_Carlos_carpinelliphoto202208083618-300x179.jpeg",300,179,true],"medium_large":["https:\/\/www.mormaii.com.br\/site\/wp-content\/uploads\/2022\/08\/Punta_de_lobos_Carlos_carpinelliphoto202208083618-768x459.jpeg",768,459,true],"large":["https:\/\/www.mormaii.com.br\/site\/wp-content\/uploads\/2022\/08\/Punta_de_lobos_Carlos_carpinelliphoto202208083618-1024x612.jpeg",1024,612,true],"1536x1536":["https:\/\/www.mormaii.com.br\/site\/wp-content\/uploads\/2022\/08\/Punta_de_lobos_Carlos_carpinelliphoto202208083618-1536x918.jpeg",1536,918,true],"2048x2048":["https:\/\/www.mormaii.com.br\/site\/wp-content\/uploads\/2022\/08\/Punta_de_lobos_Carlos_carpinelliphoto202208083618-2048x1225.jpeg",2048,1225,true],"qi_addons_for_elementor_image_size_square":["https:\/\/www.mormaii.com.br\/site\/wp-content\/uploads\/2022\/08\/Punta_de_lobos_Carlos_carpinelliphoto202208083618-650x650.jpeg",650,650,true],"qi_addons_for_elementor_image_size_landscape":["https:\/\/www.mormaii.com.br\/site\/wp-content\/uploads\/2022\/08\/Punta_de_lobos_Carlos_carpinelliphoto202208083618-1300x650.jpeg",1300,650,true],"qi_addons_for_elementor_image_size_portrait":["https:\/\/www.mormaii.com.br\/site\/wp-content\/uploads\/2022\/08\/Punta_de_lobos_Carlos_carpinelliphoto202208083618-650x1300.jpeg",650,1300,true],"qi_addons_for_elementor_image_size_huge-square":["https:\/\/www.mormaii.com.br\/site\/wp-content\/uploads\/2022\/08\/Punta_de_lobos_Carlos_carpinelliphoto202208083618-1300x1300.jpeg",1300,1300,true]},"uagb_author_info":{"display_name":"Edinei","author_link":"https:\/\/www.mormaii.com.br\/site\/author\/edinei\/"},"uagb_comment_info":0,"uagb_excerpt":"Celeiro do Surf, o Circuito Estadual de Surf Pro est\u00e1 de volta ao Rio Grande do Norte. Tradi\u00e7\u00e3o desde 1987, o evento teve grande import\u00e2ncia na forma\u00e7\u00e3o de campe\u00f5es nacionais e internacionais.\u00a0 Neste novo momento, com o apoio da Mormaii, o Circuito MORMAII PRO RN 2022 ser\u00e1 realizado em parceria com a Confedera\u00e7\u00e3o Brasileira de&hellip;","_links":{"self":[{"href":"https:\/\/www.mormaii.com.br\/site\/wp-json\/wp\/v2\/posts\/58518"}],"collection":[{"href":"https:\/\/www.mormaii.com.br\/site\/wp-json\/wp\/v2\/posts"}],"about":[{"href":"https:\/\/www.mormaii.com.br\/site\/wp-json\/wp\/v2\/types\/post"}],"author":[{"embeddable":true,"href":"https:\/\/www.mormaii.com.br\/site\/wp-json\/wp\/v2\/users\/12"}],"replies":[{"embeddable":true,"href":"https:\/\/www.mormaii.com.br\/site\/wp-json\/wp\/v2\/comments?post=58518"}],"version-history":[{"count":3,"href":"https:\/\/www.mormaii.com.br\/site\/wp-json\/wp\/v2\/posts\/58518\/revisions"}],"predecessor-version":[{"id":58570,"href":"https:\/\/www.mormaii.com.br\/site\/wp-json\/wp\/v2\/posts\/58518\/revisions\/58570"}],"wp:featuredmedia":[{"embeddable":true,"href":"https:\/\/www.mormaii.com.br\/site\/wp-json\/wp\/v2\/media\/58569"}],"wp:attachment":[{"href":"https:\/\/www.mormaii.com.br\/site\/wp-json\/wp\/v2\/media?parent=58518"}],"wp:term":[{"taxonomy":"category","embeddable":true,"href":"https:\/\/www.mormaii.com.br\/site\/wp-json\/wp\/v2\/categories?post=58518"},{"taxonomy":"post_tag","embeddable":true,"href":"https:\/\/www.mormaii.com.br\/site\/wp-json\/wp\/v2\/tags?post=58518"}],"curies":[{"name":"wp","href":"https:\/\/api.w.org\/{rel}","templated":true}]}}