{"id":58705,"date":"2022-12-28T16:02:09","date_gmt":"2022-12-28T19:02:09","guid":{"rendered":"https:\/\/www.mormaii.com.br\/site\/?p=58705"},"modified":"2022-12-08T16:37:03","modified_gmt":"2022-12-08T19:37:03","slug":"manifesto-mormaii-2023","status":"publish","type":"post","link":"https:\/\/www.mormaii.com.br\/site\/manifesto-mormaii-2023\/","title":{"rendered":"Manifesto Mormaii 2023: pedido de tempo"},"content":{"rendered":"<p><span style=\"font-weight: 400;\">Um manifesto \u00e9 um norte, um direcionamento que nos leva, juntos, a algum lugar em comum. Ap\u00f3s um ano intenso, de avan\u00e7os e conquistas, chegou a hora de recarregar as energias para o novo ciclo que se inicia. E o Manifesto Mormaii \u00e9 sobre isso, se conectar com o que realmente importa.<\/span><\/p>\n<p>&nbsp;<\/p>\n<h3><span style=\"font-weight: 400;\">Manifesto 2023: pedido de tempo<\/span><\/h3>\n<p><span style=\"font-weight: 400;\">Confira o v\u00eddeo completo:\u00a0<\/span><\/p>\n<p>&nbsp;<\/p>\n<p><iframe loading=\"lazy\" title=\"Manifesto Mormaii 2023 | Pedido de Tempo\" width=\"500\" height=\"281\" src=\"https:\/\/www.youtube.com\/embed\/WkX1VFxkXCw?feature=oembed\" frameborder=\"0\" allow=\"accelerometer; autoplay; clipboard-write; encrypted-media; gyroscope; picture-in-picture; web-share\" referrerpolicy=\"strict-origin-when-cross-origin\" allowfullscreen><\/iframe><\/p>\n<p>&nbsp;<\/p>\n<p><span style=\"font-weight: 400;\">Quantas vezes nos \u00faltimos dias voc\u00ea disse coisas como \u201cestou sem tempo\u201d, \u201cn\u00e3o tenho tempo\u201d? A impress\u00e3o que d\u00e1, \u00e9 que ele est\u00e1 passando cada vez mais r\u00e1pido, mais acelerado.<\/span><\/p>\n<p>&nbsp;<\/p>\n<p><span style=\"font-weight: 400;\">O Manifesto Mormaii para o pr\u00f3ximo ano \u00e9 justamente uma reflex\u00e3o sobre o bem mais valioso e escasso que possu\u00edmos: o tempo.<\/span><\/p>\n<p>&nbsp;<\/p>\n<p><span style=\"font-weight: 400;\">N\u00e3o \u00e9 s\u00f3 sobre quantidade de tempo, \u00e9 sobre a qualidade dele. \u00c9 sobre, de vez em quando, se desconectar do virtual, da tela do celular, e se conectar com o que realmente importa. Isso \u00e9 mais dif\u00edcil do que parece. Precisamos, no entanto, buscar o equil\u00edbrio.<\/span><\/p>\n<p>&nbsp;<\/p>\n<p><span style=\"font-weight: 400;\">Encontrar no \u00f3cio criativo tamb\u00e9m um local de import\u00e2ncia. Investir no que te faz bem, seja na pr\u00e1tica de um esporte, no contato com as pessoas ou com a natureza, com a areia e com o mar.<\/span><\/p>\n<p>&nbsp;<\/p>\n<p><span style=\"font-weight: 400;\">O descanso ou o momento de curtir n\u00e3o devem ser uma recompensa, mas parte do processo. Tempo \u00e9 para viver o agora.<\/span><\/p>\n<p>&nbsp;<\/p>\n<h3><span style=\"font-weight: 400;\">O ano para viver no presente<\/span><\/h3>\n<p>&nbsp;<\/p>\n<p><span style=\"font-weight: 400;\">Acreditamos que chegou o momento de se reconectar ao que realmente importa. Desacelerar um pouco a rotina acelerada, para buscar o que \u00e9 essencial a voc\u00ea.<\/span><\/p>\n<p><span style=\"font-weight: 400;\">Construir lembran\u00e7as e viver momentos que estar\u00e3o na mem\u00f3ria para sempre.<\/span><\/p>\n<p>&nbsp;<\/p>\n<p><span style=\"font-weight: 400;\">Em 2023, que tal inserir momentos de \u201cpausa\u201d no seu tempo?<\/span><\/p>\n","protected":false},"excerpt":{"rendered":"<p>Um manifesto \u00e9 um norte, um direcionamento que nos leva, juntos, a algum lugar em comum. Ap\u00f3s um ano intenso, de avan\u00e7os e conquistas, chegou a hora de recarregar as energias para o novo ciclo que se inicia. E o Manifesto Mormaii \u00e9 sobre isso, se conectar com o que realmente importa. &nbsp; Manifesto 2023: [&hellip;]<\/p>\n","protected":false},"author":12,"featured_media":58706,"comment_status":"closed","ping_status":"closed","sticky":false,"template":"","format":"standard","meta":{"_uag_custom_page_level_css":"","_mi_skip_tracking":false,"footnotes":""},"categories":[1,914],"tags":[],"class_list":["post-58705","post","type-post","status-publish","format-standard","has-post-thumbnail","hentry","category-historia","category-mormaii"],"acf":[],"uagb_featured_image_src":{"full":["https:\/\/www.mormaii.com.br\/site\/wp-content\/uploads\/2022\/12\/Imagem-Blog-Manifesto.png",2604,1562,false],"thumbnail":["https:\/\/www.mormaii.com.br\/site\/wp-content\/uploads\/2022\/12\/Imagem-Blog-Manifesto-150x150.png",150,150,true],"medium":["https:\/\/www.mormaii.com.br\/site\/wp-content\/uploads\/2022\/12\/Imagem-Blog-Manifesto-300x180.png",300,180,true],"medium_large":["https:\/\/www.mormaii.com.br\/site\/wp-content\/uploads\/2022\/12\/Imagem-Blog-Manifesto-768x461.png",768,461,true],"large":["https:\/\/www.mormaii.com.br\/site\/wp-content\/uploads\/2022\/12\/Imagem-Blog-Manifesto-1024x614.png",1024,614,true],"1536x1536":["https:\/\/www.mormaii.com.br\/site\/wp-content\/uploads\/2022\/12\/Imagem-Blog-Manifesto-1536x921.png",1536,921,true],"2048x2048":["https:\/\/www.mormaii.com.br\/site\/wp-content\/uploads\/2022\/12\/Imagem-Blog-Manifesto-2048x1228.png",2048,1228,true],"qi_addons_for_elementor_image_size_square":["https:\/\/www.mormaii.com.br\/site\/wp-content\/uploads\/2022\/12\/Imagem-Blog-Manifesto-650x650.png",650,650,true],"qi_addons_for_elementor_image_size_landscape":["https:\/\/www.mormaii.com.br\/site\/wp-content\/uploads\/2022\/12\/Imagem-Blog-Manifesto-1300x650.png",1300,650,true],"qi_addons_for_elementor_image_size_portrait":["https:\/\/www.mormaii.com.br\/site\/wp-content\/uploads\/2022\/12\/Imagem-Blog-Manifesto-650x1300.png",650,1300,true],"qi_addons_for_elementor_image_size_huge-square":["https:\/\/www.mormaii.com.br\/site\/wp-content\/uploads\/2022\/12\/Imagem-Blog-Manifesto-1300x1300.png",1300,1300,true]},"uagb_author_info":{"display_name":"Edinei","author_link":"https:\/\/www.mormaii.com.br\/site\/author\/edinei\/"},"uagb_comment_info":0,"uagb_excerpt":"Um manifesto \u00e9 um norte, um direcionamento que nos leva, juntos, a algum lugar em comum. Ap\u00f3s um ano intenso, de avan\u00e7os e conquistas, chegou a hora de recarregar as energias para o novo ciclo que se inicia. E o Manifesto Mormaii \u00e9 sobre isso, se conectar com o que realmente importa. &nbsp; Manifesto 2023:&hellip;","_links":{"self":[{"href":"https:\/\/www.mormaii.com.br\/site\/wp-json\/wp\/v2\/posts\/58705"}],"collection":[{"href":"https:\/\/www.mormaii.com.br\/site\/wp-json\/wp\/v2\/posts"}],"about":[{"href":"https:\/\/www.mormaii.com.br\/site\/wp-json\/wp\/v2\/types\/post"}],"author":[{"embeddable":true,"href":"https:\/\/www.mormaii.com.br\/site\/wp-json\/wp\/v2\/users\/12"}],"replies":[{"embeddable":true,"href":"https:\/\/www.mormaii.com.br\/site\/wp-json\/wp\/v2\/comments?post=58705"}],"version-history":[{"count":1,"href":"https:\/\/www.mormaii.com.br\/site\/wp-json\/wp\/v2\/posts\/58705\/revisions"}],"predecessor-version":[{"id":58707,"href":"https:\/\/www.mormaii.com.br\/site\/wp-json\/wp\/v2\/posts\/58705\/revisions\/58707"}],"wp:featuredmedia":[{"embeddable":true,"href":"https:\/\/www.mormaii.com.br\/site\/wp-json\/wp\/v2\/media\/58706"}],"wp:attachment":[{"href":"https:\/\/www.mormaii.com.br\/site\/wp-json\/wp\/v2\/media?parent=58705"}],"wp:term":[{"taxonomy":"category","embeddable":true,"href":"https:\/\/www.mormaii.com.br\/site\/wp-json\/wp\/v2\/categories?post=58705"},{"taxonomy":"post_tag","embeddable":true,"href":"https:\/\/www.mormaii.com.br\/site\/wp-json\/wp\/v2\/tags?post=58705"}],"curies":[{"name":"wp","href":"https:\/\/api.w.org\/{rel}","templated":true}]}}