{"id":58710,"date":"2022-12-20T16:12:37","date_gmt":"2022-12-20T19:12:37","guid":{"rendered":"https:\/\/www.mormaii.com.br\/site\/?p=58710"},"modified":"2022-12-08T16:33:24","modified_gmt":"2022-12-08T19:33:24","slug":"taina-hinckell-titulos-2022","status":"publish","type":"post","link":"https:\/\/www.mormaii.com.br\/site\/taina-hinckell-titulos-2022\/","title":{"rendered":"Tain\u00e1 Hinckel e sua cole\u00e7\u00e3o de t\u00edtulos conquistados em 2022"},"content":{"rendered":"<p><span style=\"font-weight: 400;\">Quem acompanha o universo do surf brasileiro provavelmente j\u00e1 ouviu este nome. A atleta de 19 anos conquistou, entre muitos feitos, o primeiro t\u00edtulo feminino da hist\u00f3ria do surf catarinense profissional em 2022. <\/span><a href=\"https:\/\/www.instagram.com\/tainahinckel\/\"><span style=\"font-weight: 400;\">Tain\u00e1 Hinckel<\/span><\/a><span style=\"font-weight: 400;\"> vem ganhando destaque no cen\u00e1rio do surf feminino mundial. Conhe\u00e7a mais sobre a trajet\u00f3ria e premia\u00e7\u00f5es da atleta neste conte\u00fado.<\/span><\/p>\n<p>&nbsp;<\/p>\n<h3><span style=\"font-weight: 400;\">Quem \u00e9 Tain\u00e1 Hinckel<\/span><\/h3>\n<p>&nbsp;<\/p>\n<p><span style=\"font-weight: 400;\">Moradora da Guarda do Emba\u00fa, Tain\u00e1 nasceu em Florian\u00f3polis e, desde a inf\u00e2ncia, teve contato com os esportes, chegando a ser campe\u00e3 catarinense de jud\u00f4.\u00a0 Em torno dos 11 anos, precisou optar entre o surf e os outros esportes.\u00a0<\/span><\/p>\n<p>&nbsp;<\/p>\n<p><span style=\"font-weight: 400;\">Filha de Carlos Kxot, ex-surfista profissional, foi incentivada a surfar desde os dois anos, e desde ent\u00e3o, encontrou sua voca\u00e7\u00e3o nas \u00e1guas. Desde pequena, a atleta vem competindo ao redor do mundo e acumulando t\u00edtulos. Em 2022, n\u00e3o foi diferente.<\/span><\/p>\n<p>&nbsp;<\/p>\n<h3><span style=\"font-weight: 400;\">T\u00edtulos conquistados em 2022<\/span><\/h3>\n<p>&nbsp;<\/p>\n<p><span style=\"font-weight: 400;\">Neste ano, a atleta conquistou o<\/span><a href=\"https:\/\/ge.globo.com\/sc\/surfe\/noticia\/2022\/04\/24\/taina-hinckel-e-santiago-muniz-vencem-etapa-sul-americana-de-surfe-da-wsl-em-garopaba.ghtml\"><span style=\"font-weight: 400;\"> t\u00edtulo feminino profissional da WSL<\/span><\/a><span style=\"font-weight: 400;\">. Mas n\u00e3o parou por a\u00ed: acumula coloca\u00e7\u00f5es incr\u00edveis em diversos eventos.<\/span><\/p>\n<p>&nbsp;<\/p>\n<p><span style=\"font-weight: 400;\">Confira as categorias e coloca\u00e7\u00f5es de cada disputa de Tain\u00e1:<\/span><\/p>\n<p>&nbsp;<\/p>\n<h3><span style=\"font-weight: 400;\">Eventos QS\/Pro da WSL<\/span><\/h3>\n<p>&nbsp;<\/p>\n<table style=\"height: 619px;\" width=\"744\">\n<tbody>\n<tr>\n<td><b>Data<\/b><\/td>\n<td><b>Evento<\/b><\/td>\n<td><b>Categoria<\/b><\/td>\n<td><b>Coloca\u00e7\u00e3o<\/b><\/td>\n<\/tr>\n<tr>\n<td><span style=\"font-weight: 400;\">13 a 16 de abril<\/span><\/td>\n<td><span style=\"font-weight: 400;\">Rip Curl Pro Argentina &#8211; Mar Del Plata, Argentina<\/span><\/td>\n<td><span style=\"font-weight: 400;\">WQS<\/span><\/td>\n<td><span style=\"font-weight: 400;\">5\u00aa<\/span><\/td>\n<\/tr>\n<tr>\n<td><span style=\"font-weight: 400;\">21 a 24 de abril<\/span><\/td>\n<td><span style=\"font-weight: 400;\">Circuito Banco do Brasil (WSL) 1\u00aa etapa Garopaba (SC)<\/span><\/td>\n<td><span style=\"font-weight: 400;\">WQS<\/span><\/td>\n<td><span style=\"font-weight: 400;\">1\u00aa<\/span><\/td>\n<\/tr>\n<tr>\n<td><span style=\"font-weight: 400;\">12 a 15 de maio<\/span><\/td>\n<td><span style=\"font-weight: 400;\">Circuito Banco do Brasil (WSL) 2\u00aa etapa Salvador (BA)<\/span><\/td>\n<td><span style=\"font-weight: 400;\">WQS<\/span><\/td>\n<td><span style=\"font-weight: 400;\">3\u00aa<\/span><\/td>\n<\/tr>\n<tr>\n<td><span style=\"font-weight: 400;\">17 a 22 de maio<\/span><\/td>\n<td><span style=\"font-weight: 400;\">Roxy Iquique Pro Junior, Iquique-Chile<\/span><\/td>\n<td><span style=\"font-weight: 400;\">Pro Junior WSL<\/span><\/td>\n<td><span style=\"font-weight: 400;\">2\u00aa<\/span><\/td>\n<\/tr>\n<tr>\n<td><span style=\"font-weight: 400;\">17 a 22 de maio<\/span><\/td>\n<td><span style=\"font-weight: 400;\">Roxy Iquique Pro, Iquique-Chile<\/span><\/td>\n<td><span style=\"font-weight: 400;\">WQS<\/span><\/td>\n<td><span style=\"font-weight: 400;\">9\u00aa<\/span><\/td>\n<\/tr>\n<tr>\n<td><span style=\"font-weight: 400;\">14 a 19 de junho<\/span><\/td>\n<td><span style=\"font-weight: 400;\">LayBack Pro Rio, Rio de Janeiro (RJ)<\/span><\/td>\n<td><span style=\"font-weight: 400;\">WQS<\/span><\/td>\n<td><span style=\"font-weight: 400;\">3\u00aa<\/span><\/td>\n<\/tr>\n<tr>\n<td><span style=\"font-weight: 400;\">17 a 23 de outubro<\/span><\/td>\n<td><span style=\"font-weight: 400;\">Saquarema Surf Festival Pro Junior, Rio de Janeiro (RJ)<\/span><\/td>\n<td><span style=\"font-weight: 400;\">Pro Junior WSL<\/span><\/td>\n<td><span style=\"font-weight: 400;\">2\u00aa<\/span><\/td>\n<\/tr>\n<tr>\n<td><span style=\"font-weight: 400;\">15 a 20 de novembro<\/span><\/td>\n<td><span style=\"font-weight: 400;\">Puntas Rocas Open PRO<\/span><\/td>\n<td><span style=\"font-weight: 400;\">WQS<\/span><\/td>\n<td><span style=\"font-weight: 400;\">3\u00aa<\/span><\/td>\n<\/tr>\n<tr>\n<td><span style=\"font-weight: 400;\">15 a 20 de novembro<\/span><\/td>\n<td><span style=\"font-weight: 400;\">Puntas Rocas Open Pro Junior<\/span><\/td>\n<td><span style=\"font-weight: 400;\">Pro Junior WSL<\/span><\/td>\n<td><span style=\"font-weight: 400;\">3\u00aa<\/span><\/td>\n<\/tr>\n<\/tbody>\n<\/table>\n<p>&nbsp;<\/p>\n<h3><span style=\"font-weight: 400;\">Confedera\u00e7\u00e3o Brasileira de Surf 2\u00aa DIVIS\u00c3O<\/span><\/h3>\n<p>&nbsp;<\/p>\n<table style=\"height: 155px;\" width=\"739\">\n<tbody>\n<tr>\n<td><span style=\"font-weight: 400;\">01 a 04 de setembro<\/span><\/td>\n<td><span style=\"font-weight: 400;\">Prainha &#8211; S\u00e3o Francisco (SC)<\/span><\/td>\n<td><span style=\"font-weight: 400;\">Profissional<\/span><\/td>\n<td><span style=\"font-weight: 400;\">1\u00aa<\/span><\/td>\n<\/tr>\n<tr>\n<td><span style=\"font-weight: 400;\">15 a 18 de setembro<\/span><\/td>\n<td><span style=\"font-weight: 400;\">Imbituba (SC)<\/span><\/td>\n<td><span style=\"font-weight: 400;\">Profissional<\/span><\/td>\n<td><span style=\"font-weight: 400;\">4\u00aa<\/span><\/td>\n<\/tr>\n<\/tbody>\n<\/table>\n<p>&nbsp;<\/p>\n<h3><span style=\"font-weight: 400;\">Circuito Catarinense Profissional 2022<\/span><\/h3>\n<p>&nbsp;<\/p>\n<table style=\"height: 275px;\" width=\"740\">\n<tbody>\n<tr>\n<td><span style=\"font-weight: 400;\">11 a 13 de mar\u00e7o<\/span><\/td>\n<td><span style=\"font-weight: 400;\">1\u00aa etapa Santinho\/Florian\u00f3polis (SC)<\/span><\/td>\n<td><span style=\"font-weight: 400;\">Profissional<\/span><\/td>\n<td><span style=\"font-weight: 400;\">1\u00aa<\/span><\/td>\n<\/tr>\n<tr>\n<td><span style=\"font-weight: 400;\">22 a 24 de julho<\/span><\/td>\n<td><span style=\"font-weight: 400;\">2\u00aa etapa Itaja\u00ed (SC)<\/span><\/td>\n<td><span style=\"font-weight: 400;\">Profissional<\/span><\/td>\n<td><span style=\"font-weight: 400;\">1\u00aa<\/span><\/td>\n<\/tr>\n<tr>\n<td><span style=\"font-weight: 400;\">01 a 04 de setembro<\/span><\/td>\n<td><span style=\"font-weight: 400;\">3\u00aa etapa Prainha &#8211; S\u00e3o Francisco (SC)<\/span><\/td>\n<td><span style=\"font-weight: 400;\">Profissional<\/span><\/td>\n<td><span style=\"font-weight: 400;\">1\u00aa<\/span><\/td>\n<\/tr>\n<tr>\n<td><span style=\"font-weight: 400;\">15 a 18 de setembro<\/span><\/td>\n<td><span style=\"font-weight: 400;\">4\u00aa etapa Imbituba (SC)<\/span><\/td>\n<td><span style=\"font-weight: 400;\">Profissional<\/span><\/td>\n<td><span style=\"font-weight: 400;\">4\u00aa<\/span><\/td>\n<\/tr>\n<\/tbody>\n<\/table>\n<p>&nbsp;<\/p>\n<p><span style=\"font-weight: 400;\">Ao vencer a primeira etapa do Circuito Catarinense Profissional, realizada no Santinho, em Florian\u00f3polis, a atleta se tornou a primeira campe\u00e3 Catarinense Profissional (2021). Tain\u00e1 tamb\u00e9m sagrou-se bicampe\u00e3 Catarinense Profissional 2022, por antecipa\u00e7\u00e3o, ap\u00f3s a etapa de Imbituba.<\/span><\/p>\n<h3><span style=\"font-weight: 400;\">Atleta \u00e9 aposta para o futuro feminino do surfe brasileiro<\/span><\/h3>\n<p>&nbsp;<\/p>\n<p><span style=\"font-weight: 400;\">Ap\u00f3s um intenso ano de eventos e conquistas, n\u00e3o \u00e9 \u00e0 toa que Tain\u00e1 \u00e9 uma aposta nacional para o esporte.<\/span><\/p>\n<p>&nbsp;<\/p>\n<p><span style=\"font-weight: 400;\">Com um sorriso estampado no rosto e muita velocidade nas ondas, a atleta segue seu sonho de tornar-se campe\u00e3 mundial de surfe profissional, somando viagens pelo mundo mostrando seu surf e representando o Brasil.\u00a0<\/span><\/p>\n","protected":false},"excerpt":{"rendered":"<p>Quem acompanha o universo do surf brasileiro provavelmente j\u00e1 ouviu este nome. A atleta de 19 anos conquistou, entre muitos feitos, o primeiro t\u00edtulo feminino da hist\u00f3ria do surf catarinense profissional em 2022. Tain\u00e1 Hinckel vem ganhando destaque no cen\u00e1rio do surf feminino mundial. Conhe\u00e7a mais sobre a trajet\u00f3ria e premia\u00e7\u00f5es da atleta neste conte\u00fado. [&hellip;]<\/p>\n","protected":false},"author":12,"featured_media":58711,"comment_status":"closed","ping_status":"closed","sticky":false,"template":"","format":"standard","meta":{"_uag_custom_page_level_css":"","_mi_skip_tracking":false,"footnotes":""},"categories":[914],"tags":[],"class_list":["post-58710","post","type-post","status-publish","format-standard","has-post-thumbnail","hentry","category-mormaii"],"acf":[],"uagb_featured_image_src":{"full":["https:\/\/www.mormaii.com.br\/site\/wp-content\/uploads\/2022\/12\/Taina_Hinckel_praia_da_guarda_15_01_2021E22A1418-scaled.jpg",2560,1707,false],"thumbnail":["https:\/\/www.mormaii.com.br\/site\/wp-content\/uploads\/2022\/12\/Taina_Hinckel_praia_da_guarda_15_01_2021E22A1418-150x150.jpg",150,150,true],"medium":["https:\/\/www.mormaii.com.br\/site\/wp-content\/uploads\/2022\/12\/Taina_Hinckel_praia_da_guarda_15_01_2021E22A1418-300x200.jpg",300,200,true],"medium_large":["https:\/\/www.mormaii.com.br\/site\/wp-content\/uploads\/2022\/12\/Taina_Hinckel_praia_da_guarda_15_01_2021E22A1418-768x512.jpg",768,512,true],"large":["https:\/\/www.mormaii.com.br\/site\/wp-content\/uploads\/2022\/12\/Taina_Hinckel_praia_da_guarda_15_01_2021E22A1418-1024x683.jpg",1024,683,true],"1536x1536":["https:\/\/www.mormaii.com.br\/site\/wp-content\/uploads\/2022\/12\/Taina_Hinckel_praia_da_guarda_15_01_2021E22A1418-1536x1024.jpg",1536,1024,true],"2048x2048":["https:\/\/www.mormaii.com.br\/site\/wp-content\/uploads\/2022\/12\/Taina_Hinckel_praia_da_guarda_15_01_2021E22A1418-2048x1365.jpg",2048,1365,true],"qi_addons_for_elementor_image_size_square":["https:\/\/www.mormaii.com.br\/site\/wp-content\/uploads\/2022\/12\/Taina_Hinckel_praia_da_guarda_15_01_2021E22A1418-650x650.jpg",650,650,true],"qi_addons_for_elementor_image_size_landscape":["https:\/\/www.mormaii.com.br\/site\/wp-content\/uploads\/2022\/12\/Taina_Hinckel_praia_da_guarda_15_01_2021E22A1418-1300x650.jpg",1300,650,true],"qi_addons_for_elementor_image_size_portrait":["https:\/\/www.mormaii.com.br\/site\/wp-content\/uploads\/2022\/12\/Taina_Hinckel_praia_da_guarda_15_01_2021E22A1418-650x1300.jpg",650,1300,true],"qi_addons_for_elementor_image_size_huge-square":["https:\/\/www.mormaii.com.br\/site\/wp-content\/uploads\/2022\/12\/Taina_Hinckel_praia_da_guarda_15_01_2021E22A1418-1300x1300.jpg",1300,1300,true]},"uagb_author_info":{"display_name":"Edinei","author_link":"https:\/\/www.mormaii.com.br\/site\/author\/edinei\/"},"uagb_comment_info":0,"uagb_excerpt":"Quem acompanha o universo do surf brasileiro provavelmente j\u00e1 ouviu este nome. A atleta de 19 anos conquistou, entre muitos feitos, o primeiro t\u00edtulo feminino da hist\u00f3ria do surf catarinense profissional em 2022. Tain\u00e1 Hinckel vem ganhando destaque no cen\u00e1rio do surf feminino mundial. Conhe\u00e7a mais sobre a trajet\u00f3ria e premia\u00e7\u00f5es da atleta neste conte\u00fado.&hellip;","_links":{"self":[{"href":"https:\/\/www.mormaii.com.br\/site\/wp-json\/wp\/v2\/posts\/58710"}],"collection":[{"href":"https:\/\/www.mormaii.com.br\/site\/wp-json\/wp\/v2\/posts"}],"about":[{"href":"https:\/\/www.mormaii.com.br\/site\/wp-json\/wp\/v2\/types\/post"}],"author":[{"embeddable":true,"href":"https:\/\/www.mormaii.com.br\/site\/wp-json\/wp\/v2\/users\/12"}],"replies":[{"embeddable":true,"href":"https:\/\/www.mormaii.com.br\/site\/wp-json\/wp\/v2\/comments?post=58710"}],"version-history":[{"count":1,"href":"https:\/\/www.mormaii.com.br\/site\/wp-json\/wp\/v2\/posts\/58710\/revisions"}],"predecessor-version":[{"id":58712,"href":"https:\/\/www.mormaii.com.br\/site\/wp-json\/wp\/v2\/posts\/58710\/revisions\/58712"}],"wp:featuredmedia":[{"embeddable":true,"href":"https:\/\/www.mormaii.com.br\/site\/wp-json\/wp\/v2\/media\/58711"}],"wp:attachment":[{"href":"https:\/\/www.mormaii.com.br\/site\/wp-json\/wp\/v2\/media?parent=58710"}],"wp:term":[{"taxonomy":"category","embeddable":true,"href":"https:\/\/www.mormaii.com.br\/site\/wp-json\/wp\/v2\/categories?post=58710"},{"taxonomy":"post_tag","embeddable":true,"href":"https:\/\/www.mormaii.com.br\/site\/wp-json\/wp\/v2\/tags?post=58710"}],"curies":[{"name":"wp","href":"https:\/\/api.w.org\/{rel}","templated":true}]}}