{"id":58752,"date":"2023-03-08T08:31:22","date_gmt":"2023-03-08T11:31:22","guid":{"rendered":"https:\/\/www.mormaii.com.br\/site\/?p=58752"},"modified":"2023-03-08T15:38:46","modified_gmt":"2023-03-08T18:38:46","slug":"inspire-se-conheca-as-atletas-mormaii","status":"publish","type":"post","link":"https:\/\/www.mormaii.com.br\/site\/inspire-se-conheca-as-atletas-mormaii\/","title":{"rendered":"Inspire-se! Conhe\u00e7a as atletas Mormaii."},"content":{"rendered":"<p><span style=\"font-weight: 400;\">Com nossas atletas da Fam\u00edlia Mormaii, aprendemos sobre lutar, acreditar, sonhar e lutar mais um pouquinho &#8211; todos os dias.\u00a0<\/span><\/p>\n<p><span style=\"font-weight: 400;\">\u00c9 com a ajuda delas que podemos inspirar e incentivar cada vez mais outras mulheres do esporte a conquistar o seu espa\u00e7o.<\/span><\/p>\n<p><img loading=\"lazy\" decoding=\"async\" class=\"alignnone wp-image-58753 size-full\" src=\"https:\/\/www.mormaii.com.br\/site\/wp-content\/uploads\/2023\/03\/m_dia_internacional_mulher_23_web_mormaii_shop_banner_home_topo_mobile_720x400px.png\" alt=\"dia da mulher mormaii\" width=\"720\" height=\"400\" srcset=\"https:\/\/www.mormaii.com.br\/site\/wp-content\/uploads\/2023\/03\/m_dia_internacional_mulher_23_web_mormaii_shop_banner_home_topo_mobile_720x400px.png 720w, https:\/\/www.mormaii.com.br\/site\/wp-content\/uploads\/2023\/03\/m_dia_internacional_mulher_23_web_mormaii_shop_banner_home_topo_mobile_720x400px-300x167.png 300w\" sizes=\"(max-width: 720px) 100vw, 720px\" \/><\/p>\n<p><span style=\"font-weight: 400;\">Em homenagem ao Dia Internacional da Mulher, preparamos uma mat\u00e9ria especial sobre as hist\u00f3rias das nossas atletas da Fam\u00edlia Mormaii. Vem conhecer!<\/span><\/p>\n<h4><strong>Conhe\u00e7a as mulheres que nos inspiram diariamente<\/strong><\/h4>\n<h4><b>Betina Lorscheitter<br \/>\n<\/b><a href=\"https:\/\/www.instagram.com\/betinalorscheitter\" target=\"_blank\" rel=\"noopener\">@betinalorscheitter<\/a><\/h4>\n<h4><b>\u00a0<img loading=\"lazy\" decoding=\"async\" class=\"alignnone size-medium wp-image-58768\" src=\"https:\/\/www.mormaii.com.br\/site\/wp-content\/uploads\/2023\/03\/Betina-1-300x240.jpg\" alt=\"Betina Lorscheitter\" width=\"300\" height=\"240\" srcset=\"https:\/\/www.mormaii.com.br\/site\/wp-content\/uploads\/2023\/03\/Betina-1-300x240.jpg 300w, https:\/\/www.mormaii.com.br\/site\/wp-content\/uploads\/2023\/03\/Betina-1.jpg 574w\" sizes=\"(max-width: 300px) 100vw, 300px\" \/><\/b><\/h4>\n<h5><span style=\"font-weight: 400;\">Nadadora, recordista do Guinness World Records<\/span><\/h5>\n<p><span style=\"font-weight: 400;\">Representante do Brasil em competi\u00e7\u00f5es internacionais, j\u00e1 conquistou in\u00fameras medalhas para o pa\u00eds, se firmando como uma das principais atletas de nata\u00e7\u00e3o do Brasil.<\/span><\/p>\n<h4><b>Luara Mandelli<br \/>\n<a href=\"https:\/\/www.instagram.com\/luaramandelli\/\" target=\"_blank\" rel=\"noopener\">@luaramandelli<\/a><br \/>\n<\/b><\/h4>\n<h5><b><img loading=\"lazy\" decoding=\"async\" class=\"alignnone size-medium wp-image-58766\" src=\"https:\/\/www.mormaii.com.br\/site\/wp-content\/uploads\/2023\/03\/Luara-300x240.jpg\" alt=\"luara mandelli\" width=\"300\" height=\"240\" srcset=\"https:\/\/www.mormaii.com.br\/site\/wp-content\/uploads\/2023\/03\/Luara-300x240.jpg 300w, https:\/\/www.mormaii.com.br\/site\/wp-content\/uploads\/2023\/03\/Luara-1024x819.jpg 1024w, https:\/\/www.mormaii.com.br\/site\/wp-content\/uploads\/2023\/03\/Luara-768x614.jpg 768w, https:\/\/www.mormaii.com.br\/site\/wp-content\/uploads\/2023\/03\/Luara-1536x1229.jpg 1536w, https:\/\/www.mormaii.com.br\/site\/wp-content\/uploads\/2023\/03\/Luara-2048x1638.jpg 2048w\" sizes=\"(max-width: 300px) 100vw, 300px\" \/><\/b><\/h5>\n<h5>Surfista, atual Campe\u00e3 Brasileira sub 14<\/h5>\n<p><span style=\"font-weight: 400;\">Uma das maiores promessas do surf brasileiro, \u00e9 nascida e criada no litoral paranaense, em Matinhos. Aos 14 anos, j\u00e1 chama aten\u00e7\u00e3o gra\u00e7as \u00e0 habilidade em cima da prancha.<\/span><\/p>\n<p><span style=\"font-weight: 400;\">Dentro de casa, sempre teve suas principais fontes de motiva\u00e7\u00e3o e inspira\u00e7\u00e3o. Filha de pais surfistas, a jovem cresceu no ambiente de competi\u00e7\u00f5es.\u00a0<\/span><\/p>\n<h4><b>Maya Carpinelli<br \/>\n<a href=\"https:\/\/www.instagram.com\/maya_carpinelli\/\" target=\"_blank\" rel=\"noopener\">@maya_carpinelli<\/a><\/b><\/h4>\n<p><img loading=\"lazy\" decoding=\"async\" class=\"alignnone size-medium wp-image-58765\" src=\"https:\/\/www.mormaii.com.br\/site\/wp-content\/uploads\/2023\/03\/E22A0745-300x240.jpg\" alt=\"maya carpinelli\" width=\"300\" height=\"240\" srcset=\"https:\/\/www.mormaii.com.br\/site\/wp-content\/uploads\/2023\/03\/E22A0745-300x240.jpg 300w, https:\/\/www.mormaii.com.br\/site\/wp-content\/uploads\/2023\/03\/E22A0745-1024x819.jpg 1024w, https:\/\/www.mormaii.com.br\/site\/wp-content\/uploads\/2023\/03\/E22A0745-768x614.jpg 768w, https:\/\/www.mormaii.com.br\/site\/wp-content\/uploads\/2023\/03\/E22A0745-1536x1229.jpg 1536w, https:\/\/www.mormaii.com.br\/site\/wp-content\/uploads\/2023\/03\/E22A0745-2048x1639.jpg 2048w\" sizes=\"(max-width: 300px) 100vw, 300px\" \/><\/p>\n<h5><b>Surfista, <\/b><span style=\"font-weight: 400;\">bicampe\u00e3 Catarinense de Surf<\/span><\/h5>\n<p><span style=\"font-weight: 400;\">Maya Carpinelli \u00e9 nascida e criada na Praia do Silveira,\u00a0 uma leg\u00edtima representante do surf de Garopaba.<\/span><\/p>\n<p><span style=\"font-weight: 400;\">Filha de artistas, Maya desenha nas ondas linhas parecidas com as que seu pai executa nas suas obras, um toque de classe e talento ao surf feminino da nova gera\u00e7\u00e3o.<\/span><\/p>\n<h4><b>Samantha Barijan<br \/>\n<a href=\"https:\/\/www.instagram.com\/samanthabarijan\/\" target=\"_blank\" rel=\"noopener\">@samanthabarijan<\/a><br \/>\n<\/b><\/h4>\n<h5><img loading=\"lazy\" decoding=\"async\" class=\"alignnone size-medium wp-image-58764\" src=\"https:\/\/www.mormaii.com.br\/site\/wp-content\/uploads\/2023\/03\/Samantha-01-300x240.jpg\" alt=\"samantha barijan\" width=\"300\" height=\"240\" srcset=\"https:\/\/www.mormaii.com.br\/site\/wp-content\/uploads\/2023\/03\/Samantha-01-300x240.jpg 300w, https:\/\/www.mormaii.com.br\/site\/wp-content\/uploads\/2023\/03\/Samantha-01-768x615.jpg 768w, https:\/\/www.mormaii.com.br\/site\/wp-content\/uploads\/2023\/03\/Samantha-01.jpg 962w\" sizes=\"(max-width: 300px) 100vw, 300px\" \/><\/h5>\n<h5><b>Atleta de Beach Tennis, <\/b><span style=\"font-weight: 400;\">\u00a01\u00aa Brasileira N\u00famero #1 do Mundo ITF<\/span><\/h5>\n<p><span style=\"font-weight: 400;\">Campe\u00e3 Mundial e Tricampe\u00e3 Pan-americana. Um dos principais destaques do Brasil, seu prop\u00f3sito \u00e9 levar o beach tennis como estilo de vida para as pessoas, deixando seu legado no esporte.<\/span><\/p>\n<h4><b>Tain\u00e1 Hinckel<br \/>\n<a href=\"https:\/\/www.instagram.com\/tainahinckel\/\" target=\"_blank\" rel=\"noopener\">@tainahinckel<\/a><br \/>\n<\/b><\/h4>\n<h5><img loading=\"lazy\" decoding=\"async\" class=\"alignnone size-medium wp-image-58763\" src=\"https:\/\/www.mormaii.com.br\/site\/wp-content\/uploads\/2023\/03\/Taina-Hinckel-300x240.jpg\" alt=\"taina hinckel\" width=\"300\" height=\"240\" srcset=\"https:\/\/www.mormaii.com.br\/site\/wp-content\/uploads\/2023\/03\/Taina-Hinckel-300x240.jpg 300w, https:\/\/www.mormaii.com.br\/site\/wp-content\/uploads\/2023\/03\/Taina-Hinckel-1024x819.jpg 1024w, https:\/\/www.mormaii.com.br\/site\/wp-content\/uploads\/2023\/03\/Taina-Hinckel-768x614.jpg 768w, https:\/\/www.mormaii.com.br\/site\/wp-content\/uploads\/2023\/03\/Taina-Hinckel-1536x1229.jpg 1536w, https:\/\/www.mormaii.com.br\/site\/wp-content\/uploads\/2023\/03\/Taina-Hinckel-2048x1639.jpg 2048w\" sizes=\"(max-width: 300px) 100vw, 300px\" \/><\/h5>\n<h5><b>Surfista, <\/b><span style=\"font-weight: 400;\">bicampe\u00e3 Sul-Americana Pro Jr.\u00a0<\/span><\/h5>\n<p><span style=\"font-weight: 400;\">Local da Guarda do Emba\u00fa (SC) vem ganhando destaque no cen\u00e1rio do surf feminino mundial.\u00a0<\/span><\/p>\n<p><span style=\"font-weight: 400;\">Filha de Carlos Kxot, ex-surfista profissional, foi incentivada a surfar desde os dois anos, e desde ent\u00e3o, encontrou sua voca\u00e7\u00e3o nas \u00e1guas. Desde pequena, a atleta vem competindo ao redor do mundo e acumulando t\u00edtulos.<\/span><\/p>\n<h4><b>Vitoria Marchezini<br \/>\n<\/b><strong><a href=\"https:\/\/www.instagram.com\/vitoriamarchezini\/\" target=\"_blank\" rel=\"noopener\">@vitoriamarchezini<\/a><\/strong><b><br \/>\n<\/b><\/h4>\n<h5><img loading=\"lazy\" decoding=\"async\" class=\"alignnone size-medium wp-image-58767\" src=\"https:\/\/www.mormaii.com.br\/site\/wp-content\/uploads\/2023\/03\/Vitoria-02-300x240.jpg\" alt=\"vitoria marchezini\" width=\"300\" height=\"240\" srcset=\"https:\/\/www.mormaii.com.br\/site\/wp-content\/uploads\/2023\/03\/Vitoria-02-300x240.jpg 300w, https:\/\/www.mormaii.com.br\/site\/wp-content\/uploads\/2023\/03\/Vitoria-02-1024x819.jpg 1024w, https:\/\/www.mormaii.com.br\/site\/wp-content\/uploads\/2023\/03\/Vitoria-02-768x614.jpg 768w, https:\/\/www.mormaii.com.br\/site\/wp-content\/uploads\/2023\/03\/Vitoria-02.jpg 1080w\" sizes=\"(max-width: 300px) 100vw, 300px\" \/><\/h5>\n<h5><b>Atleta de Beach Tennis, <\/b><span style=\"font-weight: 400;\">n\u00famero 1 no ranking mundial juvenil de Beach Tennis da ITF<\/span><\/h5>\n<p><span style=\"font-weight: 400;\">Vit\u00f3ria se destaca pelo seu n\u00edvel de jogo e maturidade dentro de quadra. Com apenas 17 anos, a paranaense est\u00e1 entre as 10 melhores do Mundo no ranking ITF. Em 2022 tornou-se Bi Campe\u00e3 Mundial Juvenil e jogou no time profissional brasileiro na Copa do Mundo, onde conquistou o vice campeonato.\u00a0<\/span><\/p>\n<p><span style=\"font-weight: 400;\">&#8211;<\/span><\/p>\n<p><span style=\"font-weight: 400;\">\u00c9 nossa honra ter mulheres incr\u00edveis representando a maior marca de esportes livres do Brasil e \u00e9 nosso orgulho contar as suas hist\u00f3rias.<\/span><\/p>\n<h5><strong>A grandeza de uma mulher inspira conquistas cada vez maiores.<\/strong><\/h5>\n","protected":false},"excerpt":{"rendered":"<p>Com nossas atletas da Fam\u00edlia Mormaii, aprendemos sobre lutar, acreditar, sonhar e lutar mais um pouquinho &#8211; todos os dias.\u00a0 \u00c9 com a ajuda delas que podemos inspirar e incentivar cada vez mais outras mulheres do esporte a conquistar o seu espa\u00e7o. Em homenagem ao Dia Internacional da Mulher, preparamos uma mat\u00e9ria especial sobre as [&hellip;]<\/p>\n","protected":false},"author":13,"featured_media":58753,"comment_status":"closed","ping_status":"closed","sticky":false,"template":"","format":"standard","meta":{"_uag_custom_page_level_css":"","_mi_skip_tracking":false,"footnotes":""},"categories":[36,1,914],"tags":[],"class_list":["post-58752","post","type-post","status-publish","format-standard","has-post-thumbnail","hentry","category-atletas","category-historia","category-mormaii"],"acf":[],"uagb_featured_image_src":{"full":["https:\/\/www.mormaii.com.br\/site\/wp-content\/uploads\/2023\/03\/m_dia_internacional_mulher_23_web_mormaii_shop_banner_home_topo_mobile_720x400px.png",720,400,false],"thumbnail":["https:\/\/www.mormaii.com.br\/site\/wp-content\/uploads\/2023\/03\/m_dia_internacional_mulher_23_web_mormaii_shop_banner_home_topo_mobile_720x400px-150x150.png",150,150,true],"medium":["https:\/\/www.mormaii.com.br\/site\/wp-content\/uploads\/2023\/03\/m_dia_internacional_mulher_23_web_mormaii_shop_banner_home_topo_mobile_720x400px-300x167.png",300,167,true],"medium_large":["https:\/\/www.mormaii.com.br\/site\/wp-content\/uploads\/2023\/03\/m_dia_internacional_mulher_23_web_mormaii_shop_banner_home_topo_mobile_720x400px.png",720,400,false],"large":["https:\/\/www.mormaii.com.br\/site\/wp-content\/uploads\/2023\/03\/m_dia_internacional_mulher_23_web_mormaii_shop_banner_home_topo_mobile_720x400px.png",720,400,false],"1536x1536":["https:\/\/www.mormaii.com.br\/site\/wp-content\/uploads\/2023\/03\/m_dia_internacional_mulher_23_web_mormaii_shop_banner_home_topo_mobile_720x400px.png",720,400,false],"2048x2048":["https:\/\/www.mormaii.com.br\/site\/wp-content\/uploads\/2023\/03\/m_dia_internacional_mulher_23_web_mormaii_shop_banner_home_topo_mobile_720x400px.png",720,400,false],"qi_addons_for_elementor_image_size_square":["https:\/\/www.mormaii.com.br\/site\/wp-content\/uploads\/2023\/03\/m_dia_internacional_mulher_23_web_mormaii_shop_banner_home_topo_mobile_720x400px-650x400.png",650,400,true],"qi_addons_for_elementor_image_size_landscape":["https:\/\/www.mormaii.com.br\/site\/wp-content\/uploads\/2023\/03\/m_dia_internacional_mulher_23_web_mormaii_shop_banner_home_topo_mobile_720x400px.png",720,400,false],"qi_addons_for_elementor_image_size_portrait":["https:\/\/www.mormaii.com.br\/site\/wp-content\/uploads\/2023\/03\/m_dia_internacional_mulher_23_web_mormaii_shop_banner_home_topo_mobile_720x400px-650x400.png",650,400,true],"qi_addons_for_elementor_image_size_huge-square":["https:\/\/www.mormaii.com.br\/site\/wp-content\/uploads\/2023\/03\/m_dia_internacional_mulher_23_web_mormaii_shop_banner_home_topo_mobile_720x400px.png",720,400,false]},"uagb_author_info":{"display_name":"Fam\u00edlia Mormaii","author_link":"https:\/\/www.mormaii.com.br\/site\/author\/maira\/"},"uagb_comment_info":0,"uagb_excerpt":"Com nossas atletas da Fam\u00edlia Mormaii, aprendemos sobre lutar, acreditar, sonhar e lutar mais um pouquinho &#8211; todos os dias.\u00a0 \u00c9 com a ajuda delas que podemos inspirar e incentivar cada vez mais outras mulheres do esporte a conquistar o seu espa\u00e7o. Em homenagem ao Dia Internacional da Mulher, preparamos uma mat\u00e9ria especial sobre as&hellip;","_links":{"self":[{"href":"https:\/\/www.mormaii.com.br\/site\/wp-json\/wp\/v2\/posts\/58752"}],"collection":[{"href":"https:\/\/www.mormaii.com.br\/site\/wp-json\/wp\/v2\/posts"}],"about":[{"href":"https:\/\/www.mormaii.com.br\/site\/wp-json\/wp\/v2\/types\/post"}],"author":[{"embeddable":true,"href":"https:\/\/www.mormaii.com.br\/site\/wp-json\/wp\/v2\/users\/13"}],"replies":[{"embeddable":true,"href":"https:\/\/www.mormaii.com.br\/site\/wp-json\/wp\/v2\/comments?post=58752"}],"version-history":[{"count":11,"href":"https:\/\/www.mormaii.com.br\/site\/wp-json\/wp\/v2\/posts\/58752\/revisions"}],"predecessor-version":[{"id":58772,"href":"https:\/\/www.mormaii.com.br\/site\/wp-json\/wp\/v2\/posts\/58752\/revisions\/58772"}],"wp:featuredmedia":[{"embeddable":true,"href":"https:\/\/www.mormaii.com.br\/site\/wp-json\/wp\/v2\/media\/58753"}],"wp:attachment":[{"href":"https:\/\/www.mormaii.com.br\/site\/wp-json\/wp\/v2\/media?parent=58752"}],"wp:term":[{"taxonomy":"category","embeddable":true,"href":"https:\/\/www.mormaii.com.br\/site\/wp-json\/wp\/v2\/categories?post=58752"},{"taxonomy":"post_tag","embeddable":true,"href":"https:\/\/www.mormaii.com.br\/site\/wp-json\/wp\/v2\/tags?post=58752"}],"curies":[{"name":"wp","href":"https:\/\/api.w.org\/{rel}","templated":true}]}}