{"id":59067,"date":"2023-07-17T12:07:07","date_gmt":"2023-07-17T15:07:07","guid":{"rendered":"https:\/\/www.mormaii.com.br\/site\/?p=59067"},"modified":"2024-05-31T15:56:21","modified_gmt":"2024-05-31T18:56:21","slug":"time-brasil-desfila-com-uniformes-da-mormaii-na-cerimonia-de-abertura-de-santa-marta-2023","status":"publish","type":"post","link":"https:\/\/www.mormaii.com.br\/site\/time-brasil-desfila-com-uniformes-da-mormaii-na-cerimonia-de-abertura-de-santa-marta-2023\/","title":{"rendered":"Time Brasil desfila com uniformes da Mormaii na Cerim\u00f4nia de Abertura de Santa Marta 2023"},"content":{"rendered":"<p>Os Jogos Sul-americanos de Praia Santa Marta 2023 est\u00e3o oficialmente inaugurados. A Cerim\u00f4nia de Abertura do evento foi realizada na noite desta sexta-feira (14) no Complexo Multidesportivo El Rodadero, que re\u00fane a maior parte das competi\u00e7\u00f5es. A delega\u00e7\u00e3o do Time Brasil <strong>desfilou pela primeira vez em uma Miss\u00e3o com uniformes da Mormaii.\u00a0<\/strong><\/p>\n<p>Trinta e cinco dos 61 atletas que representar\u00e3o o Brasil em Santa Marta estiveram presentes. As equipes de beach handball e beach tennis, esportes de Renata e Andr\u00e9, prestigiaram o evento em peso. <strong>Todos usaram o look desenvolvido pela Mormaii, nova patrocinadora do Comit\u00ea Ol\u00edmpico do Brasil<\/strong>, especialmente para as Miss\u00f5es de Praia deste ciclo.<\/p>\n<div id=\"attachment_59069\" style=\"width: 310px\" class=\"wp-caption alignnone\"><img loading=\"lazy\" decoding=\"async\" aria-describedby=\"caption-attachment-59069\" class=\"size-medium wp-image-59069\" src=\"https:\/\/www.mormaii.com.br\/site\/wp-content\/uploads\/2023\/07\/download-1-300x200.jpeg\" alt=\"mormaii uniforme time brasil\" width=\"300\" height=\"200\" srcset=\"https:\/\/www.mormaii.com.br\/site\/wp-content\/uploads\/2023\/07\/download-1-300x200.jpeg 300w, https:\/\/www.mormaii.com.br\/site\/wp-content\/uploads\/2023\/07\/download-1-1024x682.jpeg 1024w, https:\/\/www.mormaii.com.br\/site\/wp-content\/uploads\/2023\/07\/download-1-768x512.jpeg 768w, https:\/\/www.mormaii.com.br\/site\/wp-content\/uploads\/2023\/07\/download-1-1536x1023.jpeg 1536w, https:\/\/www.mormaii.com.br\/site\/wp-content\/uploads\/2023\/07\/download-1-1170x780.jpeg 1170w, https:\/\/www.mormaii.com.br\/site\/wp-content\/uploads\/2023\/07\/download-1.jpeg 1600w\" sizes=\"(max-width: 300px) 100vw, 300px\" \/><p id=\"caption-attachment-59069\" class=\"wp-caption-text\">A pira ol\u00edmpica dos Jogos Sul-americanos Santa Marta 2023. Foto: William Lucas\/COB.<\/p><\/div>\n<p>O pa\u00eds estar\u00e1 representado nas \u00e1guas abertas, no beach handball, no esqui aqu\u00e1tico (slalom e wakeboard), no beach soccer, no beach wrestling, no remo costal, no skateboarding, no surf (shortboard e SUP), no beach tennis e no triathlon.<\/p>\n<p><span style=\"font-weight: 500;\">A<strong style=\"font-weight: 500;\"> atleta Mormaii Vitoria Marchezini est\u00e1 entre os atletas convocados para representar o Brasil no Beach Tennis<\/strong>. Incr\u00edvel, n\u00e9?<\/span><\/p>\n<div id=\"attachment_59070\" style=\"width: 310px\" class=\"wp-caption alignnone\"><img loading=\"lazy\" decoding=\"async\" aria-describedby=\"caption-attachment-59070\" class=\"size-medium wp-image-59070\" src=\"https:\/\/www.mormaii.com.br\/site\/wp-content\/uploads\/2023\/07\/Co\u0301pia-de-Vitoria-Marquezine-barrinha-06-06-2023-202307051903-300x200.jpg\" alt=\"Vitoria Marchezini - Atleta Mormaii de Beach Tennis\" width=\"300\" height=\"200\" srcset=\"https:\/\/www.mormaii.com.br\/site\/wp-content\/uploads\/2023\/07\/Co\u0301pia-de-Vitoria-Marquezine-barrinha-06-06-2023-202307051903-300x200.jpg 300w, https:\/\/www.mormaii.com.br\/site\/wp-content\/uploads\/2023\/07\/Co\u0301pia-de-Vitoria-Marquezine-barrinha-06-06-2023-202307051903-1024x683.jpg 1024w, https:\/\/www.mormaii.com.br\/site\/wp-content\/uploads\/2023\/07\/Co\u0301pia-de-Vitoria-Marquezine-barrinha-06-06-2023-202307051903-768x512.jpg 768w, https:\/\/www.mormaii.com.br\/site\/wp-content\/uploads\/2023\/07\/Co\u0301pia-de-Vitoria-Marquezine-barrinha-06-06-2023-202307051903-1536x1024.jpg 1536w, https:\/\/www.mormaii.com.br\/site\/wp-content\/uploads\/2023\/07\/Co\u0301pia-de-Vitoria-Marquezine-barrinha-06-06-2023-202307051903-2048x1365.jpg 2048w, https:\/\/www.mormaii.com.br\/site\/wp-content\/uploads\/2023\/07\/Co\u0301pia-de-Vitoria-Marquezine-barrinha-06-06-2023-202307051903-1170x780.jpg 1170w\" sizes=\"(max-width: 300px) 100vw, 300px\" \/><p id=\"caption-attachment-59070\" class=\"wp-caption-text\">Vitoria Marchezini &#8211; Atleta Mormaii de Beach Tennis<\/p><\/div>\n<p>Os Jogos Sul-americanos de Praia Santa Marta 2023 ser\u00e3o realizados de 14 a 21 de julho. O COB ter\u00e1 24 mulheres e 37 homens competindo em 10 dos 14 esportes do programa de competi\u00e7\u00f5es.<\/p>\n","protected":false},"excerpt":{"rendered":"<p>Os Jogos Sul-americanos de Praia Santa Marta 2023 est\u00e3o oficialmente inaugurados. A Cerim\u00f4nia de Abertura do evento foi realizada na noite desta sexta-feira (14) no Complexo Multidesportivo El Rodadero, que re\u00fane a maior parte das competi\u00e7\u00f5es. A delega\u00e7\u00e3o do Time Brasil desfilou pela primeira vez em uma Miss\u00e3o com uniformes da Mormaii.\u00a0 Trinta e cinco [&hellip;]<\/p>\n","protected":false},"author":13,"featured_media":59068,"comment_status":"closed","ping_status":"closed","sticky":false,"template":"","format":"standard","meta":{"_uag_custom_page_level_css":"","_mi_skip_tracking":false,"footnotes":""},"categories":[923,40,38,941],"tags":[],"class_list":["post-59067","post","type-post","status-publish","format-standard","has-post-thumbnail","hentry","category-beach-tennis","category-esportes","category-eventos","category-time-brasil"],"acf":[],"uagb_featured_image_src":{"full":["https:\/\/www.mormaii.com.br\/site\/wp-content\/uploads\/2023\/07\/download.jpeg",1200,800,false],"thumbnail":["https:\/\/www.mormaii.com.br\/site\/wp-content\/uploads\/2023\/07\/download-150x150.jpeg",150,150,true],"medium":["https:\/\/www.mormaii.com.br\/site\/wp-content\/uploads\/2023\/07\/download-300x200.jpeg",300,200,true],"medium_large":["https:\/\/www.mormaii.com.br\/site\/wp-content\/uploads\/2023\/07\/download-768x512.jpeg",768,512,true],"large":["https:\/\/www.mormaii.com.br\/site\/wp-content\/uploads\/2023\/07\/download-1024x683.jpeg",1024,683,true],"1536x1536":["https:\/\/www.mormaii.com.br\/site\/wp-content\/uploads\/2023\/07\/download.jpeg",1200,800,false],"2048x2048":["https:\/\/www.mormaii.com.br\/site\/wp-content\/uploads\/2023\/07\/download.jpeg",1200,800,false],"qi_addons_for_elementor_image_size_square":["https:\/\/www.mormaii.com.br\/site\/wp-content\/uploads\/2023\/07\/download-650x650.jpeg",650,650,true],"qi_addons_for_elementor_image_size_landscape":["https:\/\/www.mormaii.com.br\/site\/wp-content\/uploads\/2023\/07\/download-1200x650.jpeg",1200,650,true],"qi_addons_for_elementor_image_size_portrait":["https:\/\/www.mormaii.com.br\/site\/wp-content\/uploads\/2023\/07\/download-650x800.jpeg",650,800,true],"qi_addons_for_elementor_image_size_huge-square":["https:\/\/www.mormaii.com.br\/site\/wp-content\/uploads\/2023\/07\/download.jpeg",1200,800,false]},"uagb_author_info":{"display_name":"Fam\u00edlia Mormaii","author_link":"https:\/\/www.mormaii.com.br\/site\/author\/maira\/"},"uagb_comment_info":0,"uagb_excerpt":"Os Jogos Sul-americanos de Praia Santa Marta 2023 est\u00e3o oficialmente inaugurados. A Cerim\u00f4nia de Abertura do evento foi realizada na noite desta sexta-feira (14) no Complexo Multidesportivo El Rodadero, que re\u00fane a maior parte das competi\u00e7\u00f5es. A delega\u00e7\u00e3o do Time Brasil desfilou pela primeira vez em uma Miss\u00e3o com uniformes da Mormaii.\u00a0 Trinta e cinco&hellip;","_links":{"self":[{"href":"https:\/\/www.mormaii.com.br\/site\/wp-json\/wp\/v2\/posts\/59067"}],"collection":[{"href":"https:\/\/www.mormaii.com.br\/site\/wp-json\/wp\/v2\/posts"}],"about":[{"href":"https:\/\/www.mormaii.com.br\/site\/wp-json\/wp\/v2\/types\/post"}],"author":[{"embeddable":true,"href":"https:\/\/www.mormaii.com.br\/site\/wp-json\/wp\/v2\/users\/13"}],"replies":[{"embeddable":true,"href":"https:\/\/www.mormaii.com.br\/site\/wp-json\/wp\/v2\/comments?post=59067"}],"version-history":[{"count":1,"href":"https:\/\/www.mormaii.com.br\/site\/wp-json\/wp\/v2\/posts\/59067\/revisions"}],"predecessor-version":[{"id":59071,"href":"https:\/\/www.mormaii.com.br\/site\/wp-json\/wp\/v2\/posts\/59067\/revisions\/59071"}],"wp:featuredmedia":[{"embeddable":true,"href":"https:\/\/www.mormaii.com.br\/site\/wp-json\/wp\/v2\/media\/59068"}],"wp:attachment":[{"href":"https:\/\/www.mormaii.com.br\/site\/wp-json\/wp\/v2\/media?parent=59067"}],"wp:term":[{"taxonomy":"category","embeddable":true,"href":"https:\/\/www.mormaii.com.br\/site\/wp-json\/wp\/v2\/categories?post=59067"},{"taxonomy":"post_tag","embeddable":true,"href":"https:\/\/www.mormaii.com.br\/site\/wp-json\/wp\/v2\/tags?post=59067"}],"curies":[{"name":"wp","href":"https:\/\/api.w.org\/{rel}","templated":true}]}}