{"id":59113,"date":"2024-03-13T18:55:52","date_gmt":"2024-03-13T21:55:52","guid":{"rendered":"https:\/\/www.mormaii.com.br\/site\/?p=59113"},"modified":"2024-03-14T16:30:38","modified_gmt":"2024-03-14T19:30:38","slug":"atleta-mormaii-lucas-chumbo-surfa-em-nazare-onda-que-pode-ter-sido-a-maior-da-historia","status":"publish","type":"post","link":"https:\/\/www.mormaii.com.br\/site\/atleta-mormaii-lucas-chumbo-surfa-em-nazare-onda-que-pode-ter-sido-a-maior-da-historia\/","title":{"rendered":"Atleta Mormaii, Lucas Chumbo surfa em Nazar\u00e9 onda que pode ter sido a maior da hist\u00f3ria"},"content":{"rendered":"<p><span style=\"font-weight: 400;\">O brasileiro Lucas Chianca, conhecido como Chumbo, pode ter quebrado o recorde mundial nas ondas gigantes de Nazar\u00e9, em Portugal. No dia 24 de fevereiro, o atleta Mormaii surfou a onda que pode ter sido a maior da hist\u00f3ria. Chumbo acredita que a onda tenha ficado entre 27,4 e 30,48 metros, mas aguarda a confirma\u00e7\u00e3o do Guinness World Records.\u00a0<\/span><\/p>\n<p><span style=\"font-weight: 400;\">\u201cS\u00e3o fortes emo\u00e7\u00f5es, tanto dentro do mar, quanto fora, esperando a homologa\u00e7\u00e3o sair. A onda foi diferente, eu senti quando ela veio que seria algo \u00fanico. Eu j\u00e1 estava idealizando fazer o recorde antes, entrei na \u00e1gua com esse sentimento\u201d, disse o brasileiro ao jornal O Globo.<\/span><\/p>\n<p><img loading=\"lazy\" decoding=\"async\" class=\"alignnone wp-image-59119 size-large\" src=\"https:\/\/www.mormaii.com.br\/site\/wp-content\/uploads\/2024\/03\/photo-output-2-1024x667.jpeg\" alt=\"\" width=\"710\" height=\"462\" srcset=\"https:\/\/www.mormaii.com.br\/site\/wp-content\/uploads\/2024\/03\/photo-output-2-1024x667.jpeg 1024w, https:\/\/www.mormaii.com.br\/site\/wp-content\/uploads\/2024\/03\/photo-output-2-300x195.jpeg 300w, https:\/\/www.mormaii.com.br\/site\/wp-content\/uploads\/2024\/03\/photo-output-2-768x500.jpeg 768w, https:\/\/www.mormaii.com.br\/site\/wp-content\/uploads\/2024\/03\/photo-output-2-1536x1001.jpeg 1536w, https:\/\/www.mormaii.com.br\/site\/wp-content\/uploads\/2024\/03\/photo-output-2.jpeg 2048w\" sizes=\"(max-width: 710px) 100vw, 710px\" \/><\/p>\n<p><span style=\"font-weight: 400;\">Caso seja confirmado, ele ter\u00e1 superado o alem\u00e3o Sebastian Steudtner, atual detentor da melhor marca mundial, e que tamb\u00e9m estava nas \u00e1guas de Nazar\u00e9. Em 2022, o alem\u00e3o surfou uma onda de 26,21 metros e estabeleceu o recorde mundial.<\/span><\/p>\n<p><span style=\"font-weight: 400;\">\u201cParecia que o dia inteiro estava em clima de duelo, voltado para o que \u00edamos fazer. Ele entrou na \u00e1gua antes, enquanto eu ainda me preparava com a equipe. Eu sabia que iria ser diferente. Com ele na \u00e1gua foi muito mais legal. Ele pegava uma onda, eu querendo ir na de tr\u00e1s ou pegar antes dele. Virou um show de surfe\u201d, contou Chumbo.<\/span><\/p>\n<h6><img loading=\"lazy\" decoding=\"async\" class=\"alignnone wp-image-59114 size-large\" src=\"https:\/\/www.mormaii.com.br\/site\/wp-content\/uploads\/2024\/03\/IMG_1614-1024x577.jpg\" alt=\"\" width=\"710\" height=\"400\" srcset=\"https:\/\/www.mormaii.com.br\/site\/wp-content\/uploads\/2024\/03\/IMG_1614-1024x577.jpg 1024w, https:\/\/www.mormaii.com.br\/site\/wp-content\/uploads\/2024\/03\/IMG_1614-300x169.jpg 300w, https:\/\/www.mormaii.com.br\/site\/wp-content\/uploads\/2024\/03\/IMG_1614-768x433.jpg 768w, https:\/\/www.mormaii.com.br\/site\/wp-content\/uploads\/2024\/03\/IMG_1614-1536x865.jpg 1536w, https:\/\/www.mormaii.com.br\/site\/wp-content\/uploads\/2024\/03\/IMG_1614-2048x1154.jpg 2048w, https:\/\/www.mormaii.com.br\/site\/wp-content\/uploads\/2024\/03\/IMG_1614-1920x1080.jpg 1920w\" sizes=\"(max-width: 710px) 100vw, 710px\" \/><br \/>\nBrasileiro aguarda homologa\u00e7\u00e3o do Guinness World para saber se o recorde foi batido<br \/>\nImagem: Yunes Khader<\/h6>\n<p><span style=\"font-weight: 400;\">As ondas gigantes de Nazar\u00e9 ultrapassaram os 20 metros de altura no dia 24 de fevereiro. A expectativa \u00e9 que o recorde mundial tenha sido batido, mas a homologa\u00e7\u00e3o ainda n\u00e3o tem data para ser realizada. Tanto Chumbo quanto Steudtner aguardam para saber quem pegou a maior onda da hist\u00f3ria.<\/span><\/p>\n","protected":false},"excerpt":{"rendered":"<p>O brasileiro Lucas Chianca, conhecido como Chumbo, pode ter quebrado o recorde mundial nas ondas gigantes de Nazar\u00e9, em Portugal. No dia 24 de fevereiro, o atleta Mormaii surfou a onda que pode ter sido a maior da hist\u00f3ria. Chumbo acredita que a onda tenha ficado entre 27,4 e 30,48 metros, mas aguarda a confirma\u00e7\u00e3o [&hellip;]<\/p>\n","protected":false},"author":13,"featured_media":59119,"comment_status":"closed","ping_status":"closed","sticky":false,"template":"","format":"standard","meta":{"_uag_custom_page_level_css":"","_mi_skip_tracking":false,"footnotes":""},"categories":[1],"tags":[],"class_list":["post-59113","post","type-post","status-publish","format-standard","has-post-thumbnail","hentry","category-historia"],"acf":[],"uagb_featured_image_src":{"full":["https:\/\/www.mormaii.com.br\/site\/wp-content\/uploads\/2024\/03\/photo-output-2.jpeg",2048,1334,false],"thumbnail":["https:\/\/www.mormaii.com.br\/site\/wp-content\/uploads\/2024\/03\/photo-output-2-150x150.jpeg",150,150,true],"medium":["https:\/\/www.mormaii.com.br\/site\/wp-content\/uploads\/2024\/03\/photo-output-2-300x195.jpeg",300,195,true],"medium_large":["https:\/\/www.mormaii.com.br\/site\/wp-content\/uploads\/2024\/03\/photo-output-2-768x500.jpeg",768,500,true],"large":["https:\/\/www.mormaii.com.br\/site\/wp-content\/uploads\/2024\/03\/photo-output-2-1024x667.jpeg",1024,667,true],"1536x1536":["https:\/\/www.mormaii.com.br\/site\/wp-content\/uploads\/2024\/03\/photo-output-2-1536x1001.jpeg",1536,1001,true],"2048x2048":["https:\/\/www.mormaii.com.br\/site\/wp-content\/uploads\/2024\/03\/photo-output-2.jpeg",2048,1334,false],"qi_addons_for_elementor_image_size_square":["https:\/\/www.mormaii.com.br\/site\/wp-content\/uploads\/2024\/03\/photo-output-2-650x650.jpeg",650,650,true],"qi_addons_for_elementor_image_size_landscape":["https:\/\/www.mormaii.com.br\/site\/wp-content\/uploads\/2024\/03\/photo-output-2-1300x650.jpeg",1300,650,true],"qi_addons_for_elementor_image_size_portrait":["https:\/\/www.mormaii.com.br\/site\/wp-content\/uploads\/2024\/03\/photo-output-2-650x1300.jpeg",650,1300,true],"qi_addons_for_elementor_image_size_huge-square":["https:\/\/www.mormaii.com.br\/site\/wp-content\/uploads\/2024\/03\/photo-output-2-1300x1300.jpeg",1300,1300,true]},"uagb_author_info":{"display_name":"Fam\u00edlia Mormaii","author_link":"https:\/\/www.mormaii.com.br\/site\/author\/maira\/"},"uagb_comment_info":0,"uagb_excerpt":"O brasileiro Lucas Chianca, conhecido como Chumbo, pode ter quebrado o recorde mundial nas ondas gigantes de Nazar\u00e9, em Portugal. No dia 24 de fevereiro, o atleta Mormaii surfou a onda que pode ter sido a maior da hist\u00f3ria. Chumbo acredita que a onda tenha ficado entre 27,4 e 30,48 metros, mas aguarda a confirma\u00e7\u00e3o&hellip;","_links":{"self":[{"href":"https:\/\/www.mormaii.com.br\/site\/wp-json\/wp\/v2\/posts\/59113"}],"collection":[{"href":"https:\/\/www.mormaii.com.br\/site\/wp-json\/wp\/v2\/posts"}],"about":[{"href":"https:\/\/www.mormaii.com.br\/site\/wp-json\/wp\/v2\/types\/post"}],"author":[{"embeddable":true,"href":"https:\/\/www.mormaii.com.br\/site\/wp-json\/wp\/v2\/users\/13"}],"replies":[{"embeddable":true,"href":"https:\/\/www.mormaii.com.br\/site\/wp-json\/wp\/v2\/comments?post=59113"}],"version-history":[{"count":4,"href":"https:\/\/www.mormaii.com.br\/site\/wp-json\/wp\/v2\/posts\/59113\/revisions"}],"predecessor-version":[{"id":59120,"href":"https:\/\/www.mormaii.com.br\/site\/wp-json\/wp\/v2\/posts\/59113\/revisions\/59120"}],"wp:featuredmedia":[{"embeddable":true,"href":"https:\/\/www.mormaii.com.br\/site\/wp-json\/wp\/v2\/media\/59119"}],"wp:attachment":[{"href":"https:\/\/www.mormaii.com.br\/site\/wp-json\/wp\/v2\/media?parent=59113"}],"wp:term":[{"taxonomy":"category","embeddable":true,"href":"https:\/\/www.mormaii.com.br\/site\/wp-json\/wp\/v2\/categories?post=59113"},{"taxonomy":"post_tag","embeddable":true,"href":"https:\/\/www.mormaii.com.br\/site\/wp-json\/wp\/v2\/tags?post=59113"}],"curies":[{"name":"wp","href":"https:\/\/api.w.org\/{rel}","templated":true}]}}