{"id":59197,"date":"2024-04-25T08:00:56","date_gmt":"2024-04-25T11:00:56","guid":{"rendered":"https:\/\/www.mormaii.com.br\/site\/?p=59197"},"modified":"2024-04-26T20:29:33","modified_gmt":"2024-04-26T23:29:33","slug":"faixas-pretas-exaltam-importancia-do-brasileiro-de-jiu-jitsu-para-as-carreiras","status":"publish","type":"post","link":"https:\/\/www.mormaii.com.br\/site\/faixas-pretas-exaltam-importancia-do-brasileiro-de-jiu-jitsu-para-as-carreiras\/","title":{"rendered":"Faixas-pretas exaltam import\u00e2ncia do Brasileiro de Jiu-Jitsu para as carreiras"},"content":{"rendered":"<p>Chegar ao topo do Brasil no Jiu-Jitsu \u00e9 o sonho de todos os lutadores que atuam na arte suave. Portanto, com a chegada do Campeonato Brasileiro da CBJJ, as emo\u00e7\u00f5es ficam \u00e0 flor da pele e a ansiedade para colocar em pr\u00e1tica tudo que treinaram por meses \u00e9 grande. Esses s\u00e3o os casos dos atletas Mormaii Luciano Bernert e Vict\u00f3ria Ulrich.<\/p>\n<p>O faixa-preta Luciano vai competir na categoria peso-m\u00e9dio Master 2 do Brasileiro de Jiu-Jitsu, que ser\u00e1 disputado neste s\u00e1bado (27) em Barueri, S\u00e3o Paulo. Mesmo com o t\u00edtulo do absoluto do Mundial de Masters 2023, o atleta da Start Doing destacou a import\u00e2ncia de uma conquista em solo nacional.<\/p>\n<p><img loading=\"lazy\" decoding=\"async\" class=\"alignnone wp-image-59198\" src=\"https:\/\/www.mormaii.com.br\/site\/wp-content\/uploads\/2024\/04\/b1e83bd2-8b34-464a-a599-dda77688b13d.jpg\" alt=\"\" width=\"650\" height=\"433\" srcset=\"https:\/\/www.mormaii.com.br\/site\/wp-content\/uploads\/2024\/04\/b1e83bd2-8b34-464a-a599-dda77688b13d.jpg 800w, https:\/\/www.mormaii.com.br\/site\/wp-content\/uploads\/2024\/04\/b1e83bd2-8b34-464a-a599-dda77688b13d-300x200.jpg 300w, https:\/\/www.mormaii.com.br\/site\/wp-content\/uploads\/2024\/04\/b1e83bd2-8b34-464a-a599-dda77688b13d-768x512.jpg 768w\" sizes=\"(max-width: 650px) 100vw, 650px\" \/><\/p>\n<p>&#8220;Estar entre os destaques no meu pa\u00eds \u00e9 um compromisso e uma responsabilidade que levo muito a s\u00e9rio. Al\u00e9m de demonstrar minhas habilidades, quero construir um legado ajudando a elevar o padr\u00e3o do Jiu-Jitsu no Brasil. Ser o n\u00famero 1 do ranking nacional, para mim, vai al\u00e9m da busca pela excel\u00eancia pessoal, mas tamb\u00e9m contribuir para a sociedade e o prest\u00edgio do meu pa\u00eds no cen\u00e1rio internacional&#8221;, disse o atleta patrocinado pela Mormaii.<\/p>\n<p>Atual campe\u00e3 sul-americana do peso-leve adulto e absoluto, a faixa-preta Vict\u00f3ria Ulrich tamb\u00e9m almeja cravar seu nome entre as maiores dentro do seu pa\u00eds e, por isso, nada melhor que uma conquista do Brasileiro, que para ela tem seu pontap\u00e9 inicial tamb\u00e9m neste s\u00e1bado. A atleta da Rilion Gracie destacou sua prepara\u00e7\u00e3o para chegar ao lugar mais alto do p\u00f3dio.<\/p>\n<p><img loading=\"lazy\" decoding=\"async\" class=\"alignnone wp-image-59199\" src=\"https:\/\/www.mormaii.com.br\/site\/wp-content\/uploads\/2024\/04\/a1efbee7-92b2-4826-93cf-66401579e8d1.jpg\" alt=\"\" width=\"650\" height=\"482\" srcset=\"https:\/\/www.mormaii.com.br\/site\/wp-content\/uploads\/2024\/04\/a1efbee7-92b2-4826-93cf-66401579e8d1.jpg 800w, https:\/\/www.mormaii.com.br\/site\/wp-content\/uploads\/2024\/04\/a1efbee7-92b2-4826-93cf-66401579e8d1-300x222.jpg 300w, https:\/\/www.mormaii.com.br\/site\/wp-content\/uploads\/2024\/04\/a1efbee7-92b2-4826-93cf-66401579e8d1-768x569.jpg 768w\" sizes=\"(max-width: 650px) 100vw, 650px\" \/><\/p>\n<p>&#8220;Todo o treinamento foi planejado para eu chegar na melhor forma f\u00edsica no evento. Tanto a parte f\u00edsica quanto a parte t\u00e9cnica foram aprimoradas e estou muito confiante no meu Jiu-Jitsu. Sinto que venho evoluindo e estou bastante ansiosa para poder mostrar isso em cima do tatame. (Lutar o Brasileiro) \u00c9 a realiza\u00e7\u00e3o de um sonho. \u00c9 a materializa\u00e7\u00e3o de um trabalho de anos e que eu sei que uma hora vai chegar&#8221;, completou a lutadora da Mormaii.<\/p>\n","protected":false},"excerpt":{"rendered":"<p>Chegar ao topo do Brasil no Jiu-Jitsu \u00e9 o sonho de todos os lutadores que atuam na arte suave. Portanto, com a chegada do Campeonato Brasileiro da CBJJ, as emo\u00e7\u00f5es ficam \u00e0 flor da pele e a ansiedade para colocar em pr\u00e1tica tudo que treinaram por meses \u00e9 grande. Esses s\u00e3o os casos dos atletas [&hellip;]<\/p>\n","protected":false},"author":13,"featured_media":59198,"comment_status":"closed","ping_status":"closed","sticky":false,"template":"","format":"standard","meta":{"_uag_custom_page_level_css":"","_mi_skip_tracking":false,"footnotes":""},"categories":[36,38,925],"tags":[],"class_list":["post-59197","post","type-post","status-publish","format-standard","has-post-thumbnail","hentry","category-atletas","category-eventos","category-jiu-jitsu"],"acf":[],"uagb_featured_image_src":{"full":["https:\/\/www.mormaii.com.br\/site\/wp-content\/uploads\/2024\/04\/b1e83bd2-8b34-464a-a599-dda77688b13d.jpg",800,533,false],"thumbnail":["https:\/\/www.mormaii.com.br\/site\/wp-content\/uploads\/2024\/04\/b1e83bd2-8b34-464a-a599-dda77688b13d-150x150.jpg",150,150,true],"medium":["https:\/\/www.mormaii.com.br\/site\/wp-content\/uploads\/2024\/04\/b1e83bd2-8b34-464a-a599-dda77688b13d-300x200.jpg",300,200,true],"medium_large":["https:\/\/www.mormaii.com.br\/site\/wp-content\/uploads\/2024\/04\/b1e83bd2-8b34-464a-a599-dda77688b13d-768x512.jpg",768,512,true],"large":["https:\/\/www.mormaii.com.br\/site\/wp-content\/uploads\/2024\/04\/b1e83bd2-8b34-464a-a599-dda77688b13d.jpg",800,533,false],"1536x1536":["https:\/\/www.mormaii.com.br\/site\/wp-content\/uploads\/2024\/04\/b1e83bd2-8b34-464a-a599-dda77688b13d.jpg",800,533,false],"2048x2048":["https:\/\/www.mormaii.com.br\/site\/wp-content\/uploads\/2024\/04\/b1e83bd2-8b34-464a-a599-dda77688b13d.jpg",800,533,false],"qi_addons_for_elementor_image_size_square":["https:\/\/www.mormaii.com.br\/site\/wp-content\/uploads\/2024\/04\/b1e83bd2-8b34-464a-a599-dda77688b13d-650x533.jpg",650,533,true],"qi_addons_for_elementor_image_size_landscape":["https:\/\/www.mormaii.com.br\/site\/wp-content\/uploads\/2024\/04\/b1e83bd2-8b34-464a-a599-dda77688b13d.jpg",800,533,false],"qi_addons_for_elementor_image_size_portrait":["https:\/\/www.mormaii.com.br\/site\/wp-content\/uploads\/2024\/04\/b1e83bd2-8b34-464a-a599-dda77688b13d-650x533.jpg",650,533,true],"qi_addons_for_elementor_image_size_huge-square":["https:\/\/www.mormaii.com.br\/site\/wp-content\/uploads\/2024\/04\/b1e83bd2-8b34-464a-a599-dda77688b13d.jpg",800,533,false]},"uagb_author_info":{"display_name":"Fam\u00edlia Mormaii","author_link":"https:\/\/www.mormaii.com.br\/site\/author\/maira\/"},"uagb_comment_info":0,"uagb_excerpt":"Chegar ao topo do Brasil no Jiu-Jitsu \u00e9 o sonho de todos os lutadores que atuam na arte suave. Portanto, com a chegada do Campeonato Brasileiro da CBJJ, as emo\u00e7\u00f5es ficam \u00e0 flor da pele e a ansiedade para colocar em pr\u00e1tica tudo que treinaram por meses \u00e9 grande. Esses s\u00e3o os casos dos atletas&hellip;","_links":{"self":[{"href":"https:\/\/www.mormaii.com.br\/site\/wp-json\/wp\/v2\/posts\/59197"}],"collection":[{"href":"https:\/\/www.mormaii.com.br\/site\/wp-json\/wp\/v2\/posts"}],"about":[{"href":"https:\/\/www.mormaii.com.br\/site\/wp-json\/wp\/v2\/types\/post"}],"author":[{"embeddable":true,"href":"https:\/\/www.mormaii.com.br\/site\/wp-json\/wp\/v2\/users\/13"}],"replies":[{"embeddable":true,"href":"https:\/\/www.mormaii.com.br\/site\/wp-json\/wp\/v2\/comments?post=59197"}],"version-history":[{"count":2,"href":"https:\/\/www.mormaii.com.br\/site\/wp-json\/wp\/v2\/posts\/59197\/revisions"}],"predecessor-version":[{"id":59201,"href":"https:\/\/www.mormaii.com.br\/site\/wp-json\/wp\/v2\/posts\/59197\/revisions\/59201"}],"wp:featuredmedia":[{"embeddable":true,"href":"https:\/\/www.mormaii.com.br\/site\/wp-json\/wp\/v2\/media\/59198"}],"wp:attachment":[{"href":"https:\/\/www.mormaii.com.br\/site\/wp-json\/wp\/v2\/media?parent=59197"}],"wp:term":[{"taxonomy":"category","embeddable":true,"href":"https:\/\/www.mormaii.com.br\/site\/wp-json\/wp\/v2\/categories?post=59197"},{"taxonomy":"post_tag","embeddable":true,"href":"https:\/\/www.mormaii.com.br\/site\/wp-json\/wp\/v2\/tags?post=59197"}],"curies":[{"name":"wp","href":"https:\/\/api.w.org\/{rel}","templated":true}]}}