{"id":59214,"date":"2024-05-03T18:01:55","date_gmt":"2024-05-03T21:01:55","guid":{"rendered":"https:\/\/www.mormaii.com.br\/site\/?p=59214"},"modified":"2024-05-31T15:50:45","modified_gmt":"2024-05-31T18:50:45","slug":"atletas-mormaii-participam-da-seletiva-olimpica-de-natacao","status":"publish","type":"post","link":"https:\/\/www.mormaii.com.br\/site\/atletas-mormaii-participam-da-seletiva-olimpica-de-natacao\/","title":{"rendered":"Atletas Mormaii participam da seletiva ol\u00edmpica de nata\u00e7\u00e3o"},"content":{"rendered":"<p><span style=\"font-weight: 400;\">A seletiva brasileira de nata\u00e7\u00e3o que definir\u00e1 a equipe que ir\u00e1 representar o pa\u00eds nos Jogos Ol\u00edmpicos de Paris 2024 est\u00e1 chegando. Durante os dias 6 e 11 de maio no Centro de Treinamento Ol\u00edmpico da Aeron\u00e1utica, na sede da Comiss\u00e3o de Desportos da Aeron\u00e1utica (CDA), no Rio de Janeiro, acontece o Trof\u00e9u Brasil de Nata\u00e7\u00e3o, competi\u00e7\u00e3o que indicar\u00e1 os nomes que far\u00e3o parte da sele\u00e7\u00e3o ol\u00edmpica brasileira.<\/span><\/p>\n<p><span style=\"font-weight: 400;\">Entre os nadadores que disputar\u00e3o uma vaga est\u00e3o os atletas da Mormaii Fernando Scheffer, medalha de bronze nos 200m livres na Olimp\u00edada de T\u00f3quio, Leonardo de Deus, que j\u00e1 esteve presente em tr\u00eas Olimp\u00edadas, a recordista sul-americana dos 400m nado livre Maria Paula Heitmann, Matheus Cony Siniscalchi, multicampe\u00e3o brasileiro nas provas de fundo e medalhista nacional desde a categoria Infantil, Alexandre Finco, campe\u00e3o brasileiro de maratonas aqu\u00e1ticas nos 5k e 10k, e Matheus Melechi, que est\u00e1 classificado para o Mundial de Maratonas aqu\u00e1ticas.<\/span><\/p>\n<p><span style=\"font-weight: 400;\">O primeiro a cair na \u00e1gua ser\u00e1 Fernando Scheffer. No dia 7 ele vai buscar a vaga nos 200m nado livre e no dia 9 de maio nos 100m livre. Maria Paula Heitmann tamb\u00e9m estreia no dia 7, quando acontecem as disputas do 200m livre. No dia 9 de maio ela ainda compete nos 100m nado livre e no dia 11 de maio nos 800m livre.<\/span><\/p>\n<p><span style=\"font-weight: 400;\">\u201cEssa competi\u00e7\u00e3o \u00e9 muito importante porque vai definir o time que vai representar o Brasil nas Olimp\u00edadas de Paris esse ano. A expectativa \u00e9 muito boa, estou muito ansioso para essa competi\u00e7\u00e3o e espero poder me classificar e representar muito bem o Brasil em Paris\u201d, disse Fernando Scheffer.<\/span><\/p>\n<p><span style=\"font-weight: 400;\">J\u00e1 L\u00e9o de Deus, tamb\u00e9m conhecido como o Sr. Borboleta do Pan, tenta ir \u00e0 sua quarta Olimp\u00edada. No dia 8 de maio ele disputa uma vaga nos 200m borboleta e no dia 10 de maio nos 200m costas. J\u00e1 Matheus Cony, Matheus Melechi e Alexandre Finco buscam \u00edndice nos 1500m livre no dia 9 de maio e nos 800m livre no dia 11 de maio.<\/span><\/p>\n<p><img loading=\"lazy\" decoding=\"async\" class=\"alignnone wp-image-59215 size-large\" src=\"https:\/\/www.mormaii.com.br\/site\/wp-content\/uploads\/2024\/05\/photo-output-5-1024x683.jpeg\" alt=\"\" width=\"710\" height=\"474\" srcset=\"https:\/\/www.mormaii.com.br\/site\/wp-content\/uploads\/2024\/05\/photo-output-5-1024x683.jpeg 1024w, https:\/\/www.mormaii.com.br\/site\/wp-content\/uploads\/2024\/05\/photo-output-5-300x200.jpeg 300w, https:\/\/www.mormaii.com.br\/site\/wp-content\/uploads\/2024\/05\/photo-output-5-768x512.jpeg 768w, https:\/\/www.mormaii.com.br\/site\/wp-content\/uploads\/2024\/05\/photo-output-5-1536x1025.jpeg 1536w, https:\/\/www.mormaii.com.br\/site\/wp-content\/uploads\/2024\/05\/photo-output-5-1170x780.jpeg 1170w, https:\/\/www.mormaii.com.br\/site\/wp-content\/uploads\/2024\/05\/photo-output-5.jpeg 2048w\" sizes=\"(max-width: 710px) 100vw, 710px\" \/><\/p>\n<p><span style=\"font-weight: 400;\">Para fazer parte da sele\u00e7\u00e3o ol\u00edmpica brasileira o campe\u00e3o e o vice-campe\u00e3o, desde que atinjam o \u00edndice ol\u00edmpico, garantem a vaga para representar o Brasil em Paris.<\/span><\/p>\n","protected":false},"excerpt":{"rendered":"<p>A seletiva brasileira de nata\u00e7\u00e3o que definir\u00e1 a equipe que ir\u00e1 representar o pa\u00eds nos Jogos Ol\u00edmpicos de Paris 2024 est\u00e1 chegando. Durante os dias 6 e 11 de maio no Centro de Treinamento Ol\u00edmpico da Aeron\u00e1utica, na sede da Comiss\u00e3o de Desportos da Aeron\u00e1utica (CDA), no Rio de Janeiro, acontece o Trof\u00e9u Brasil de [&hellip;]<\/p>\n","protected":false},"author":13,"featured_media":59215,"comment_status":"closed","ping_status":"closed","sticky":false,"template":"","format":"standard","meta":{"_uag_custom_page_level_css":"","_mi_skip_tracking":false,"footnotes":""},"categories":[914,939],"tags":[],"class_list":["post-59214","post","type-post","status-publish","format-standard","has-post-thumbnail","hentry","category-mormaii","category-natacao"],"acf":[],"uagb_featured_image_src":{"full":["https:\/\/www.mormaii.com.br\/site\/wp-content\/uploads\/2024\/05\/photo-output-5.jpeg",2048,1366,false],"thumbnail":["https:\/\/www.mormaii.com.br\/site\/wp-content\/uploads\/2024\/05\/photo-output-5-150x150.jpeg",150,150,true],"medium":["https:\/\/www.mormaii.com.br\/site\/wp-content\/uploads\/2024\/05\/photo-output-5-300x200.jpeg",300,200,true],"medium_large":["https:\/\/www.mormaii.com.br\/site\/wp-content\/uploads\/2024\/05\/photo-output-5-768x512.jpeg",768,512,true],"large":["https:\/\/www.mormaii.com.br\/site\/wp-content\/uploads\/2024\/05\/photo-output-5-1024x683.jpeg",1024,683,true],"1536x1536":["https:\/\/www.mormaii.com.br\/site\/wp-content\/uploads\/2024\/05\/photo-output-5-1536x1025.jpeg",1536,1025,true],"2048x2048":["https:\/\/www.mormaii.com.br\/site\/wp-content\/uploads\/2024\/05\/photo-output-5.jpeg",2048,1366,false],"qi_addons_for_elementor_image_size_square":["https:\/\/www.mormaii.com.br\/site\/wp-content\/uploads\/2024\/05\/photo-output-5-650x650.jpeg",650,650,true],"qi_addons_for_elementor_image_size_landscape":["https:\/\/www.mormaii.com.br\/site\/wp-content\/uploads\/2024\/05\/photo-output-5-1300x650.jpeg",1300,650,true],"qi_addons_for_elementor_image_size_portrait":["https:\/\/www.mormaii.com.br\/site\/wp-content\/uploads\/2024\/05\/photo-output-5-650x1300.jpeg",650,1300,true],"qi_addons_for_elementor_image_size_huge-square":["https:\/\/www.mormaii.com.br\/site\/wp-content\/uploads\/2024\/05\/photo-output-5-1300x1300.jpeg",1300,1300,true]},"uagb_author_info":{"display_name":"Fam\u00edlia Mormaii","author_link":"https:\/\/www.mormaii.com.br\/site\/author\/maira\/"},"uagb_comment_info":0,"uagb_excerpt":"A seletiva brasileira de nata\u00e7\u00e3o que definir\u00e1 a equipe que ir\u00e1 representar o pa\u00eds nos Jogos Ol\u00edmpicos de Paris 2024 est\u00e1 chegando. Durante os dias 6 e 11 de maio no Centro de Treinamento Ol\u00edmpico da Aeron\u00e1utica, na sede da Comiss\u00e3o de Desportos da Aeron\u00e1utica (CDA), no Rio de Janeiro, acontece o Trof\u00e9u Brasil de&hellip;","_links":{"self":[{"href":"https:\/\/www.mormaii.com.br\/site\/wp-json\/wp\/v2\/posts\/59214"}],"collection":[{"href":"https:\/\/www.mormaii.com.br\/site\/wp-json\/wp\/v2\/posts"}],"about":[{"href":"https:\/\/www.mormaii.com.br\/site\/wp-json\/wp\/v2\/types\/post"}],"author":[{"embeddable":true,"href":"https:\/\/www.mormaii.com.br\/site\/wp-json\/wp\/v2\/users\/13"}],"replies":[{"embeddable":true,"href":"https:\/\/www.mormaii.com.br\/site\/wp-json\/wp\/v2\/comments?post=59214"}],"version-history":[{"count":2,"href":"https:\/\/www.mormaii.com.br\/site\/wp-json\/wp\/v2\/posts\/59214\/revisions"}],"predecessor-version":[{"id":59218,"href":"https:\/\/www.mormaii.com.br\/site\/wp-json\/wp\/v2\/posts\/59214\/revisions\/59218"}],"wp:featuredmedia":[{"embeddable":true,"href":"https:\/\/www.mormaii.com.br\/site\/wp-json\/wp\/v2\/media\/59215"}],"wp:attachment":[{"href":"https:\/\/www.mormaii.com.br\/site\/wp-json\/wp\/v2\/media?parent=59214"}],"wp:term":[{"taxonomy":"category","embeddable":true,"href":"https:\/\/www.mormaii.com.br\/site\/wp-json\/wp\/v2\/categories?post=59214"},{"taxonomy":"post_tag","embeddable":true,"href":"https:\/\/www.mormaii.com.br\/site\/wp-json\/wp\/v2\/tags?post=59214"}],"curies":[{"name":"wp","href":"https:\/\/api.w.org\/{rel}","templated":true}]}}