{"id":59232,"date":"2024-05-22T08:00:21","date_gmt":"2024-05-22T11:00:21","guid":{"rendered":"https:\/\/www.mormaii.com.br\/site\/?p=59232"},"modified":"2024-10-08T17:36:16","modified_gmt":"2024-10-08T20:36:16","slug":"atletas-mormaii-de-natacao-celebram-vaga-nos-jogos-olimpicos-de-paris","status":"publish","type":"post","link":"https:\/\/www.mormaii.com.br\/site\/atletas-mormaii-de-natacao-celebram-vaga-nos-jogos-olimpicos-de-paris\/","title":{"rendered":"Atletas Mormaii de nata\u00e7\u00e3o celebram vaga nos Jogos Ol\u00edmpicos de Paris"},"content":{"rendered":"<p>Destaques da nata\u00e7\u00e3o brasileira na atualidade, Fernando Scheffer e Maria Paula Heitmann est\u00e3o confirmados nos Jogos Ol\u00edmpicos de Paris 2024. Os nadadores garantiram a vaga ao atingirem o \u00edndice ol\u00edmpico no Trof\u00e9u Brasil de Nata\u00e7\u00e3o, que foi realizado entre os dias 6 e 11 de maio no Centro de Treinamento Ol\u00edmpico da Aeron\u00e1utica, no Rio de Janeiro. Medalha de bronze nos 200m livres na Olimp\u00edada de T\u00f3quio, Scheffer, que se classificou nos 4&#215;200 metros livre, falou sobre as dificuldades para alcan\u00e7ar o resultado e celebrou a vaga para a sua segunda Olimp\u00edada.<\/p>\n<p>\u201cA Olimp\u00edada \u00e9 o maior palco esportivo do mundo. \u00c9 o evento de maior prest\u00edgio que existe, e \u00e9 uma honra pra mim poder representar o Brasil pela segunda vez na minha carreira. Mas o esporte n\u00e3o \u00e9 uma matem\u00e1tica exata. \u00c0s vezes o esfor\u00e7o n\u00e3o \u00e9 recompensado no curto prazo, e \u00e9 preciso paci\u00eancia e resili\u00eancia para manter os p\u00e9s no ch\u00e3o e a cabe\u00e7a no lugar mesmo quando os resultados n\u00e3o v\u00eam\u201d, disse Scheffer, atleta patrocinado pela Mormaii.<\/p>\n<p><img loading=\"lazy\" decoding=\"async\" class=\"alignnone wp-image-59233\" src=\"https:\/\/www.mormaii.com.br\/site\/wp-content\/uploads\/2024\/05\/414919931_1244299086486848_843046704791570173_n-300x200.jpg\" alt=\"\" width=\"500\" height=\"333\" srcset=\"https:\/\/www.mormaii.com.br\/site\/wp-content\/uploads\/2024\/05\/414919931_1244299086486848_843046704791570173_n-300x200.jpg 300w, https:\/\/www.mormaii.com.br\/site\/wp-content\/uploads\/2024\/05\/414919931_1244299086486848_843046704791570173_n-1024x683.jpg 1024w, https:\/\/www.mormaii.com.br\/site\/wp-content\/uploads\/2024\/05\/414919931_1244299086486848_843046704791570173_n-768x512.jpg 768w, https:\/\/www.mormaii.com.br\/site\/wp-content\/uploads\/2024\/05\/414919931_1244299086486848_843046704791570173_n.jpg 1080w\" sizes=\"(max-width: 500px) 100vw, 500px\" \/><br \/>\nFernando Scheffer \/ Foto\u00a0Felippe Luque<\/p>\n<p>Enquanto Scheffer vai para a sua segunda Olimp\u00edada, Maria Paula Heitmann vai fazer a sua estreia no maior evento esportivo do planeta. Aos 25 anos, a mineira, que \u00e9 recordista sul-americana dos 400m nado livre, conquistou a sua classifica\u00e7\u00e3o para Paris nos 4&#215;200 metros livre. Heitmann, que tamb\u00e9m \u00e9 patrocinada pela Mormaii, falou sobre os obst\u00e1culos que precisou superar e disse que a vaga ol\u00edmpica \u00e9 um sonho que ela vem buscando h\u00e1 muitos anos.<\/p>\n<p>\u201cEssa vaga \u00e9 algo que venho buscando desde 2016, portanto \u00e9 um sentimento de que alcancei um sonho, fruto de muito esfor\u00e7o e evolu\u00e7\u00e3o. Tenho a confian\u00e7a de que estou no caminho certo para seguir melhorando cada vez mais. Foram muitas mudan\u00e7as de cidade, clube, t\u00e9cnico e at\u00e9 de pa\u00eds. At\u00e9 2022 tive bons resultados, inclusive me classifiquei para o meu primeiro mundial adulto. Em 2023 estive no Pan-americano, mas n\u00e3o nadei t\u00e3o bem como gostaria. Comecei o ano mais focada nos meus objetivos, confiando no processo, fui desenvolvendo mais autoconfian\u00e7a e consegui conquistar a vaga no revezamento com meu melhor tempo da vida\u201d, comemorou.<\/p>\n<p><img loading=\"lazy\" decoding=\"async\" class=\"alignnone wp-image-59236\" src=\"https:\/\/www.mormaii.com.br\/site\/wp-content\/uploads\/2024\/05\/photo-output-2-300x200.jpeg\" alt=\"\" width=\"500\" height=\"333\" srcset=\"https:\/\/www.mormaii.com.br\/site\/wp-content\/uploads\/2024\/05\/photo-output-2-300x200.jpeg 300w, https:\/\/www.mormaii.com.br\/site\/wp-content\/uploads\/2024\/05\/photo-output-2-1024x683.jpeg 1024w, https:\/\/www.mormaii.com.br\/site\/wp-content\/uploads\/2024\/05\/photo-output-2-768x512.jpeg 768w, https:\/\/www.mormaii.com.br\/site\/wp-content\/uploads\/2024\/05\/photo-output-2-1536x1025.jpeg 1536w, https:\/\/www.mormaii.com.br\/site\/wp-content\/uploads\/2024\/05\/photo-output-2-1170x780.jpeg 1170w, https:\/\/www.mormaii.com.br\/site\/wp-content\/uploads\/2024\/05\/photo-output-2.jpeg 2048w\" sizes=\"(max-width: 500px) 100vw, 500px\" \/><br \/>\nMaria Paula Heitmann \/ Foto Felippe Luque<\/p>\n<p>Com as respectivas vagas garantidas, os nadadores agora seguem um cronograma de prepara\u00e7\u00e3o para chegarem no \u00e1pice f\u00edsico e t\u00e9cnico em Paris. No final de junho eles viajam para uma competi\u00e7\u00e3o preparat\u00f3ria na It\u00e1lia, depois far\u00e3o um treinamento de altitude na Espanha e de l\u00e1 eles v\u00e3o direto para a vila ol\u00edmpica se preparar para os Jogos.<\/p>\n<p>\u201c\u00c9 muito mais f\u00e1cil fazer o nosso trabalho quando finalmente confirmamos a vaga. Agora \u00e9 trabalhar o m\u00e1ximo poss\u00edvel para chegar em Paris pronto para executar a melhor nata\u00e7\u00e3o poss\u00edvel na hora certa. A expectativa \u00e9 estar muito r\u00e1pido na \u00e1gua, aproveitar a oportunidade e representar nosso pa\u00eds da melhor forma poss\u00edvel\u201d, concluiu Scheffer.<\/p>\n","protected":false},"excerpt":{"rendered":"<p>Destaques da nata\u00e7\u00e3o brasileira na atualidade, Fernando Scheffer e Maria Paula Heitmann est\u00e3o confirmados nos Jogos Ol\u00edmpicos de Paris 2024. Os nadadores garantiram a vaga ao atingirem o \u00edndice ol\u00edmpico no Trof\u00e9u Brasil de Nata\u00e7\u00e3o, que foi realizado entre os dias 6 e 11 de maio no Centro de Treinamento Ol\u00edmpico da Aeron\u00e1utica, no Rio [&hellip;]<\/p>\n","protected":false},"author":13,"featured_media":59505,"comment_status":"closed","ping_status":"closed","sticky":false,"template":"","format":"standard","meta":{"_uag_custom_page_level_css":"","_mi_skip_tracking":false,"footnotes":""},"categories":[36,914,939,941],"tags":[],"class_list":["post-59232","post","type-post","status-publish","format-standard","has-post-thumbnail","hentry","category-atletas","category-mormaii","category-natacao","category-time-brasil"],"acf":[],"uagb_featured_image_src":{"full":["https:\/\/www.mormaii.com.br\/site\/wp-content\/uploads\/2024\/05\/2023-MP-MariaLenk-0610-6-X5.jpg",2560,1707,false],"thumbnail":["https:\/\/www.mormaii.com.br\/site\/wp-content\/uploads\/2024\/05\/2023-MP-MariaLenk-0610-6-X5-150x150.jpg",150,150,true],"medium":["https:\/\/www.mormaii.com.br\/site\/wp-content\/uploads\/2024\/05\/2023-MP-MariaLenk-0610-6-X5-300x200.jpg",300,200,true],"medium_large":["https:\/\/www.mormaii.com.br\/site\/wp-content\/uploads\/2024\/05\/2023-MP-MariaLenk-0610-6-X5-768x512.jpg",768,512,true],"large":["https:\/\/www.mormaii.com.br\/site\/wp-content\/uploads\/2024\/05\/2023-MP-MariaLenk-0610-6-X5-1024x683.jpg",1024,683,true],"1536x1536":["https:\/\/www.mormaii.com.br\/site\/wp-content\/uploads\/2024\/05\/2023-MP-MariaLenk-0610-6-X5-1536x1024.jpg",1536,1024,true],"2048x2048":["https:\/\/www.mormaii.com.br\/site\/wp-content\/uploads\/2024\/05\/2023-MP-MariaLenk-0610-6-X5-2048x1366.jpg",2048,1366,true],"qi_addons_for_elementor_image_size_square":["https:\/\/www.mormaii.com.br\/site\/wp-content\/uploads\/2024\/05\/2023-MP-MariaLenk-0610-6-X5-650x650.jpg",650,650,true],"qi_addons_for_elementor_image_size_landscape":["https:\/\/www.mormaii.com.br\/site\/wp-content\/uploads\/2024\/05\/2023-MP-MariaLenk-0610-6-X5-1300x650.jpg",1300,650,true],"qi_addons_for_elementor_image_size_portrait":["https:\/\/www.mormaii.com.br\/site\/wp-content\/uploads\/2024\/05\/2023-MP-MariaLenk-0610-6-X5-650x1300.jpg",650,1300,true],"qi_addons_for_elementor_image_size_huge-square":["https:\/\/www.mormaii.com.br\/site\/wp-content\/uploads\/2024\/05\/2023-MP-MariaLenk-0610-6-X5-1300x1300.jpg",1300,1300,true]},"uagb_author_info":{"display_name":"Fam\u00edlia Mormaii","author_link":"https:\/\/www.mormaii.com.br\/site\/author\/maira\/"},"uagb_comment_info":0,"uagb_excerpt":"Destaques da nata\u00e7\u00e3o brasileira na atualidade, Fernando Scheffer e Maria Paula Heitmann est\u00e3o confirmados nos Jogos Ol\u00edmpicos de Paris 2024. Os nadadores garantiram a vaga ao atingirem o \u00edndice ol\u00edmpico no Trof\u00e9u Brasil de Nata\u00e7\u00e3o, que foi realizado entre os dias 6 e 11 de maio no Centro de Treinamento Ol\u00edmpico da Aeron\u00e1utica, no Rio&hellip;","_links":{"self":[{"href":"https:\/\/www.mormaii.com.br\/site\/wp-json\/wp\/v2\/posts\/59232"}],"collection":[{"href":"https:\/\/www.mormaii.com.br\/site\/wp-json\/wp\/v2\/posts"}],"about":[{"href":"https:\/\/www.mormaii.com.br\/site\/wp-json\/wp\/v2\/types\/post"}],"author":[{"embeddable":true,"href":"https:\/\/www.mormaii.com.br\/site\/wp-json\/wp\/v2\/users\/13"}],"replies":[{"embeddable":true,"href":"https:\/\/www.mormaii.com.br\/site\/wp-json\/wp\/v2\/comments?post=59232"}],"version-history":[{"count":5,"href":"https:\/\/www.mormaii.com.br\/site\/wp-json\/wp\/v2\/posts\/59232\/revisions"}],"predecessor-version":[{"id":59506,"href":"https:\/\/www.mormaii.com.br\/site\/wp-json\/wp\/v2\/posts\/59232\/revisions\/59506"}],"wp:featuredmedia":[{"embeddable":true,"href":"https:\/\/www.mormaii.com.br\/site\/wp-json\/wp\/v2\/media\/59505"}],"wp:attachment":[{"href":"https:\/\/www.mormaii.com.br\/site\/wp-json\/wp\/v2\/media?parent=59232"}],"wp:term":[{"taxonomy":"category","embeddable":true,"href":"https:\/\/www.mormaii.com.br\/site\/wp-json\/wp\/v2\/categories?post=59232"},{"taxonomy":"post_tag","embeddable":true,"href":"https:\/\/www.mormaii.com.br\/site\/wp-json\/wp\/v2\/tags?post=59232"}],"curies":[{"name":"wp","href":"https:\/\/api.w.org\/{rel}","templated":true}]}}