{"id":59299,"date":"2024-07-19T08:00:12","date_gmt":"2024-07-19T11:00:12","guid":{"rendered":"https:\/\/www.mormaii.com.br\/site\/?p=59299"},"modified":"2024-07-17T01:41:37","modified_gmt":"2024-07-17T04:41:37","slug":"guilherme-basseto-espera-conquistar-vaga-para-final-nos-jogos-de-paris","status":"publish","type":"post","link":"https:\/\/www.mormaii.com.br\/site\/guilherme-basseto-espera-conquistar-vaga-para-final-nos-jogos-de-paris\/","title":{"rendered":"Guilherme Basseto espera conquistar vaga para final nos Jogos de Paris"},"content":{"rendered":"<p><span style=\"font-weight: 400;\">Nadador de Ribeir\u00e3o Preto far\u00e1 parte da equipe de revezamento 4x100m medley em Paris<\/span><\/p>\n<p><span style=\"font-weight: 400;\"><img loading=\"lazy\" decoding=\"async\" class=\"alignnone wp-image-59300\" src=\"https:\/\/www.mormaii.com.br\/site\/wp-content\/uploads\/2024\/07\/photo-output-6-300x200.jpeg\" alt=\"\" width=\"500\" height=\"333\" srcset=\"https:\/\/www.mormaii.com.br\/site\/wp-content\/uploads\/2024\/07\/photo-output-6-300x200.jpeg 300w, https:\/\/www.mormaii.com.br\/site\/wp-content\/uploads\/2024\/07\/photo-output-6-1024x683.jpeg 1024w, https:\/\/www.mormaii.com.br\/site\/wp-content\/uploads\/2024\/07\/photo-output-6-768x512.jpeg 768w, https:\/\/www.mormaii.com.br\/site\/wp-content\/uploads\/2024\/07\/photo-output-6-1536x1025.jpeg 1536w, https:\/\/www.mormaii.com.br\/site\/wp-content\/uploads\/2024\/07\/photo-output-6-1170x780.jpeg 1170w, https:\/\/www.mormaii.com.br\/site\/wp-content\/uploads\/2024\/07\/photo-output-6.jpeg 2048w\" sizes=\"(max-width: 500px) 100vw, 500px\" \/><br \/>\nFotos Felippe Luque<\/span><\/p>\n<p><span style=\"font-weight: 400;\">O paulista Guilherme Basseto ser\u00e1 um dos 18 atletas da nata\u00e7\u00e3o que ir\u00e1 representar o Brasil nos Jogos Ol\u00edmpicos de Paris, que acontecem entre os dias 26 de julho e 11 de agosto na capital francesa. O nadador de 27 anos, que vai para a sua segunda olimp\u00edada, far\u00e1 parte da equipe de revezamento 4x100m medley. Basseto, que \u00e9 especialista no nado de costas, espera ter um bom desempenho e ajudar a equipe a chegar a final ol\u00edmpica do revezamento.<\/span><\/p>\n<p><span style=\"font-weight: 400;\">\u201cQuando os Jogos Ol\u00edmpicos se aproximam, \u00e9 tudo ou nada. O atleta molda a sua vida toda somente para este momento. Ent\u00e3o, a minha expectativa \u00e9 muito boa para os Jogos. Seria \u00f3timo conquistar uma vaga na final do revezamento 4x100m medley e estar entre as oito melhores equipes do mundo. E na final, tudo pode acontecer\u201d, disse Basseto.<\/span><\/p>\n<p><span style=\"font-weight: 400;\">Faltando poucos dias para o in\u00edcio dos Jogos, o nadador de Ribeir\u00e3o Preto est\u00e1 se cercando de cuidados para chegar 100% saud\u00e1vel \u00e0 Paris e poder dar o seu melhor na competi\u00e7\u00e3o.\u00a0<\/span><\/p>\n<p><span style=\"font-weight: 400;\">\u201cO treino na \u00e1gua e na prepara\u00e7\u00e3o f\u00edsica est\u00e1 muito bem encaixado, juntamente com a parte de suplementa\u00e7\u00e3o e alimenta\u00e7\u00e3o. Nessa reta final o importante \u00e9 manter a sa\u00fade e o sistema imunol\u00f3gico bem preparado para as mudan\u00e7as clim\u00e1ticas e fuso hor\u00e1rio, que costumamos sentir nas trocas de esta\u00e7\u00f5es e viagens a outros pa\u00edses. Aos poucos os \u00faltimos detalhes f\u00edsicos v\u00e3o se ajustando conforme iniciamos o descanso final para iniciar a competi\u00e7\u00e3o\u201d, concluiu Basseto.<\/span><\/p>\n","protected":false},"excerpt":{"rendered":"<p>Nadador de Ribeir\u00e3o Preto far\u00e1 parte da equipe de revezamento 4x100m medley em Paris Fotos Felippe Luque O paulista Guilherme Basseto ser\u00e1 um dos 18 atletas da nata\u00e7\u00e3o que ir\u00e1 representar o Brasil nos Jogos Ol\u00edmpicos de Paris, que acontecem entre os dias 26 de julho e 11 de agosto na capital francesa. O nadador [&hellip;]<\/p>\n","protected":false},"author":13,"featured_media":59300,"comment_status":"closed","ping_status":"closed","sticky":false,"template":"","format":"standard","meta":{"_uag_custom_page_level_css":"","_mi_skip_tracking":false,"footnotes":""},"categories":[1],"tags":[],"class_list":["post-59299","post","type-post","status-publish","format-standard","has-post-thumbnail","hentry","category-historia"],"acf":[],"uagb_featured_image_src":{"full":["https:\/\/www.mormaii.com.br\/site\/wp-content\/uploads\/2024\/07\/photo-output-6.jpeg",2048,1366,false],"thumbnail":["https:\/\/www.mormaii.com.br\/site\/wp-content\/uploads\/2024\/07\/photo-output-6-150x150.jpeg",150,150,true],"medium":["https:\/\/www.mormaii.com.br\/site\/wp-content\/uploads\/2024\/07\/photo-output-6-300x200.jpeg",300,200,true],"medium_large":["https:\/\/www.mormaii.com.br\/site\/wp-content\/uploads\/2024\/07\/photo-output-6-768x512.jpeg",768,512,true],"large":["https:\/\/www.mormaii.com.br\/site\/wp-content\/uploads\/2024\/07\/photo-output-6-1024x683.jpeg",1024,683,true],"1536x1536":["https:\/\/www.mormaii.com.br\/site\/wp-content\/uploads\/2024\/07\/photo-output-6-1536x1025.jpeg",1536,1025,true],"2048x2048":["https:\/\/www.mormaii.com.br\/site\/wp-content\/uploads\/2024\/07\/photo-output-6.jpeg",2048,1366,false],"qi_addons_for_elementor_image_size_square":["https:\/\/www.mormaii.com.br\/site\/wp-content\/uploads\/2024\/07\/photo-output-6-650x650.jpeg",650,650,true],"qi_addons_for_elementor_image_size_landscape":["https:\/\/www.mormaii.com.br\/site\/wp-content\/uploads\/2024\/07\/photo-output-6-1300x650.jpeg",1300,650,true],"qi_addons_for_elementor_image_size_portrait":["https:\/\/www.mormaii.com.br\/site\/wp-content\/uploads\/2024\/07\/photo-output-6-650x1300.jpeg",650,1300,true],"qi_addons_for_elementor_image_size_huge-square":["https:\/\/www.mormaii.com.br\/site\/wp-content\/uploads\/2024\/07\/photo-output-6-1300x1300.jpeg",1300,1300,true]},"uagb_author_info":{"display_name":"Fam\u00edlia Mormaii","author_link":"https:\/\/www.mormaii.com.br\/site\/author\/maira\/"},"uagb_comment_info":0,"uagb_excerpt":"Nadador de Ribeir\u00e3o Preto far\u00e1 parte da equipe de revezamento 4x100m medley em Paris Fotos Felippe Luque O paulista Guilherme Basseto ser\u00e1 um dos 18 atletas da nata\u00e7\u00e3o que ir\u00e1 representar o Brasil nos Jogos Ol\u00edmpicos de Paris, que acontecem entre os dias 26 de julho e 11 de agosto na capital francesa. O nadador&hellip;","_links":{"self":[{"href":"https:\/\/www.mormaii.com.br\/site\/wp-json\/wp\/v2\/posts\/59299"}],"collection":[{"href":"https:\/\/www.mormaii.com.br\/site\/wp-json\/wp\/v2\/posts"}],"about":[{"href":"https:\/\/www.mormaii.com.br\/site\/wp-json\/wp\/v2\/types\/post"}],"author":[{"embeddable":true,"href":"https:\/\/www.mormaii.com.br\/site\/wp-json\/wp\/v2\/users\/13"}],"replies":[{"embeddable":true,"href":"https:\/\/www.mormaii.com.br\/site\/wp-json\/wp\/v2\/comments?post=59299"}],"version-history":[{"count":2,"href":"https:\/\/www.mormaii.com.br\/site\/wp-json\/wp\/v2\/posts\/59299\/revisions"}],"predecessor-version":[{"id":59302,"href":"https:\/\/www.mormaii.com.br\/site\/wp-json\/wp\/v2\/posts\/59299\/revisions\/59302"}],"wp:featuredmedia":[{"embeddable":true,"href":"https:\/\/www.mormaii.com.br\/site\/wp-json\/wp\/v2\/media\/59300"}],"wp:attachment":[{"href":"https:\/\/www.mormaii.com.br\/site\/wp-json\/wp\/v2\/media?parent=59299"}],"wp:term":[{"taxonomy":"category","embeddable":true,"href":"https:\/\/www.mormaii.com.br\/site\/wp-json\/wp\/v2\/categories?post=59299"},{"taxonomy":"post_tag","embeddable":true,"href":"https:\/\/www.mormaii.com.br\/site\/wp-json\/wp\/v2\/tags?post=59299"}],"curies":[{"name":"wp","href":"https:\/\/api.w.org\/{rel}","templated":true}]}}