{"id":59384,"date":"2024-08-13T08:00:05","date_gmt":"2024-08-13T11:00:05","guid":{"rendered":"https:\/\/www.mormaii.com.br\/site\/?p=59384"},"modified":"2024-08-16T14:11:12","modified_gmt":"2024-08-16T17:11:12","slug":"atletas-mormaii-participam-do-trofeu-brasil-jose-finkel-de-natacao","status":"publish","type":"post","link":"https:\/\/www.mormaii.com.br\/site\/atletas-mormaii-participam-do-trofeu-brasil-jose-finkel-de-natacao\/","title":{"rendered":"Atletas Mormaii participam do Trof\u00e9u Brasil Jos\u00e9 Finkel de nata\u00e7\u00e3o"},"content":{"rendered":"<p>Ap\u00f3s o t\u00e9rmino dos Jogos Ol\u00edmpicos de Paris 2024, a nata\u00e7\u00e3o brasileira j\u00e1 est\u00e1 de olho no pr\u00f3ximo ciclo ol\u00edmpico. E a primeira competi\u00e7\u00e3o ser\u00e1 o Trof\u00e9u Brasil Jos\u00e9 Finkel, que come\u00e7a hoje (12) e vai at\u00e9 o dia 17 de agosto no espa\u00e7o Swim Floripa, em Jurer\u00ea Internacional, em Santa Catarina.<\/p>\n<p>O torneio vai contar com com grandes nomes da nata\u00e7\u00e3o, incluindo atletas que representaram o Brasil na piscina da capital francesa, como os atletas Mormaii, Fernando Scheffer, Guilherme Basseto e Maria Paula Heitmann. Al\u00e9m dos tr\u00eas citados, est\u00e3o confirmados no Trof\u00e9u Brasil os nadadores Mormaii L\u00e9o de Deus e Alexandre Finco.<\/p>\n<p style=\"text-align: center;\"><strong>Calend\u00e1rio de provas Atletas Mormaii | Trof\u00e9u Brasil Jos\u00e9 Finkel<\/strong><\/p>\n<p style=\"text-align: center;\"><strong>L\u00e9o de Deus<\/strong><br \/>\n200m borboleta &#8211; quinta &#8211; 15\/08<\/p>\n<p style=\"text-align: center;\"><strong>Alexandre Finco<\/strong><br \/>\n1.500 &#8211; 16\/08 sexta &#8211; 10h<br \/>\n800m &#8211; 17\/08 sabado &#8211; 10h<\/p>\n<p style=\"text-align: center;\"><strong>Maria Paula Heitmann<\/strong><br \/>\n400 livre &#8211; 1\u00aa Etapa &#8211; 13\/08<br \/>\n100 livre &#8211; 3\u00aa Etapa &#8211; 15\/07<br \/>\n800 livre &#8211; 3\u00aa Etapa &#8211; 15\/08<br \/>\n200 livre &#8211; 4\u00aa Etapa &#8211; 16\/08<\/p>\n<p style=\"text-align: center;\"><strong>Guilherme Basseto<\/strong><br \/>\n50 costas &#8211; 3\u00aa Etapa &#8211; 15\/08<br \/>\n100 costas &#8211; 5\u00aa Etapa &#8211; 17\/08<\/p>\n<p style=\"text-align: center;\"><strong>Fernando Scheffer<\/strong><br \/>\n400 livre &#8211; 1\u00aa Etapa &#8211; 13\/08<br \/>\n100 livre &#8211; 3\u00aa Etapa &#8211; 15\/07<br \/>\n200 livre &#8211; 4\u00aa Etapa &#8211; 16\/08<br \/>\n800 livre &#8211; 5\u00aa Etapa &#8211; 17\/08<\/p>\n<p>O Trof\u00e9u Brasil Jos\u00e9 Finkel, um dos campeonatos de nata\u00e7\u00e3o mais importantes do pa\u00eds, servir\u00e1 de seletiva nacional \u00fanica para a forma\u00e7\u00e3o da sele\u00e7\u00e3o Brasileira que vai ao Campeonato Mundial de piscina curta em Budapeste, na Hungria, em dezembro.<\/p>\n","protected":false},"excerpt":{"rendered":"<p>Ap\u00f3s o t\u00e9rmino dos Jogos Ol\u00edmpicos de Paris 2024, a nata\u00e7\u00e3o brasileira j\u00e1 est\u00e1 de olho no pr\u00f3ximo ciclo ol\u00edmpico. E a primeira competi\u00e7\u00e3o ser\u00e1 o Trof\u00e9u Brasil Jos\u00e9 Finkel, que come\u00e7a hoje (12) e vai at\u00e9 o dia 17 de agosto no espa\u00e7o Swim Floripa, em Jurer\u00ea Internacional, em Santa Catarina. O torneio vai [&hellip;]<\/p>\n","protected":false},"author":13,"featured_media":59385,"comment_status":"closed","ping_status":"closed","sticky":false,"template":"","format":"standard","meta":{"_uag_custom_page_level_css":"","_mi_skip_tracking":false,"footnotes":""},"categories":[36,40,914,939],"tags":[],"class_list":["post-59384","post","type-post","status-publish","format-standard","has-post-thumbnail","hentry","category-atletas","category-esportes","category-mormaii","category-natacao"],"acf":[],"uagb_featured_image_src":{"full":["https:\/\/www.mormaii.com.br\/site\/wp-content\/uploads\/2024\/08\/MP-62-X5.jpg",2560,1707,false],"thumbnail":["https:\/\/www.mormaii.com.br\/site\/wp-content\/uploads\/2024\/08\/MP-62-X5-150x150.jpg",150,150,true],"medium":["https:\/\/www.mormaii.com.br\/site\/wp-content\/uploads\/2024\/08\/MP-62-X5-300x200.jpg",300,200,true],"medium_large":["https:\/\/www.mormaii.com.br\/site\/wp-content\/uploads\/2024\/08\/MP-62-X5-768x512.jpg",768,512,true],"large":["https:\/\/www.mormaii.com.br\/site\/wp-content\/uploads\/2024\/08\/MP-62-X5-1024x683.jpg",1024,683,true],"1536x1536":["https:\/\/www.mormaii.com.br\/site\/wp-content\/uploads\/2024\/08\/MP-62-X5-1536x1024.jpg",1536,1024,true],"2048x2048":["https:\/\/www.mormaii.com.br\/site\/wp-content\/uploads\/2024\/08\/MP-62-X5-2048x1366.jpg",2048,1366,true],"qi_addons_for_elementor_image_size_square":["https:\/\/www.mormaii.com.br\/site\/wp-content\/uploads\/2024\/08\/MP-62-X5-650x650.jpg",650,650,true],"qi_addons_for_elementor_image_size_landscape":["https:\/\/www.mormaii.com.br\/site\/wp-content\/uploads\/2024\/08\/MP-62-X5-1300x650.jpg",1300,650,true],"qi_addons_for_elementor_image_size_portrait":["https:\/\/www.mormaii.com.br\/site\/wp-content\/uploads\/2024\/08\/MP-62-X5-650x1300.jpg",650,1300,true],"qi_addons_for_elementor_image_size_huge-square":["https:\/\/www.mormaii.com.br\/site\/wp-content\/uploads\/2024\/08\/MP-62-X5-1300x1300.jpg",1300,1300,true]},"uagb_author_info":{"display_name":"Fam\u00edlia Mormaii","author_link":"https:\/\/www.mormaii.com.br\/site\/author\/maira\/"},"uagb_comment_info":0,"uagb_excerpt":"Ap\u00f3s o t\u00e9rmino dos Jogos Ol\u00edmpicos de Paris 2024, a nata\u00e7\u00e3o brasileira j\u00e1 est\u00e1 de olho no pr\u00f3ximo ciclo ol\u00edmpico. E a primeira competi\u00e7\u00e3o ser\u00e1 o Trof\u00e9u Brasil Jos\u00e9 Finkel, que come\u00e7a hoje (12) e vai at\u00e9 o dia 17 de agosto no espa\u00e7o Swim Floripa, em Jurer\u00ea Internacional, em Santa Catarina. O torneio vai&hellip;","_links":{"self":[{"href":"https:\/\/www.mormaii.com.br\/site\/wp-json\/wp\/v2\/posts\/59384"}],"collection":[{"href":"https:\/\/www.mormaii.com.br\/site\/wp-json\/wp\/v2\/posts"}],"about":[{"href":"https:\/\/www.mormaii.com.br\/site\/wp-json\/wp\/v2\/types\/post"}],"author":[{"embeddable":true,"href":"https:\/\/www.mormaii.com.br\/site\/wp-json\/wp\/v2\/users\/13"}],"replies":[{"embeddable":true,"href":"https:\/\/www.mormaii.com.br\/site\/wp-json\/wp\/v2\/comments?post=59384"}],"version-history":[{"count":6,"href":"https:\/\/www.mormaii.com.br\/site\/wp-json\/wp\/v2\/posts\/59384\/revisions"}],"predecessor-version":[{"id":59395,"href":"https:\/\/www.mormaii.com.br\/site\/wp-json\/wp\/v2\/posts\/59384\/revisions\/59395"}],"wp:featuredmedia":[{"embeddable":true,"href":"https:\/\/www.mormaii.com.br\/site\/wp-json\/wp\/v2\/media\/59385"}],"wp:attachment":[{"href":"https:\/\/www.mormaii.com.br\/site\/wp-json\/wp\/v2\/media?parent=59384"}],"wp:term":[{"taxonomy":"category","embeddable":true,"href":"https:\/\/www.mormaii.com.br\/site\/wp-json\/wp\/v2\/categories?post=59384"},{"taxonomy":"post_tag","embeddable":true,"href":"https:\/\/www.mormaii.com.br\/site\/wp-json\/wp\/v2\/tags?post=59384"}],"curies":[{"name":"wp","href":"https:\/\/api.w.org\/{rel}","templated":true}]}}