{"id":59455,"date":"2024-09-05T17:19:25","date_gmt":"2024-09-05T20:19:25","guid":{"rendered":"https:\/\/www.mormaii.com.br\/site\/?p=59455"},"modified":"2024-09-05T17:19:25","modified_gmt":"2024-09-05T20:19:25","slug":"atletas-mormaii-disputam-o-mundial-de-beach-tennis-na-italia","status":"publish","type":"post","link":"https:\/\/www.mormaii.com.br\/site\/atletas-mormaii-disputam-o-mundial-de-beach-tennis-na-italia\/","title":{"rendered":"Atletas Mormaii disputam o Mundial de Beach Tennis na It\u00e1lia"},"content":{"rendered":"<p>A It\u00e1lia \u00e9 o ber\u00e7o do Beach Tennis. E foi nas areias italianas que o Brasil ganhou destaque mundial como uma das grandes pot\u00eancias da modalidade. E entre os dias 3 e 8 de setembro, quando acontece o ITF World Championship na cidade litor\u00e2nea de Cenesatico, nossos atletas poder\u00e3o adicionar mais um grande cap\u00edtulo na hist\u00f3ria do Beach Tennis.<\/p>\n<p><img loading=\"lazy\" decoding=\"async\" class=\"alignnone wp-image-59459\" src=\"https:\/\/www.mormaii.com.br\/site\/wp-content\/uploads\/2024\/09\/Captura-de-Tela-2024-09-05-a\u0300s-17.17.05-1024x680.png\" alt=\"\" width=\"680\" height=\"452\" srcset=\"https:\/\/www.mormaii.com.br\/site\/wp-content\/uploads\/2024\/09\/Captura-de-Tela-2024-09-05-a\u0300s-17.17.05-1024x680.png 1024w, https:\/\/www.mormaii.com.br\/site\/wp-content\/uploads\/2024\/09\/Captura-de-Tela-2024-09-05-a\u0300s-17.17.05-300x199.png 300w, https:\/\/www.mormaii.com.br\/site\/wp-content\/uploads\/2024\/09\/Captura-de-Tela-2024-09-05-a\u0300s-17.17.05-768x510.png 768w, https:\/\/www.mormaii.com.br\/site\/wp-content\/uploads\/2024\/09\/Captura-de-Tela-2024-09-05-a\u0300s-17.17.05-1536x1020.png 1536w, https:\/\/www.mormaii.com.br\/site\/wp-content\/uploads\/2024\/09\/Captura-de-Tela-2024-09-05-a\u0300s-17.17.05-2048x1360.png 2048w\" sizes=\"(max-width: 680px) 100vw, 680px\" \/><\/p>\n<p>Terceira no ranking Mundial, a estrela brasileira Vit\u00f3ria Marchezini \u00e9 uma das grandes favoritas a sair com o ouro. Caso ela conquiste o t\u00edtulo, Marchezini tem grandes chances de terminar como a n\u00famero um do mundo. Al\u00e9m do individual feminino, ela tamb\u00e9m tem chances de t\u00edtulo nas duplas femininas, onde far\u00e1 parceria com a paulista Sophia Chow.<\/p>\n<p>Quem tamb\u00e9m estar\u00e1 atuando nas areias italianas \u00e9 Samantha Barijan, primeira brasileira a chegar ao topo do ranking da ITF e a conquistar um t\u00edtulo Mundial. O outro atleta Mormaii que estar\u00e1 em a\u00e7\u00e3o no Mundial de Beach Tennis \u00e9 Vini Font, atual n\u00famero 39 do mundo. Vini \u00e9 tetracampe\u00e3o Mundial e foi o primeiro brasileiro a conquistar o posto de n\u00famero 1 do mundo do ranking da ITF.<\/p>\n","protected":false},"excerpt":{"rendered":"<p>A It\u00e1lia \u00e9 o ber\u00e7o do Beach Tennis. E foi nas areias italianas que o Brasil ganhou destaque mundial como uma das grandes pot\u00eancias da modalidade. E entre os dias 3 e 8 de setembro, quando acontece o ITF World Championship na cidade litor\u00e2nea de Cenesatico, nossos atletas poder\u00e3o adicionar mais um grande cap\u00edtulo na [&hellip;]<\/p>\n","protected":false},"author":13,"featured_media":59457,"comment_status":"closed","ping_status":"closed","sticky":false,"template":"","format":"standard","meta":{"_uag_custom_page_level_css":"","_mi_skip_tracking":false,"footnotes":""},"categories":[36,923,914],"tags":[],"class_list":["post-59455","post","type-post","status-publish","format-standard","has-post-thumbnail","hentry","category-atletas","category-beach-tennis","category-mormaii"],"acf":[],"uagb_featured_image_src":{"full":["https:\/\/www.mormaii.com.br\/site\/wp-content\/uploads\/2024\/09\/Captura-de-Tela-2024-09-05-a\u0300s-17.07.50.png",2254,1354,false],"thumbnail":["https:\/\/www.mormaii.com.br\/site\/wp-content\/uploads\/2024\/09\/Captura-de-Tela-2024-09-05-a\u0300s-17.07.50-150x150.png",150,150,true],"medium":["https:\/\/www.mormaii.com.br\/site\/wp-content\/uploads\/2024\/09\/Captura-de-Tela-2024-09-05-a\u0300s-17.07.50-300x180.png",300,180,true],"medium_large":["https:\/\/www.mormaii.com.br\/site\/wp-content\/uploads\/2024\/09\/Captura-de-Tela-2024-09-05-a\u0300s-17.07.50-768x461.png",768,461,true],"large":["https:\/\/www.mormaii.com.br\/site\/wp-content\/uploads\/2024\/09\/Captura-de-Tela-2024-09-05-a\u0300s-17.07.50-1024x615.png",1024,615,true],"1536x1536":["https:\/\/www.mormaii.com.br\/site\/wp-content\/uploads\/2024\/09\/Captura-de-Tela-2024-09-05-a\u0300s-17.07.50-1536x923.png",1536,923,true],"2048x2048":["https:\/\/www.mormaii.com.br\/site\/wp-content\/uploads\/2024\/09\/Captura-de-Tela-2024-09-05-a\u0300s-17.07.50-2048x1230.png",2048,1230,true],"qi_addons_for_elementor_image_size_square":["https:\/\/www.mormaii.com.br\/site\/wp-content\/uploads\/2024\/09\/Captura-de-Tela-2024-09-05-a\u0300s-17.07.50-650x650.png",650,650,true],"qi_addons_for_elementor_image_size_landscape":["https:\/\/www.mormaii.com.br\/site\/wp-content\/uploads\/2024\/09\/Captura-de-Tela-2024-09-05-a\u0300s-17.07.50-1300x650.png",1300,650,true],"qi_addons_for_elementor_image_size_portrait":["https:\/\/www.mormaii.com.br\/site\/wp-content\/uploads\/2024\/09\/Captura-de-Tela-2024-09-05-a\u0300s-17.07.50-650x1300.png",650,1300,true],"qi_addons_for_elementor_image_size_huge-square":["https:\/\/www.mormaii.com.br\/site\/wp-content\/uploads\/2024\/09\/Captura-de-Tela-2024-09-05-a\u0300s-17.07.50-1300x1300.png",1300,1300,true]},"uagb_author_info":{"display_name":"Fam\u00edlia Mormaii","author_link":"https:\/\/www.mormaii.com.br\/site\/author\/maira\/"},"uagb_comment_info":0,"uagb_excerpt":"A It\u00e1lia \u00e9 o ber\u00e7o do Beach Tennis. E foi nas areias italianas que o Brasil ganhou destaque mundial como uma das grandes pot\u00eancias da modalidade. E entre os dias 3 e 8 de setembro, quando acontece o ITF World Championship na cidade litor\u00e2nea de Cenesatico, nossos atletas poder\u00e3o adicionar mais um grande cap\u00edtulo na&hellip;","_links":{"self":[{"href":"https:\/\/www.mormaii.com.br\/site\/wp-json\/wp\/v2\/posts\/59455"}],"collection":[{"href":"https:\/\/www.mormaii.com.br\/site\/wp-json\/wp\/v2\/posts"}],"about":[{"href":"https:\/\/www.mormaii.com.br\/site\/wp-json\/wp\/v2\/types\/post"}],"author":[{"embeddable":true,"href":"https:\/\/www.mormaii.com.br\/site\/wp-json\/wp\/v2\/users\/13"}],"replies":[{"embeddable":true,"href":"https:\/\/www.mormaii.com.br\/site\/wp-json\/wp\/v2\/comments?post=59455"}],"version-history":[{"count":3,"href":"https:\/\/www.mormaii.com.br\/site\/wp-json\/wp\/v2\/posts\/59455\/revisions"}],"predecessor-version":[{"id":59462,"href":"https:\/\/www.mormaii.com.br\/site\/wp-json\/wp\/v2\/posts\/59455\/revisions\/59462"}],"wp:featuredmedia":[{"embeddable":true,"href":"https:\/\/www.mormaii.com.br\/site\/wp-json\/wp\/v2\/media\/59457"}],"wp:attachment":[{"href":"https:\/\/www.mormaii.com.br\/site\/wp-json\/wp\/v2\/media?parent=59455"}],"wp:term":[{"taxonomy":"category","embeddable":true,"href":"https:\/\/www.mormaii.com.br\/site\/wp-json\/wp\/v2\/categories?post=59455"},{"taxonomy":"post_tag","embeddable":true,"href":"https:\/\/www.mormaii.com.br\/site\/wp-json\/wp\/v2\/tags?post=59455"}],"curies":[{"name":"wp","href":"https:\/\/api.w.org\/{rel}","templated":true}]}}