{"id":59575,"date":"2024-11-01T08:30:40","date_gmt":"2024-11-01T11:30:40","guid":{"rendered":"https:\/\/www.mormaii.com.br\/site\/?p=59575"},"modified":"2024-11-05T17:39:59","modified_gmt":"2024-11-05T20:39:59","slug":"desfile-de-outono-inverno-apresenta-nova-colecao-de-malha-e-jeans-da-mormaii","status":"publish","type":"post","link":"https:\/\/www.mormaii.com.br\/site\/desfile-de-outono-inverno-apresenta-nova-colecao-de-malha-e-jeans-da-mormaii\/","title":{"rendered":"Desfile de outono inverno apresenta nova cole\u00e7\u00e3o de malha e jeans da Mormaii"},"content":{"rendered":"<p>A pr\u00f3xima cole\u00e7\u00e3o outono\/inverno 2025 da Mormaii foi lan\u00e7ada em um desfile incr\u00edvel durante a conven\u00e7\u00e3o com nossos representantes comerciais no Hotel Marambaia, em Balne\u00e1rio Cambori\u00fa. O evento, que contou com a presen\u00e7a dos nossos atletas Miguel Pupo e Marcos Gabriel, celebrou o DNA da marca, que \u00e9 sin\u00f4nimo de liberdade e aventura.<\/p>\n<p style=\"text-align: left;\"><strong>Uma Cole\u00e7\u00e3o Inspirada pela Natureza<\/strong><\/p>\n<p><img loading=\"lazy\" decoding=\"async\" class=\"alignnone wp-image-59587\" src=\"https:\/\/www.mormaii.com.br\/site\/wp-content\/uploads\/2024\/11\/0F0A2380-1-300x200.jpg\" alt=\"\" width=\"600\" height=\"400\" srcset=\"https:\/\/www.mormaii.com.br\/site\/wp-content\/uploads\/2024\/11\/0F0A2380-1-300x200.jpg 300w, https:\/\/www.mormaii.com.br\/site\/wp-content\/uploads\/2024\/11\/0F0A2380-1-1024x683.jpg 1024w, https:\/\/www.mormaii.com.br\/site\/wp-content\/uploads\/2024\/11\/0F0A2380-1-768x512.jpg 768w, https:\/\/www.mormaii.com.br\/site\/wp-content\/uploads\/2024\/11\/0F0A2380-1-1536x1024.jpg 1536w, https:\/\/www.mormaii.com.br\/site\/wp-content\/uploads\/2024\/11\/0F0A2380-1-2048x1365.jpg 2048w\" sizes=\"(max-width: 600px) 100vw, 600px\" \/><\/p>\n<p>A nova linha de malha e jeans da Mormaii reflete a ess\u00eancia da marca, trazendo \u00e0 tona a conex\u00e3o com a natureza e a vontade de explorar. As pe\u00e7as, criadas pelas estilistas Teresa Bianchini (malha) e Larissa e Patr\u00edcia Depieri (jeans), proporcionam equil\u00edbrio perfeito entre estilo, funcionalidade e conforto. Cada item \u00e9 pensado para acompanhar voc\u00ea em suas aventuras, seja em trilhas desafiadoras ou momentos de lazer ao ar livre.<\/p>\n<h3><img loading=\"lazy\" decoding=\"async\" class=\"alignnone wp-image-59578\" src=\"https:\/\/www.mormaii.com.br\/site\/wp-content\/uploads\/2024\/11\/0F0A2355-300x200.jpg\" alt=\"\" width=\"600\" height=\"400\" srcset=\"https:\/\/www.mormaii.com.br\/site\/wp-content\/uploads\/2024\/11\/0F0A2355-300x200.jpg 300w, https:\/\/www.mormaii.com.br\/site\/wp-content\/uploads\/2024\/11\/0F0A2355-1024x683.jpg 1024w, https:\/\/www.mormaii.com.br\/site\/wp-content\/uploads\/2024\/11\/0F0A2355-768x512.jpg 768w, https:\/\/www.mormaii.com.br\/site\/wp-content\/uploads\/2024\/11\/0F0A2355-1536x1024.jpg 1536w, https:\/\/www.mormaii.com.br\/site\/wp-content\/uploads\/2024\/11\/0F0A2355-2048x1365.jpg 2048w\" sizes=\"(max-width: 600px) 100vw, 600px\" \/><\/h3>\n<p>Com um desfile impec\u00e1vel e uma energia contagiante, a cole\u00e7\u00e3o se destaca pela versatilidade e modernidade. A Mormaii, como sempre, prioriza a qualidade e o design inovador, para que voc\u00ea possa viver cada momento com liberdade.<\/p>\n<p><img loading=\"lazy\" decoding=\"async\" class=\"alignnone wp-image-59581\" src=\"https:\/\/www.mormaii.com.br\/site\/wp-content\/uploads\/2024\/11\/desfile-mormaii-300x200.jpg\" alt=\"\" width=\"600\" height=\"400\" srcset=\"https:\/\/www.mormaii.com.br\/site\/wp-content\/uploads\/2024\/11\/desfile-mormaii-300x200.jpg 300w, https:\/\/www.mormaii.com.br\/site\/wp-content\/uploads\/2024\/11\/desfile-mormaii-1024x683.jpg 1024w, https:\/\/www.mormaii.com.br\/site\/wp-content\/uploads\/2024\/11\/desfile-mormaii-768x512.jpg 768w, https:\/\/www.mormaii.com.br\/site\/wp-content\/uploads\/2024\/11\/desfile-mormaii-1536x1024.jpg 1536w, https:\/\/www.mormaii.com.br\/site\/wp-content\/uploads\/2024\/11\/desfile-mormaii-2048x1365.jpg 2048w\" sizes=\"(max-width: 600px) 100vw, 600px\" \/><\/p>\n<p>Das ondas para as montanhas, a Mormaii sempre esteve ao lado daqueles que buscam viver a vida ao m\u00e1ximo, sem limites. Agora, mais do que nunca, nossa ess\u00eancia de liberdade e aventura \u00e9 refletida em cada detalhe da nova cole\u00e7\u00e3o de inverno 2025.<\/p>\n","protected":false},"excerpt":{"rendered":"<p>A pr\u00f3xima cole\u00e7\u00e3o outono\/inverno 2025 da Mormaii foi lan\u00e7ada em um desfile incr\u00edvel durante a conven\u00e7\u00e3o com nossos representantes comerciais no Hotel Marambaia, em Balne\u00e1rio Cambori\u00fa. O evento, que contou com a presen\u00e7a dos nossos atletas Miguel Pupo e Marcos Gabriel, celebrou o DNA da marca, que \u00e9 sin\u00f4nimo de liberdade e aventura. Uma Cole\u00e7\u00e3o [&hellip;]<\/p>\n","protected":false},"author":13,"featured_media":59576,"comment_status":"closed","ping_status":"closed","sticky":false,"template":"","format":"standard","meta":{"_uag_custom_page_level_css":"","_mi_skip_tracking":false,"footnotes":""},"categories":[38,942,914,7],"tags":[],"class_list":["post-59575","post","type-post","status-publish","format-standard","has-post-thumbnail","hentry","category-eventos","category-feiras-e-convencoes","category-mormaii","category-novidades"],"acf":[],"uagb_featured_image_src":{"full":["https:\/\/www.mormaii.com.br\/site\/wp-content\/uploads\/2024\/11\/0F0A2229-scaled.jpg",2560,1440,false],"thumbnail":["https:\/\/www.mormaii.com.br\/site\/wp-content\/uploads\/2024\/11\/0F0A2229-150x150.jpg",150,150,true],"medium":["https:\/\/www.mormaii.com.br\/site\/wp-content\/uploads\/2024\/11\/0F0A2229-300x169.jpg",300,169,true],"medium_large":["https:\/\/www.mormaii.com.br\/site\/wp-content\/uploads\/2024\/11\/0F0A2229-768x432.jpg",768,432,true],"large":["https:\/\/www.mormaii.com.br\/site\/wp-content\/uploads\/2024\/11\/0F0A2229-1024x576.jpg",1024,576,true],"1536x1536":["https:\/\/www.mormaii.com.br\/site\/wp-content\/uploads\/2024\/11\/0F0A2229-1536x864.jpg",1536,864,true],"2048x2048":["https:\/\/www.mormaii.com.br\/site\/wp-content\/uploads\/2024\/11\/0F0A2229-2048x1152.jpg",2048,1152,true],"qi_addons_for_elementor_image_size_square":["https:\/\/www.mormaii.com.br\/site\/wp-content\/uploads\/2024\/11\/0F0A2229-650x650.jpg",650,650,true],"qi_addons_for_elementor_image_size_landscape":["https:\/\/www.mormaii.com.br\/site\/wp-content\/uploads\/2024\/11\/0F0A2229-1300x650.jpg",1300,650,true],"qi_addons_for_elementor_image_size_portrait":["https:\/\/www.mormaii.com.br\/site\/wp-content\/uploads\/2024\/11\/0F0A2229-650x1300.jpg",650,1300,true],"qi_addons_for_elementor_image_size_huge-square":["https:\/\/www.mormaii.com.br\/site\/wp-content\/uploads\/2024\/11\/0F0A2229-1300x1300.jpg",1300,1300,true]},"uagb_author_info":{"display_name":"Fam\u00edlia Mormaii","author_link":"https:\/\/www.mormaii.com.br\/site\/author\/maira\/"},"uagb_comment_info":0,"uagb_excerpt":"A pr\u00f3xima cole\u00e7\u00e3o outono\/inverno 2025 da Mormaii foi lan\u00e7ada em um desfile incr\u00edvel durante a conven\u00e7\u00e3o com nossos representantes comerciais no Hotel Marambaia, em Balne\u00e1rio Cambori\u00fa. O evento, que contou com a presen\u00e7a dos nossos atletas Miguel Pupo e Marcos Gabriel, celebrou o DNA da marca, que \u00e9 sin\u00f4nimo de liberdade e aventura. Uma Cole\u00e7\u00e3o&hellip;","_links":{"self":[{"href":"https:\/\/www.mormaii.com.br\/site\/wp-json\/wp\/v2\/posts\/59575"}],"collection":[{"href":"https:\/\/www.mormaii.com.br\/site\/wp-json\/wp\/v2\/posts"}],"about":[{"href":"https:\/\/www.mormaii.com.br\/site\/wp-json\/wp\/v2\/types\/post"}],"author":[{"embeddable":true,"href":"https:\/\/www.mormaii.com.br\/site\/wp-json\/wp\/v2\/users\/13"}],"replies":[{"embeddable":true,"href":"https:\/\/www.mormaii.com.br\/site\/wp-json\/wp\/v2\/comments?post=59575"}],"version-history":[{"count":11,"href":"https:\/\/www.mormaii.com.br\/site\/wp-json\/wp\/v2\/posts\/59575\/revisions"}],"predecessor-version":[{"id":59590,"href":"https:\/\/www.mormaii.com.br\/site\/wp-json\/wp\/v2\/posts\/59575\/revisions\/59590"}],"wp:featuredmedia":[{"embeddable":true,"href":"https:\/\/www.mormaii.com.br\/site\/wp-json\/wp\/v2\/media\/59576"}],"wp:attachment":[{"href":"https:\/\/www.mormaii.com.br\/site\/wp-json\/wp\/v2\/media?parent=59575"}],"wp:term":[{"taxonomy":"category","embeddable":true,"href":"https:\/\/www.mormaii.com.br\/site\/wp-json\/wp\/v2\/categories?post=59575"},{"taxonomy":"post_tag","embeddable":true,"href":"https:\/\/www.mormaii.com.br\/site\/wp-json\/wp\/v2\/tags?post=59575"}],"curies":[{"name":"wp","href":"https:\/\/api.w.org\/{rel}","templated":true}]}}