{"id":59631,"date":"2024-12-09T16:27:04","date_gmt":"2024-12-09T19:27:04","guid":{"rendered":"https:\/\/www.mormaii.com.br\/site\/?p=59631"},"modified":"2025-01-15T16:25:56","modified_gmt":"2025-01-15T19:25:56","slug":"luara-mandelli-uma-promessa-do-surf-brasileiro","status":"publish","type":"post","link":"https:\/\/www.mormaii.com.br\/site\/luara-mandelli-uma-promessa-do-surf-brasileiro\/","title":{"rendered":"Luara Mandelli: Uma Promessa do Surf Brasileiro"},"content":{"rendered":"<p>Com apenas 16 anos, Luara Mandelli, atleta da Sele\u00e7\u00e3o Brasileira J\u00fanior de Surf, encerrou a temporada de 2024 com grandes conquistas, consolidando ainda mais seu nome entre principais nomes da nova gera\u00e7\u00e3o do esporte.<\/p>\n<p>Na semana passada, Luara brilhou ao conquistar o 3\u00ba lugar na Ta\u00e7a Brasil, realizada em Torres, Rio Grande do Sul. Com esse resultado, ela tamb\u00e9m garantiu sua posi\u00e7\u00e3o entre as Top 10 do ranking do circuito Ta\u00e7a Brasil, coroando um ano de muita dedica\u00e7\u00e3o e evolu\u00e7\u00e3o.<\/p>\n<p>O \u00faltimo final de semana marcou mais um grande momento de sua carreira, com a etapa final do Dream Tour, o circuito da primeira divis\u00e3o do surf profissional brasileiro. Luara subiu ao p\u00f3dio novamente, ficando com a 3\u00aa coloca\u00e7\u00e3o, o que a levou a terminar a temporada entre as Top 10 do circuito profissional brasileiro.<\/p>\n<p>A temporada de 2024 tamb\u00e9m reservou para a atleta o t\u00edtulo de Vice-Campe\u00e3 Brasileira Sub-16 e a t\u00e3o sonhada vaga garantida para o Mundial de Surf 2025, onde Luara representar\u00e1 o Brasil entre os melhores atletas do planeta.<\/p>\n<p><img loading=\"lazy\" decoding=\"async\" class=\"alignnone wp-image-59633\" src=\"https:\/\/www.mormaii.com.br\/site\/wp-content\/uploads\/2024\/12\/fa3191fa-8b11-49b1-8c98-c6134b17dc7e-300x240.jpeg\" alt=\"\" width=\"600\" height=\"480\" srcset=\"https:\/\/www.mormaii.com.br\/site\/wp-content\/uploads\/2024\/12\/fa3191fa-8b11-49b1-8c98-c6134b17dc7e-300x240.jpeg 300w, https:\/\/www.mormaii.com.br\/site\/wp-content\/uploads\/2024\/12\/fa3191fa-8b11-49b1-8c98-c6134b17dc7e-1024x819.jpeg 1024w, https:\/\/www.mormaii.com.br\/site\/wp-content\/uploads\/2024\/12\/fa3191fa-8b11-49b1-8c98-c6134b17dc7e-768x614.jpeg 768w, https:\/\/www.mormaii.com.br\/site\/wp-content\/uploads\/2024\/12\/fa3191fa-8b11-49b1-8c98-c6134b17dc7e-1536x1229.jpeg 1536w, https:\/\/www.mormaii.com.br\/site\/wp-content\/uploads\/2024\/12\/fa3191fa-8b11-49b1-8c98-c6134b17dc7e.jpeg 1599w\" sizes=\"(max-width: 600px) 100vw, 600px\" \/><\/p>\n<p>Al\u00e9m de seu desempenho nas competi\u00e7\u00f5es, Luara faz parte de dois projetos fundamentais para o desenvolvimento esportivo no Brasil: o Jovens Talentos do COB (Comit\u00ea Ol\u00edmpico Brasileiro) e o Gera\u00e7\u00e3o Ol\u00edmpica, onde \u00e9 bolsista. Essas iniciativas t\u00eam sido essenciais para sua trajet\u00f3ria e o fortalecimento de sua carreira como atleta de alto rendimento.<\/p>\n<p>Com determina\u00e7\u00e3o e muito talento, Luara Mandelli segue superando limites e levando o nome do Brasil cada vez mais longe. A jovem promessa do surf se prepara para um 2025 repleto de desafios e novas conquistas, consolidando-se como um dos maiores talentos do esporte nacional.<\/p>\n<p>Que venham as pr\u00f3ximas ondas e mais um ano de sucesso para essa estrela brasileira!<\/p>\n","protected":false},"excerpt":{"rendered":"<p>Com apenas 16 anos, Luara Mandelli, atleta da Sele\u00e7\u00e3o Brasileira J\u00fanior de Surf, encerrou a temporada de 2024 com grandes conquistas, consolidando ainda mais seu nome entre principais nomes da nova gera\u00e7\u00e3o do esporte. Na semana passada, Luara brilhou ao conquistar o 3\u00ba lugar na Ta\u00e7a Brasil, realizada em Torres, Rio Grande do Sul. Com [&hellip;]<\/p>\n","protected":false},"author":13,"featured_media":59632,"comment_status":"closed","ping_status":"closed","sticky":false,"template":"","format":"standard","meta":{"_uag_custom_page_level_css":"","_mi_skip_tracking":false,"footnotes":""},"categories":[36,40,914,345],"tags":[],"class_list":["post-59631","post","type-post","status-publish","format-standard","has-post-thumbnail","hentry","category-atletas","category-esportes","category-mormaii","category-surf"],"acf":[],"uagb_featured_image_src":{"full":["https:\/\/www.mormaii.com.br\/site\/wp-content\/uploads\/2024\/12\/PHOTO-2024-12-02-12-22-23.jpeg",1600,1142,false],"thumbnail":["https:\/\/www.mormaii.com.br\/site\/wp-content\/uploads\/2024\/12\/PHOTO-2024-12-02-12-22-23-150x150.jpeg",150,150,true],"medium":["https:\/\/www.mormaii.com.br\/site\/wp-content\/uploads\/2024\/12\/PHOTO-2024-12-02-12-22-23-300x214.jpeg",300,214,true],"medium_large":["https:\/\/www.mormaii.com.br\/site\/wp-content\/uploads\/2024\/12\/PHOTO-2024-12-02-12-22-23-768x548.jpeg",768,548,true],"large":["https:\/\/www.mormaii.com.br\/site\/wp-content\/uploads\/2024\/12\/PHOTO-2024-12-02-12-22-23-1024x731.jpeg",1024,731,true],"1536x1536":["https:\/\/www.mormaii.com.br\/site\/wp-content\/uploads\/2024\/12\/PHOTO-2024-12-02-12-22-23-1536x1096.jpeg",1536,1096,true],"2048x2048":["https:\/\/www.mormaii.com.br\/site\/wp-content\/uploads\/2024\/12\/PHOTO-2024-12-02-12-22-23.jpeg",1600,1142,false],"qi_addons_for_elementor_image_size_square":["https:\/\/www.mormaii.com.br\/site\/wp-content\/uploads\/2024\/12\/PHOTO-2024-12-02-12-22-23-650x650.jpeg",650,650,true],"qi_addons_for_elementor_image_size_landscape":["https:\/\/www.mormaii.com.br\/site\/wp-content\/uploads\/2024\/12\/PHOTO-2024-12-02-12-22-23-1300x650.jpeg",1300,650,true],"qi_addons_for_elementor_image_size_portrait":["https:\/\/www.mormaii.com.br\/site\/wp-content\/uploads\/2024\/12\/PHOTO-2024-12-02-12-22-23-650x1142.jpeg",650,1142,true],"qi_addons_for_elementor_image_size_huge-square":["https:\/\/www.mormaii.com.br\/site\/wp-content\/uploads\/2024\/12\/PHOTO-2024-12-02-12-22-23-1300x1142.jpeg",1300,1142,true]},"uagb_author_info":{"display_name":"Fam\u00edlia Mormaii","author_link":"https:\/\/www.mormaii.com.br\/site\/author\/maira\/"},"uagb_comment_info":0,"uagb_excerpt":"Com apenas 16 anos, Luara Mandelli, atleta da Sele\u00e7\u00e3o Brasileira J\u00fanior de Surf, encerrou a temporada de 2024 com grandes conquistas, consolidando ainda mais seu nome entre principais nomes da nova gera\u00e7\u00e3o do esporte. Na semana passada, Luara brilhou ao conquistar o 3\u00ba lugar na Ta\u00e7a Brasil, realizada em Torres, Rio Grande do Sul. Com&hellip;","_links":{"self":[{"href":"https:\/\/www.mormaii.com.br\/site\/wp-json\/wp\/v2\/posts\/59631"}],"collection":[{"href":"https:\/\/www.mormaii.com.br\/site\/wp-json\/wp\/v2\/posts"}],"about":[{"href":"https:\/\/www.mormaii.com.br\/site\/wp-json\/wp\/v2\/types\/post"}],"author":[{"embeddable":true,"href":"https:\/\/www.mormaii.com.br\/site\/wp-json\/wp\/v2\/users\/13"}],"replies":[{"embeddable":true,"href":"https:\/\/www.mormaii.com.br\/site\/wp-json\/wp\/v2\/comments?post=59631"}],"version-history":[{"count":2,"href":"https:\/\/www.mormaii.com.br\/site\/wp-json\/wp\/v2\/posts\/59631\/revisions"}],"predecessor-version":[{"id":59637,"href":"https:\/\/www.mormaii.com.br\/site\/wp-json\/wp\/v2\/posts\/59631\/revisions\/59637"}],"wp:featuredmedia":[{"embeddable":true,"href":"https:\/\/www.mormaii.com.br\/site\/wp-json\/wp\/v2\/media\/59632"}],"wp:attachment":[{"href":"https:\/\/www.mormaii.com.br\/site\/wp-json\/wp\/v2\/media?parent=59631"}],"wp:term":[{"taxonomy":"category","embeddable":true,"href":"https:\/\/www.mormaii.com.br\/site\/wp-json\/wp\/v2\/categories?post=59631"},{"taxonomy":"post_tag","embeddable":true,"href":"https:\/\/www.mormaii.com.br\/site\/wp-json\/wp\/v2\/tags?post=59631"}],"curies":[{"name":"wp","href":"https:\/\/api.w.org\/{rel}","templated":true}]}}