{"id":59871,"date":"2025-04-23T16:20:49","date_gmt":"2025-04-23T19:20:49","guid":{"rendered":"https:\/\/www.mormaii.com.br\/site\/?p=59871"},"modified":"2025-04-23T16:20:49","modified_gmt":"2025-04-23T19:20:49","slug":"luara-mandelli-atleta-patrocinada-pela-mormaii-faz-historia-com-vitoria-no-saquarema-pro-junior-da-wsl","status":"publish","type":"post","link":"https:\/\/www.mormaii.com.br\/site\/luara-mandelli-atleta-patrocinada-pela-mormaii-faz-historia-com-vitoria-no-saquarema-pro-junior-da-wsl\/","title":{"rendered":"Luara Mandelli, atleta patrocinada pela Mormaii, faz hist\u00f3ria com vit\u00f3ria no Saquarema Pro Junior da WSL"},"content":{"rendered":"<p class=\"p1\">A jovem promessa do surfe brasileiro, <b>Luara Mandelli<\/b>, de apenas 16 anos, conquistou uma vit\u00f3ria hist\u00f3rica neste fim de semana ao vencer o <b>Saquarema Pro Jr<\/b>, etapa do circuito mundial junior da <b>WSL (World Surf League)<\/b>. Patrocinada pela <b>Mormaii<\/b>, Luara brilhou nas ondas da ic\u00f4nica Praia de Ita\u00fana, em Saquarema (RJ), e se destacou como a \u00fanica brasileira a chegar \u00e0 final feminina, superando grandes nomes do surfe sul-americano.<\/p>\n<p class=\"p1\">Com uma performance t\u00e9cnica e madura, Luara refor\u00e7a seu nome como um dos principais talentos da nova gera\u00e7\u00e3o do surfe nacional. A paranaense, natural de Matinhos, j\u00e1 acumula importantes conquistas, como o bicampeonato brasileiro, o t\u00edtulo paranaense e a medalha de ouro por equipes no <b>ISA World Junior Championship 2023<\/b>, representando o Brasil pela <b>CBSurf<\/b>.<\/p>\n<p class=\"p1\">A vit\u00f3ria em Saquarema, marca mais um passo na promissora carreira da atleta, que agora mira uma vaga no <b>Mundial Junior da WSL 2025<\/b>, competi\u00e7\u00e3o que j\u00e1 revelou estrelas como Gabriel Medina, Filipe Toledo e Matheus Herdy. Luara segue determinada a trilhar esse mesmo caminho \u2014 e faz isso com o apoio da <b>Mormaii<\/b>, marca que h\u00e1 d\u00e9cadas acredita e investe no esporte nacional.<\/p>\n<div id=\"attachment_59873\" style=\"width: 610px\" class=\"wp-caption alignnone\"><img loading=\"lazy\" decoding=\"async\" aria-describedby=\"caption-attachment-59873\" class=\"wp-image-59873\" src=\"https:\/\/www.mormaii.com.br\/site\/wp-content\/uploads\/2025\/04\/WhatsApp-Image-2025-04-22-at-07.41.12-300x200.jpeg\" alt=\"\" width=\"600\" height=\"400\" srcset=\"https:\/\/www.mormaii.com.br\/site\/wp-content\/uploads\/2025\/04\/WhatsApp-Image-2025-04-22-at-07.41.12-300x200.jpeg 300w, https:\/\/www.mormaii.com.br\/site\/wp-content\/uploads\/2025\/04\/WhatsApp-Image-2025-04-22-at-07.41.12-1024x683.jpeg 1024w, https:\/\/www.mormaii.com.br\/site\/wp-content\/uploads\/2025\/04\/WhatsApp-Image-2025-04-22-at-07.41.12-768x512.jpeg 768w, https:\/\/www.mormaii.com.br\/site\/wp-content\/uploads\/2025\/04\/WhatsApp-Image-2025-04-22-at-07.41.12-1536x1024.jpeg 1536w, https:\/\/www.mormaii.com.br\/site\/wp-content\/uploads\/2025\/04\/WhatsApp-Image-2025-04-22-at-07.41.12-2048x1365.jpeg 2048w\" sizes=\"(max-width: 600px) 100vw, 600px\" \/><p id=\"caption-attachment-59873\" class=\"wp-caption-text\"><\/p>\n<pre>Com apenas 16 anos Luara segue evoluindo na modalidade \/ Foto: Divulga\u00e7\u00e3o<\/pre>\n<p><\/p><\/div>\n<p class=\"p1\">\u201cEu ainda estou sem acreditar. Estava visualizando essa vit\u00f3ria todos os dias, nas minhas anota\u00e7\u00f5es, mas ainda n\u00e3o caiu a ficha. A praia estava cheia, todo mundo vibrando comigo, t\u00e3o emocionante! Deus me mandou aquela direita, e estou feliz por ter tido calma para surfar bem e conquistar minha primeira vit\u00f3ria em um evento da WSL\u201d, comemorou a atleta, emocionada.<\/p>\n<p class=\"p1\">Integrante do programa Jovens Talentos do COB (Comit\u00ea Ol\u00edmpico do Brasil), bolsista do Gera\u00e7\u00e3o Ol\u00edmpica do Governo do Paran\u00e1 e atleta da sele\u00e7\u00e3o brasileira j\u00fanior, Luara representa o presente e o futuro do surfe nacional \u2014 e a <b>Mormaii <\/b>se orgulha de fazer parte dessa jornada, incentivando atletas que inspiram, superam e transformam o esporte brasileiro.<\/p>\n","protected":false},"excerpt":{"rendered":"<p>A jovem promessa do surfe brasileiro, Luara Mandelli, de apenas 16 anos, conquistou uma vit\u00f3ria hist\u00f3rica neste fim de semana ao vencer o Saquarema Pro Jr, etapa do circuito mundial junior da WSL (World Surf League). Patrocinada pela Mormaii, Luara brilhou nas ondas da ic\u00f4nica Praia de Ita\u00fana, em Saquarema (RJ), e se destacou como [&hellip;]<\/p>\n","protected":false},"author":10,"featured_media":59872,"comment_status":"closed","ping_status":"closed","sticky":false,"template":"","format":"standard","meta":{"_uag_custom_page_level_css":"","_mi_skip_tracking":false,"footnotes":""},"categories":[36,345],"tags":[],"class_list":["post-59871","post","type-post","status-publish","format-standard","has-post-thumbnail","hentry","category-atletas","category-surf"],"acf":[],"uagb_featured_image_src":{"full":["https:\/\/www.mormaii.com.br\/site\/wp-content\/uploads\/2025\/04\/WhatsApp-Image-2025-04-22-at-07.41.11-scaled.jpeg",2560,1706,false],"thumbnail":["https:\/\/www.mormaii.com.br\/site\/wp-content\/uploads\/2025\/04\/WhatsApp-Image-2025-04-22-at-07.41.11-150x150.jpeg",150,150,true],"medium":["https:\/\/www.mormaii.com.br\/site\/wp-content\/uploads\/2025\/04\/WhatsApp-Image-2025-04-22-at-07.41.11-300x200.jpeg",300,200,true],"medium_large":["https:\/\/www.mormaii.com.br\/site\/wp-content\/uploads\/2025\/04\/WhatsApp-Image-2025-04-22-at-07.41.11-768x512.jpeg",768,512,true],"large":["https:\/\/www.mormaii.com.br\/site\/wp-content\/uploads\/2025\/04\/WhatsApp-Image-2025-04-22-at-07.41.11-1024x683.jpeg",1024,683,true],"1536x1536":["https:\/\/www.mormaii.com.br\/site\/wp-content\/uploads\/2025\/04\/WhatsApp-Image-2025-04-22-at-07.41.11-1536x1024.jpeg",1536,1024,true],"2048x2048":["https:\/\/www.mormaii.com.br\/site\/wp-content\/uploads\/2025\/04\/WhatsApp-Image-2025-04-22-at-07.41.11-2048x1365.jpeg",2048,1365,true],"qi_addons_for_elementor_image_size_square":["https:\/\/www.mormaii.com.br\/site\/wp-content\/uploads\/2025\/04\/WhatsApp-Image-2025-04-22-at-07.41.11-650x650.jpeg",650,650,true],"qi_addons_for_elementor_image_size_landscape":["https:\/\/www.mormaii.com.br\/site\/wp-content\/uploads\/2025\/04\/WhatsApp-Image-2025-04-22-at-07.41.11-1300x650.jpeg",1300,650,true],"qi_addons_for_elementor_image_size_portrait":["https:\/\/www.mormaii.com.br\/site\/wp-content\/uploads\/2025\/04\/WhatsApp-Image-2025-04-22-at-07.41.11-650x1300.jpeg",650,1300,true],"qi_addons_for_elementor_image_size_huge-square":["https:\/\/www.mormaii.com.br\/site\/wp-content\/uploads\/2025\/04\/WhatsApp-Image-2025-04-22-at-07.41.11-1300x1300.jpeg",1300,1300,true]},"uagb_author_info":{"display_name":"Mormaii","author_link":"https:\/\/www.mormaii.com.br\/site\/author\/mormaiifilmes\/"},"uagb_comment_info":0,"uagb_excerpt":"A jovem promessa do surfe brasileiro, Luara Mandelli, de apenas 16 anos, conquistou uma vit\u00f3ria hist\u00f3rica neste fim de semana ao vencer o Saquarema Pro Jr, etapa do circuito mundial junior da WSL (World Surf League). Patrocinada pela Mormaii, Luara brilhou nas ondas da ic\u00f4nica Praia de Ita\u00fana, em Saquarema (RJ), e se destacou como&hellip;","_links":{"self":[{"href":"https:\/\/www.mormaii.com.br\/site\/wp-json\/wp\/v2\/posts\/59871"}],"collection":[{"href":"https:\/\/www.mormaii.com.br\/site\/wp-json\/wp\/v2\/posts"}],"about":[{"href":"https:\/\/www.mormaii.com.br\/site\/wp-json\/wp\/v2\/types\/post"}],"author":[{"embeddable":true,"href":"https:\/\/www.mormaii.com.br\/site\/wp-json\/wp\/v2\/users\/10"}],"replies":[{"embeddable":true,"href":"https:\/\/www.mormaii.com.br\/site\/wp-json\/wp\/v2\/comments?post=59871"}],"version-history":[{"count":6,"href":"https:\/\/www.mormaii.com.br\/site\/wp-json\/wp\/v2\/posts\/59871\/revisions"}],"predecessor-version":[{"id":59879,"href":"https:\/\/www.mormaii.com.br\/site\/wp-json\/wp\/v2\/posts\/59871\/revisions\/59879"}],"wp:featuredmedia":[{"embeddable":true,"href":"https:\/\/www.mormaii.com.br\/site\/wp-json\/wp\/v2\/media\/59872"}],"wp:attachment":[{"href":"https:\/\/www.mormaii.com.br\/site\/wp-json\/wp\/v2\/media?parent=59871"}],"wp:term":[{"taxonomy":"category","embeddable":true,"href":"https:\/\/www.mormaii.com.br\/site\/wp-json\/wp\/v2\/categories?post=59871"},{"taxonomy":"post_tag","embeddable":true,"href":"https:\/\/www.mormaii.com.br\/site\/wp-json\/wp\/v2\/tags?post=59871"}],"curies":[{"name":"wp","href":"https:\/\/api.w.org\/{rel}","templated":true}]}}