{"id":59888,"date":"2025-05-21T08:00:51","date_gmt":"2025-05-21T11:00:51","guid":{"rendered":"https:\/\/www.mormaii.com.br\/site\/?p=59888"},"modified":"2025-05-26T20:27:07","modified_gmt":"2025-05-26T23:27:07","slug":"dream-tour-2025-estreia-em-ipojuca-com-grandes-nomes-do-surfe-nacional-e-ativacoes-da-mormaii","status":"publish","type":"post","link":"https:\/\/www.mormaii.com.br\/site\/dream-tour-2025-estreia-em-ipojuca-com-grandes-nomes-do-surfe-nacional-e-ativacoes-da-mormaii\/","title":{"rendered":"Dream Tour 2025 estreia em Ipojuca com grandes nomes do surfe nacional e ativa\u00e7\u00f5es da Mormaii"},"content":{"rendered":"<p class=\"p1\">A temporada 2025 do Dream Tour, principal circuito da Confedera\u00e7\u00e3o Brasileira de Surf (CBSurf), come\u00e7ou com energia m\u00e1xima na paradis\u00edaca Praia do Borete, em Porto de Galinhas (Ipojuca \u2013 PE). De 13 a 18 de maio, os principais atletas do surfe brasileiro entraram na \u00e1gua em busca de pontos decisivos no ranking e do t\u00e3o almejado t\u00edtulo de campe\u00e3o brasileiro.<\/p>\n<p class=\"p1\">Assim como em 2024, o evento reuniu a elite da modalidade e reafirmou o compromisso com a valoriza\u00e7\u00e3o do esporte e de seus talentos. Este ano, a primeira etapa trouxe uma novidade importante: a <b>Mormaii <\/b>\u00e9 a parceira oficial da CBSurf em 2025 e ter\u00e1 uma presen\u00e7a marcante durante todo o Circuito.<\/p>\n<p class=\"p1\">Na estreia em Ipojuca, a marca \u2013 refer\u00eancia em esportes de a\u00e7\u00e3o e lifestyle \u2013 esteve presente na praia com uma s\u00e9rie de ativa\u00e7\u00f5es para o p\u00fablico, incluindo sorteios de kits exclusivos, rel\u00f3gios, \u00f3culos e bolas de futev\u00f4lei e altinha. A <b>Mormaii <\/b>tamb\u00e9m assina a produ\u00e7\u00e3o oficial das camisas e lycras da competi\u00e7\u00e3o, refor\u00e7ando seu papel como parceira ativa da competi\u00e7\u00e3o.<\/p>\n<div id=\"attachment_59889\" style=\"width: 610px\" class=\"wp-caption alignnone\"><img loading=\"lazy\" decoding=\"async\" aria-describedby=\"caption-attachment-59889\" class=\"wp-image-59889\" src=\"https:\/\/www.mormaii.com.br\/site\/wp-content\/uploads\/2025\/05\/Dia2_DreamTourPE_@pereira_pedro_FotosGerais-80-300x200.jpg\" alt=\"dream tour mormaii luara\" width=\"600\" height=\"400\" srcset=\"https:\/\/www.mormaii.com.br\/site\/wp-content\/uploads\/2025\/05\/Dia2_DreamTourPE_@pereira_pedro_FotosGerais-80-300x200.jpg 300w, https:\/\/www.mormaii.com.br\/site\/wp-content\/uploads\/2025\/05\/Dia2_DreamTourPE_@pereira_pedro_FotosGerais-80-1024x683.jpg 1024w, https:\/\/www.mormaii.com.br\/site\/wp-content\/uploads\/2025\/05\/Dia2_DreamTourPE_@pereira_pedro_FotosGerais-80-768x512.jpg 768w, https:\/\/www.mormaii.com.br\/site\/wp-content\/uploads\/2025\/05\/Dia2_DreamTourPE_@pereira_pedro_FotosGerais-80-1536x1024.jpg 1536w, https:\/\/www.mormaii.com.br\/site\/wp-content\/uploads\/2025\/05\/Dia2_DreamTourPE_@pereira_pedro_FotosGerais-80-2048x1366.jpg 2048w\" sizes=\"(max-width: 600px) 100vw, 600px\" \/><p id=\"caption-attachment-59889\" class=\"wp-caption-text\">Luara Mandelli finalizou sua participa\u00e7\u00e3o na 9\u00aa coloca\u00e7\u00e3o Foto: Pereira Pedro<\/p><\/div>\n<p class=\"p1\">Al\u00e9m dos grandes nomes do surfe nacional, a etapa contou com jovens talentos em ascens\u00e3o. Um dos destaques foi Arthur Villar, surfista pernambucano e wildcard da etapa, que teve a chance de competir entre os melhores do Brasil diante de sua torcida local. Arthur, atleta <b>Mormaii<\/b>, terminou na 33\u00aa coloca\u00e7\u00e3o e celebrou a oportunidade:<\/p>\n<p class=\"p1\">\u201cA experi\u00eancia foi muito irada porque eu consegui puxar meu n\u00edvel. Fui com os profissionais, consegui mostrar meu surf na primeira bateria e isso agora me motiva a treinar ainda mais\u201d, comentou Arthur.<\/p>\n<p class=\"p1\">J\u00e1 na categoria feminina, a expectativa foi alta para o desempenho de Luara Mandelli, tamb\u00e9m atleta <b>Mormaii<\/b>, que vem se consolidando como uma das grandes promessas da nova gera\u00e7\u00e3o do surfe brasileiro. Ela alcan\u00e7ou um expressivo 9\u00ba lugar na etapa e comemorou:<\/p>\n<p class=\"p1\">\u201cEssa foi a primeira etapa do ano do Dream Tour e eu fiquei super feliz com meu resultado! Cheguei bem preparada, porque tinha acabado de competir no Circuito Base na semana anterior, ent\u00e3o estava com um ritmo forte e me sentindo bem confiante. \u00c9 incr\u00edvel estar entre as melhores do Brasil e dei meu m\u00e1ximo dentro da \u00e1gua. Queria ter avan\u00e7ado mais, claro, mas saio feliz com tudo que vivi nessa etapa. Essa \u00e9 uma oportunidade incr\u00edvel para evoluir meu surf e conquistar meus objetivos.\u201d<\/p>\n<p class=\"p1\">A pr\u00f3xima parada do Dream Tour 2025 acontecer\u00e1 em Ubatuba no m\u00eas de julho e seguir\u00e1 com ativa\u00e7\u00f5es da <b>Mormaii <\/b>na competi\u00e7\u00e3o.<\/p>\n","protected":false},"excerpt":{"rendered":"<p>A temporada 2025 do Dream Tour, principal circuito da Confedera\u00e7\u00e3o Brasileira de Surf (CBSurf), come\u00e7ou com energia m\u00e1xima na paradis\u00edaca Praia do Borete, em Porto de Galinhas (Ipojuca \u2013 PE). De 13 a 18 de maio, os principais atletas do surfe brasileiro entraram na \u00e1gua em busca de pontos decisivos no ranking e do t\u00e3o [&hellip;]<\/p>\n","protected":false},"author":10,"featured_media":59890,"comment_status":"closed","ping_status":"closed","sticky":false,"template":"","format":"standard","meta":{"_uag_custom_page_level_css":"","_mi_skip_tracking":false,"footnotes":""},"categories":[36,38,1,914,345],"tags":[],"class_list":["post-59888","post","type-post","status-publish","format-standard","has-post-thumbnail","hentry","category-atletas","category-eventos","category-historia","category-mormaii","category-surf"],"acf":[],"uagb_featured_image_src":{"full":["https:\/\/www.mormaii.com.br\/site\/wp-content\/uploads\/2025\/05\/Dia1_DreamTourPE_@pereira_pedro_FotosGerais-108.jpg",2080,1387,false],"thumbnail":["https:\/\/www.mormaii.com.br\/site\/wp-content\/uploads\/2025\/05\/Dia1_DreamTourPE_@pereira_pedro_FotosGerais-108-150x150.jpg",150,150,true],"medium":["https:\/\/www.mormaii.com.br\/site\/wp-content\/uploads\/2025\/05\/Dia1_DreamTourPE_@pereira_pedro_FotosGerais-108-300x200.jpg",300,200,true],"medium_large":["https:\/\/www.mormaii.com.br\/site\/wp-content\/uploads\/2025\/05\/Dia1_DreamTourPE_@pereira_pedro_FotosGerais-108-768x512.jpg",768,512,true],"large":["https:\/\/www.mormaii.com.br\/site\/wp-content\/uploads\/2025\/05\/Dia1_DreamTourPE_@pereira_pedro_FotosGerais-108-1024x683.jpg",1024,683,true],"1536x1536":["https:\/\/www.mormaii.com.br\/site\/wp-content\/uploads\/2025\/05\/Dia1_DreamTourPE_@pereira_pedro_FotosGerais-108-1536x1024.jpg",1536,1024,true],"2048x2048":["https:\/\/www.mormaii.com.br\/site\/wp-content\/uploads\/2025\/05\/Dia1_DreamTourPE_@pereira_pedro_FotosGerais-108-2048x1366.jpg",2048,1366,true],"qi_addons_for_elementor_image_size_square":["https:\/\/www.mormaii.com.br\/site\/wp-content\/uploads\/2025\/05\/Dia1_DreamTourPE_@pereira_pedro_FotosGerais-108-650x650.jpg",650,650,true],"qi_addons_for_elementor_image_size_landscape":["https:\/\/www.mormaii.com.br\/site\/wp-content\/uploads\/2025\/05\/Dia1_DreamTourPE_@pereira_pedro_FotosGerais-108-1300x650.jpg",1300,650,true],"qi_addons_for_elementor_image_size_portrait":["https:\/\/www.mormaii.com.br\/site\/wp-content\/uploads\/2025\/05\/Dia1_DreamTourPE_@pereira_pedro_FotosGerais-108-650x1300.jpg",650,1300,true],"qi_addons_for_elementor_image_size_huge-square":["https:\/\/www.mormaii.com.br\/site\/wp-content\/uploads\/2025\/05\/Dia1_DreamTourPE_@pereira_pedro_FotosGerais-108-1300x1300.jpg",1300,1300,true]},"uagb_author_info":{"display_name":"Mormaii","author_link":"https:\/\/www.mormaii.com.br\/site\/author\/mormaiifilmes\/"},"uagb_comment_info":0,"uagb_excerpt":"A temporada 2025 do Dream Tour, principal circuito da Confedera\u00e7\u00e3o Brasileira de Surf (CBSurf), come\u00e7ou com energia m\u00e1xima na paradis\u00edaca Praia do Borete, em Porto de Galinhas (Ipojuca \u2013 PE). De 13 a 18 de maio, os principais atletas do surfe brasileiro entraram na \u00e1gua em busca de pontos decisivos no ranking e do t\u00e3o&hellip;","_links":{"self":[{"href":"https:\/\/www.mormaii.com.br\/site\/wp-json\/wp\/v2\/posts\/59888"}],"collection":[{"href":"https:\/\/www.mormaii.com.br\/site\/wp-json\/wp\/v2\/posts"}],"about":[{"href":"https:\/\/www.mormaii.com.br\/site\/wp-json\/wp\/v2\/types\/post"}],"author":[{"embeddable":true,"href":"https:\/\/www.mormaii.com.br\/site\/wp-json\/wp\/v2\/users\/10"}],"replies":[{"embeddable":true,"href":"https:\/\/www.mormaii.com.br\/site\/wp-json\/wp\/v2\/comments?post=59888"}],"version-history":[{"count":4,"href":"https:\/\/www.mormaii.com.br\/site\/wp-json\/wp\/v2\/posts\/59888\/revisions"}],"predecessor-version":[{"id":59894,"href":"https:\/\/www.mormaii.com.br\/site\/wp-json\/wp\/v2\/posts\/59888\/revisions\/59894"}],"wp:featuredmedia":[{"embeddable":true,"href":"https:\/\/www.mormaii.com.br\/site\/wp-json\/wp\/v2\/media\/59890"}],"wp:attachment":[{"href":"https:\/\/www.mormaii.com.br\/site\/wp-json\/wp\/v2\/media?parent=59888"}],"wp:term":[{"taxonomy":"category","embeddable":true,"href":"https:\/\/www.mormaii.com.br\/site\/wp-json\/wp\/v2\/categories?post=59888"},{"taxonomy":"post_tag","embeddable":true,"href":"https:\/\/www.mormaii.com.br\/site\/wp-json\/wp\/v2\/tags?post=59888"}],"curies":[{"name":"wp","href":"https:\/\/api.w.org\/{rel}","templated":true}]}}