{"id":59895,"date":"2025-05-26T08:00:42","date_gmt":"2025-05-26T11:00:42","guid":{"rendered":"https:\/\/www.mormaii.com.br\/site\/?p=59895"},"modified":"2025-05-26T20:26:32","modified_gmt":"2025-05-26T23:26:32","slug":"corrida-time-brasil-tera-iniciativa-sustentaveis-promovidas-pela-mormaii","status":"publish","type":"post","link":"https:\/\/www.mormaii.com.br\/site\/corrida-time-brasil-tera-iniciativa-sustentaveis-promovidas-pela-mormaii\/","title":{"rendered":"Corrida Time Brasil ter\u00e1 iniciativa sustent\u00e1veis promovidas pela Mormaii"},"content":{"rendered":"<p class=\"p1\">A <b>Mormaii<\/b>, marca brasileira que traduz o esp\u00edrito esportivo e \u00e9 patrocinadora oficial do COB, tem o prazer de apresentar a primeira edi\u00e7\u00e3o da Corrida Time Brasil, marcada para o dia 8 de junho no Parque Ol\u00edmpico, na Barra da Tijuca &#8211; uma data simb\u00f3lica, que celebra o anivers\u00e1rio do COB. A iniciativa in\u00e9dita refor\u00e7a o conceito de <b>Na\u00e7\u00e3o Esportiva<\/b>, promovido pela atual gest\u00e3o, incentivando a pr\u00e1tica esportiva de forma ampla e acess\u00edvel.<\/p>\n<p class=\"p2\">\u201cA corrida de rua \u00e9 a modalidade mais praticada no pa\u00eds, e talvez a mais democr\u00e1tica. Quando falamos em construir uma Na\u00e7\u00e3o Esportiva, estamos falando de ampliar o n\u00famero de pessoas que praticam esportes no Brasil\u201d, comentou Jorge Bichara, diretor do COB.<\/p>\n<p><img loading=\"lazy\" decoding=\"async\" class=\"alignnone size-medium wp-image-59896\" src=\"https:\/\/www.mormaii.com.br\/site\/wp-content\/uploads\/2025\/05\/Captura-de-Tela-2025-05-26-as-20.20.50-300x300.png\" alt=\"\" width=\"300\" height=\"300\" srcset=\"https:\/\/www.mormaii.com.br\/site\/wp-content\/uploads\/2025\/05\/Captura-de-Tela-2025-05-26-as-20.20.50-300x300.png 300w, https:\/\/www.mormaii.com.br\/site\/wp-content\/uploads\/2025\/05\/Captura-de-Tela-2025-05-26-as-20.20.50-150x150.png 150w, https:\/\/www.mormaii.com.br\/site\/wp-content\/uploads\/2025\/05\/Captura-de-Tela-2025-05-26-as-20.20.50-768x768.png 768w, https:\/\/www.mormaii.com.br\/site\/wp-content\/uploads\/2025\/05\/Captura-de-Tela-2025-05-26-as-20.20.50-650x650.png 650w, https:\/\/www.mormaii.com.br\/site\/wp-content\/uploads\/2025\/05\/Captura-de-Tela-2025-05-26-as-20.20.50.png 970w\" sizes=\"(max-width: 300px) 100vw, 300px\" \/><\/p>\n<p class=\"p1\">A expectativa \u00e9 de reunir cerca de <b>tr\u00eas mil participantes<\/b>, com percursos de 3, 5 e 10 quil\u00f4metros, al\u00e9m de ativa\u00e7\u00f5es ao longo de toda a manh\u00e3. As inscri\u00e7\u00f5es j\u00e1 est\u00e3o abertas pelo site pelo site corridatimebrasil.com.br.<\/p>\n<p class=\"p1\">Entre os destaques da Corrida est\u00e1 uma parceria que une <b>tecnologia, sustentabilidade e esporte<\/b>: os batedores do evento utilizar\u00e3o <b>bicicletas el\u00e9tricas da Mormaii<\/b>, em uma a\u00e7\u00e3o que refor\u00e7a o compromisso da marca com um estilo de vida mais consciente e conectado ao bem-estar.<\/p>\n<p class=\"p1\">Patrocinadora oficial do COB, a Mormaii vai al\u00e9m da presen\u00e7a institucional e oferece aos participantes uma experi\u00eancia imersiva. No local, haver\u00e1 um espa\u00e7o exclusivo da marca com <b>test drive das bicicletas el\u00e9tricas<\/b>, <b>atividades interativas<\/b>, e uma loja especial com os produtos da <b>colab Mormaii + Time Brasil<\/b>, onde o p\u00fablico poder\u00e1 levar para casa um pedacinho desse momento ol\u00edmpico. Al\u00e9m disso, os <b>kits de premia\u00e7\u00e3o<\/b> contar\u00e3o com itens assinados pela marca, valorizando ainda mais a conquista dos corredores.<\/p>\n<p class=\"p1\">\u201cParticipar da Corrida Time Brasil \u00e9 muito mais do que apoiar um evento esportivo \u2014 \u00e9 refor\u00e7ar o compromisso da <b>Mormaii <\/b>com um estilo de vida ativo, sustent\u00e1vel e acess\u00edvel. Acreditamos que o esporte transforma realidades, conecta pessoas e inspira escolhas mais saud\u00e1veis. Estar ao lado do COB nesta iniciativa in\u00e9dita \u00e9 uma honra e uma oportunidade de levar essa mensagem adiante, unindo tecnologia, bem-estar e emo\u00e7\u00e3o em cada detalhe da experi\u00eancia\u201d, destacou Anis Gloss, Anis Gloss, gerente de marketing da Mormaii.<\/p>\n","protected":false},"excerpt":{"rendered":"<p>A Mormaii, marca brasileira que traduz o esp\u00edrito esportivo e \u00e9 patrocinadora oficial do COB, tem o prazer de apresentar a primeira edi\u00e7\u00e3o da Corrida Time Brasil, marcada para o dia 8 de junho no Parque Ol\u00edmpico, na Barra da Tijuca &#8211; uma data simb\u00f3lica, que celebra o anivers\u00e1rio do COB. A iniciativa in\u00e9dita refor\u00e7a [&hellip;]<\/p>\n","protected":false},"author":10,"featured_media":59900,"comment_status":"closed","ping_status":"closed","sticky":false,"template":"","format":"standard","meta":{"_uag_custom_page_level_css":"","_mi_skip_tracking":false,"footnotes":""},"categories":[38,1,914,941],"tags":[],"class_list":["post-59895","post","type-post","status-publish","format-standard","has-post-thumbnail","hentry","category-eventos","category-historia","category-mormaii","category-time-brasil"],"acf":[],"uagb_featured_image_src":{"full":["https:\/\/www.mormaii.com.br\/site\/wp-content\/uploads\/2025\/05\/Captura-de-Tela-2025-05-26-as-20.24.53.png",2094,1490,false],"thumbnail":["https:\/\/www.mormaii.com.br\/site\/wp-content\/uploads\/2025\/05\/Captura-de-Tela-2025-05-26-as-20.24.53-150x150.png",150,150,true],"medium":["https:\/\/www.mormaii.com.br\/site\/wp-content\/uploads\/2025\/05\/Captura-de-Tela-2025-05-26-as-20.24.53-300x213.png",300,213,true],"medium_large":["https:\/\/www.mormaii.com.br\/site\/wp-content\/uploads\/2025\/05\/Captura-de-Tela-2025-05-26-as-20.24.53-768x546.png",768,546,true],"large":["https:\/\/www.mormaii.com.br\/site\/wp-content\/uploads\/2025\/05\/Captura-de-Tela-2025-05-26-as-20.24.53-1024x729.png",1024,729,true],"1536x1536":["https:\/\/www.mormaii.com.br\/site\/wp-content\/uploads\/2025\/05\/Captura-de-Tela-2025-05-26-as-20.24.53-1536x1093.png",1536,1093,true],"2048x2048":["https:\/\/www.mormaii.com.br\/site\/wp-content\/uploads\/2025\/05\/Captura-de-Tela-2025-05-26-as-20.24.53-2048x1457.png",2048,1457,true],"qi_addons_for_elementor_image_size_square":["https:\/\/www.mormaii.com.br\/site\/wp-content\/uploads\/2025\/05\/Captura-de-Tela-2025-05-26-as-20.24.53-650x650.png",650,650,true],"qi_addons_for_elementor_image_size_landscape":["https:\/\/www.mormaii.com.br\/site\/wp-content\/uploads\/2025\/05\/Captura-de-Tela-2025-05-26-as-20.24.53-1300x650.png",1300,650,true],"qi_addons_for_elementor_image_size_portrait":["https:\/\/www.mormaii.com.br\/site\/wp-content\/uploads\/2025\/05\/Captura-de-Tela-2025-05-26-as-20.24.53-650x1300.png",650,1300,true],"qi_addons_for_elementor_image_size_huge-square":["https:\/\/www.mormaii.com.br\/site\/wp-content\/uploads\/2025\/05\/Captura-de-Tela-2025-05-26-as-20.24.53-1300x1300.png",1300,1300,true]},"uagb_author_info":{"display_name":"Mormaii","author_link":"https:\/\/www.mormaii.com.br\/site\/author\/mormaiifilmes\/"},"uagb_comment_info":0,"uagb_excerpt":"A Mormaii, marca brasileira que traduz o esp\u00edrito esportivo e \u00e9 patrocinadora oficial do COB, tem o prazer de apresentar a primeira edi\u00e7\u00e3o da Corrida Time Brasil, marcada para o dia 8 de junho no Parque Ol\u00edmpico, na Barra da Tijuca &#8211; uma data simb\u00f3lica, que celebra o anivers\u00e1rio do COB. A iniciativa in\u00e9dita refor\u00e7a&hellip;","_links":{"self":[{"href":"https:\/\/www.mormaii.com.br\/site\/wp-json\/wp\/v2\/posts\/59895"}],"collection":[{"href":"https:\/\/www.mormaii.com.br\/site\/wp-json\/wp\/v2\/posts"}],"about":[{"href":"https:\/\/www.mormaii.com.br\/site\/wp-json\/wp\/v2\/types\/post"}],"author":[{"embeddable":true,"href":"https:\/\/www.mormaii.com.br\/site\/wp-json\/wp\/v2\/users\/10"}],"replies":[{"embeddable":true,"href":"https:\/\/www.mormaii.com.br\/site\/wp-json\/wp\/v2\/comments?post=59895"}],"version-history":[{"count":2,"href":"https:\/\/www.mormaii.com.br\/site\/wp-json\/wp\/v2\/posts\/59895\/revisions"}],"predecessor-version":[{"id":59899,"href":"https:\/\/www.mormaii.com.br\/site\/wp-json\/wp\/v2\/posts\/59895\/revisions\/59899"}],"wp:featuredmedia":[{"embeddable":true,"href":"https:\/\/www.mormaii.com.br\/site\/wp-json\/wp\/v2\/media\/59900"}],"wp:attachment":[{"href":"https:\/\/www.mormaii.com.br\/site\/wp-json\/wp\/v2\/media?parent=59895"}],"wp:term":[{"taxonomy":"category","embeddable":true,"href":"https:\/\/www.mormaii.com.br\/site\/wp-json\/wp\/v2\/categories?post=59895"},{"taxonomy":"post_tag","embeddable":true,"href":"https:\/\/www.mormaii.com.br\/site\/wp-json\/wp\/v2\/tags?post=59895"}],"curies":[{"name":"wp","href":"https:\/\/api.w.org\/{rel}","templated":true}]}}