{"id":59902,"date":"2025-06-09T18:53:34","date_gmt":"2025-06-09T21:53:34","guid":{"rendered":"https:\/\/www.mormaii.com.br\/site\/?p=59902"},"modified":"2025-06-09T18:53:34","modified_gmt":"2025-06-09T21:53:34","slug":"alejandro-juanuk-conquista-prata-no-pan-americano-de-triathlon-e-se-firma-como-uma-das-maiores-promessas-do-brasil","status":"publish","type":"post","link":"https:\/\/www.mormaii.com.br\/site\/alejandro-juanuk-conquista-prata-no-pan-americano-de-triathlon-e-se-firma-como-uma-das-maiores-promessas-do-brasil\/","title":{"rendered":"Alejandro Juanuk conquista prata no Pan-Americano de Triathlon e se firma como uma das maiores promessas do Brasil"},"content":{"rendered":"<p class=\"p1\">Com apenas 15 anos, o triatleta catarinense Alejandro Juanuk brilhou no \u00faltimo fim de semana (08\/06), ao conquistar a medalha de prata no Campeonato Pan-Americano de Triathlon Youth, realizado em Calima, na Col\u00f4mbia. A prova, que reuniu 45 dos melhores atletas do continente, foi marcada por condi\u00e7\u00f5es desafiadoras: calor intenso, \u00e1gua a 22\u00baC e altitude elevada.<\/p>\n<p class=\"p1\">Apesar das dificuldades, Alejandro protagonizou uma performance impressionante, mostrando n\u00e3o apenas talento, mas resili\u00eancia e maturidade muito al\u00e9m da idade. Depois de um m\u00eas de prepara\u00e7\u00e3o em Medell\u00edn \u2014 a 2.400 metros de altitude \u2014 o jovem chegou confiante \u00e0 competi\u00e7\u00e3o. Por\u00e9m, dias antes da prova, enfrentou um imprevisto: sofreu uma queda de bicicleta que deixou escoria\u00e7\u00f5es nas costas e pernas, al\u00e9m de danificar seu equipamento.<\/p>\n<p><img loading=\"lazy\" decoding=\"async\" class=\"alignnone wp-image-59904\" src=\"https:\/\/www.mormaii.com.br\/site\/wp-content\/uploads\/2025\/06\/PHOTO-2025-06-08-16-55-29-300x200.jpg\" alt=\"\" width=\"550\" height=\"367\" srcset=\"https:\/\/www.mormaii.com.br\/site\/wp-content\/uploads\/2025\/06\/PHOTO-2025-06-08-16-55-29-300x200.jpg 300w, https:\/\/www.mormaii.com.br\/site\/wp-content\/uploads\/2025\/06\/PHOTO-2025-06-08-16-55-29-1024x683.jpg 1024w, https:\/\/www.mormaii.com.br\/site\/wp-content\/uploads\/2025\/06\/PHOTO-2025-06-08-16-55-29-768x512.jpg 768w, https:\/\/www.mormaii.com.br\/site\/wp-content\/uploads\/2025\/06\/PHOTO-2025-06-08-16-55-29-1536x1024.jpg 1536w, https:\/\/www.mormaii.com.br\/site\/wp-content\/uploads\/2025\/06\/PHOTO-2025-06-08-16-55-29-2048x1366.jpg 2048w\" sizes=\"(max-width: 550px) 100vw, 550px\" \/><\/p>\n<p class=\"p1\">Mesmo assim, o brasileiro encarou a largada com determina\u00e7\u00e3o. Saiu da \u00e1gua em 12\u00ba lugar e, com um ritmo forte no ciclismo, subiu para o pelot\u00e3o de elite. Na corrida, consolidou a recupera\u00e7\u00e3o: assumiu a vice-lideran\u00e7a ainda nos primeiros quil\u00f4metros e travou um sprint final emocionante at\u00e9 a linha de chegada, garantindo o segundo lugar no p\u00f3dio continental.<\/p>\n<p class=\"p1\">\u201cA prova foi dif\u00edcil, mas se tiver que atribuir essa conquista a algo, foi ao sacrif\u00edcio dos 45 dias longe de casa. Foram treinos exaustivos, altitude, dores de cabe\u00e7a e muita saudade da minha fam\u00edlia. O processo \u00e9 duro, mas eu nunca achei \u2014 e nem pensei \u2014 que seria f\u00e1cil\u201d, declarou Alejandro.<\/p>\n<p class=\"p1\">Em sua fala, ele fez quest\u00e3o de agradecer o apoio que recebe:<br \/>\n\u201cSem minha fam\u00edlia, nada disso seria poss\u00edvel. Aos meus av\u00f3s, \u00e0 minha m\u00e3e, que esteve comigo na Col\u00f4mbia, e ao meu pai, que nunca deixa de cuidar de tudo para que eu esteja bem. E, claro, aos meus patrocinadores, que viabilizam esse sonho\u201d, disse.<\/p>\n<p class=\"p1\">Com essa conquista, o jovem atleta reafirma seu nome como uma das grandes promessas do triathlon nacional, mostrando que a nova gera\u00e7\u00e3o brasileira vem forte \u2014 e determinada \u2014 para brilhar no cen\u00e1rio internacional.<\/p>\n<p><img loading=\"lazy\" decoding=\"async\" class=\"alignnone wp-image-59903\" src=\"https:\/\/www.mormaii.com.br\/site\/wp-content\/uploads\/2025\/06\/Panamericano-Colombia-Alejandro-8-2-300x200.jpg\" alt=\"\" width=\"550\" height=\"367\" srcset=\"https:\/\/www.mormaii.com.br\/site\/wp-content\/uploads\/2025\/06\/Panamericano-Colombia-Alejandro-8-2-300x200.jpg 300w, https:\/\/www.mormaii.com.br\/site\/wp-content\/uploads\/2025\/06\/Panamericano-Colombia-Alejandro-8-2-1024x683.jpg 1024w, https:\/\/www.mormaii.com.br\/site\/wp-content\/uploads\/2025\/06\/Panamericano-Colombia-Alejandro-8-2-768x512.jpg 768w, https:\/\/www.mormaii.com.br\/site\/wp-content\/uploads\/2025\/06\/Panamericano-Colombia-Alejandro-8-2-1536x1024.jpg 1536w, https:\/\/www.mormaii.com.br\/site\/wp-content\/uploads\/2025\/06\/Panamericano-Colombia-Alejandro-8-2-2048x1365.jpg 2048w\" sizes=\"(max-width: 550px) 100vw, 550px\" \/><\/p>\n<p class=\"p1\">Alejandro \u00e9 patrocinado por Mormaii, Grupo Koch, Kompr\u00e3o, FA Colch\u00f5es, Lojas Unilar, Score Media, Bike Irada, Free Force, Cia da Sa\u00fade, Prefeitura de Garopaba, al\u00e9m de contar com uma equipe multidisciplinar de profissionais dedicados \u00e0 sua evolu\u00e7\u00e3o.<\/p>\n","protected":false},"excerpt":{"rendered":"<p>Com apenas 15 anos, o triatleta catarinense Alejandro Juanuk brilhou no \u00faltimo fim de semana (08\/06), ao conquistar a medalha de prata no Campeonato Pan-Americano de Triathlon Youth, realizado em Calima, na Col\u00f4mbia. A prova, que reuniu 45 dos melhores atletas do continente, foi marcada por condi\u00e7\u00f5es desafiadoras: calor intenso, \u00e1gua a 22\u00baC e altitude [&hellip;]<\/p>\n","protected":false},"author":10,"featured_media":59906,"comment_status":"closed","ping_status":"closed","sticky":false,"template":"","format":"standard","meta":{"_uag_custom_page_level_css":"","_mi_skip_tracking":false,"footnotes":""},"categories":[36,914,924],"tags":[],"class_list":["post-59902","post","type-post","status-publish","format-standard","has-post-thumbnail","hentry","category-atletas","category-mormaii","category-triathlon"],"acf":[],"uagb_featured_image_src":{"full":["https:\/\/www.mormaii.com.br\/site\/wp-content\/uploads\/2025\/06\/Captura-de-Tela-2025-06-09-as-18.51.37.png",2340,1558,false],"thumbnail":["https:\/\/www.mormaii.com.br\/site\/wp-content\/uploads\/2025\/06\/Captura-de-Tela-2025-06-09-as-18.51.37-150x150.png",150,150,true],"medium":["https:\/\/www.mormaii.com.br\/site\/wp-content\/uploads\/2025\/06\/Captura-de-Tela-2025-06-09-as-18.51.37-300x200.png",300,200,true],"medium_large":["https:\/\/www.mormaii.com.br\/site\/wp-content\/uploads\/2025\/06\/Captura-de-Tela-2025-06-09-as-18.51.37-768x511.png",768,511,true],"large":["https:\/\/www.mormaii.com.br\/site\/wp-content\/uploads\/2025\/06\/Captura-de-Tela-2025-06-09-as-18.51.37-1024x682.png",1024,682,true],"1536x1536":["https:\/\/www.mormaii.com.br\/site\/wp-content\/uploads\/2025\/06\/Captura-de-Tela-2025-06-09-as-18.51.37-1536x1023.png",1536,1023,true],"2048x2048":["https:\/\/www.mormaii.com.br\/site\/wp-content\/uploads\/2025\/06\/Captura-de-Tela-2025-06-09-as-18.51.37-2048x1364.png",2048,1364,true],"qi_addons_for_elementor_image_size_square":["https:\/\/www.mormaii.com.br\/site\/wp-content\/uploads\/2025\/06\/Captura-de-Tela-2025-06-09-as-18.51.37-650x650.png",650,650,true],"qi_addons_for_elementor_image_size_landscape":["https:\/\/www.mormaii.com.br\/site\/wp-content\/uploads\/2025\/06\/Captura-de-Tela-2025-06-09-as-18.51.37-1300x650.png",1300,650,true],"qi_addons_for_elementor_image_size_portrait":["https:\/\/www.mormaii.com.br\/site\/wp-content\/uploads\/2025\/06\/Captura-de-Tela-2025-06-09-as-18.51.37-650x1300.png",650,1300,true],"qi_addons_for_elementor_image_size_huge-square":["https:\/\/www.mormaii.com.br\/site\/wp-content\/uploads\/2025\/06\/Captura-de-Tela-2025-06-09-as-18.51.37-1300x1300.png",1300,1300,true]},"uagb_author_info":{"display_name":"Mormaii","author_link":"https:\/\/www.mormaii.com.br\/site\/author\/mormaiifilmes\/"},"uagb_comment_info":0,"uagb_excerpt":"Com apenas 15 anos, o triatleta catarinense Alejandro Juanuk brilhou no \u00faltimo fim de semana (08\/06), ao conquistar a medalha de prata no Campeonato Pan-Americano de Triathlon Youth, realizado em Calima, na Col\u00f4mbia. A prova, que reuniu 45 dos melhores atletas do continente, foi marcada por condi\u00e7\u00f5es desafiadoras: calor intenso, \u00e1gua a 22\u00baC e altitude&hellip;","_links":{"self":[{"href":"https:\/\/www.mormaii.com.br\/site\/wp-json\/wp\/v2\/posts\/59902"}],"collection":[{"href":"https:\/\/www.mormaii.com.br\/site\/wp-json\/wp\/v2\/posts"}],"about":[{"href":"https:\/\/www.mormaii.com.br\/site\/wp-json\/wp\/v2\/types\/post"}],"author":[{"embeddable":true,"href":"https:\/\/www.mormaii.com.br\/site\/wp-json\/wp\/v2\/users\/10"}],"replies":[{"embeddable":true,"href":"https:\/\/www.mormaii.com.br\/site\/wp-json\/wp\/v2\/comments?post=59902"}],"version-history":[{"count":2,"href":"https:\/\/www.mormaii.com.br\/site\/wp-json\/wp\/v2\/posts\/59902\/revisions"}],"predecessor-version":[{"id":59908,"href":"https:\/\/www.mormaii.com.br\/site\/wp-json\/wp\/v2\/posts\/59902\/revisions\/59908"}],"wp:featuredmedia":[{"embeddable":true,"href":"https:\/\/www.mormaii.com.br\/site\/wp-json\/wp\/v2\/media\/59906"}],"wp:attachment":[{"href":"https:\/\/www.mormaii.com.br\/site\/wp-json\/wp\/v2\/media?parent=59902"}],"wp:term":[{"taxonomy":"category","embeddable":true,"href":"https:\/\/www.mormaii.com.br\/site\/wp-json\/wp\/v2\/categories?post=59902"},{"taxonomy":"post_tag","embeddable":true,"href":"https:\/\/www.mormaii.com.br\/site\/wp-json\/wp\/v2\/tags?post=59902"}],"curies":[{"name":"wp","href":"https:\/\/api.w.org\/{rel}","templated":true}]}}