{"id":59909,"date":"2025-06-13T08:00:40","date_gmt":"2025-06-13T11:00:40","guid":{"rendered":"https:\/\/www.mormaii.com.br\/site\/?p=59909"},"modified":"2025-06-16T11:15:04","modified_gmt":"2025-06-16T14:15:04","slug":"mormaii-apresenta-itacare-surf-festival-ao-lado-de-seus-atletas-em-etapa-da-taca-brasil","status":"publish","type":"post","link":"https:\/\/www.mormaii.com.br\/site\/mormaii-apresenta-itacare-surf-festival-ao-lado-de-seus-atletas-em-etapa-da-taca-brasil\/","title":{"rendered":"Mormaii apresenta Itacar\u00e9 Surf Festival ao lado de seus atletas em etapa da Ta\u00e7a Brasil"},"content":{"rendered":"<p class=\"p1\">A paradis\u00edaca Praia da Tiririca, em Itacar\u00e9 (BA), ser\u00e1 palco da segunda etapa da CBSurf Ta\u00e7a Brasil 10.000, a partir do dia 16 de junho, reunindo grandes promessas do surfe nacional. Com expectativa de altas ondas e grande presen\u00e7a de p\u00fablico, o Itacar\u00e9 Surf Festival promete ser um dos eventos mais vibrantes do calend\u00e1rio da Confedera\u00e7\u00e3o Brasileira de Surf em 2025.<\/p>\n<p class=\"p1\">Apresentado pela <b>Mormaii<\/b>, marca brasileira que traduz o esp\u00edrito esportivo, o circuito conta com o suporte direto da marca, que se destaca como grande parceira da CBSurf. Al\u00e9m de apoiar institucionalmente a realiza\u00e7\u00e3o do campeonato, a Mormaii \u00e9 respons\u00e1vel por confeccionar todos os uniformes oficiais da CBSurf, usados por atletas e equipe t\u00e9cnica nas competi\u00e7\u00f5es.<\/p>\n<p><img loading=\"lazy\" decoding=\"async\" class=\"alignnone wp-image-59911\" src=\"https:\/\/www.mormaii.com.br\/site\/wp-content\/uploads\/2025\/06\/CARTAZ-ITACARE-HORIZONTAL-300x169.jpg\" alt=\"\" width=\"800\" height=\"450\" srcset=\"https:\/\/www.mormaii.com.br\/site\/wp-content\/uploads\/2025\/06\/CARTAZ-ITACARE-HORIZONTAL-300x169.jpg 300w, https:\/\/www.mormaii.com.br\/site\/wp-content\/uploads\/2025\/06\/CARTAZ-ITACARE-HORIZONTAL-1024x576.jpg 1024w, https:\/\/www.mormaii.com.br\/site\/wp-content\/uploads\/2025\/06\/CARTAZ-ITACARE-HORIZONTAL-768x432.jpg 768w, https:\/\/www.mormaii.com.br\/site\/wp-content\/uploads\/2025\/06\/CARTAZ-ITACARE-HORIZONTAL-1536x864.jpg 1536w, https:\/\/www.mormaii.com.br\/site\/wp-content\/uploads\/2025\/06\/CARTAZ-ITACARE-HORIZONTAL.jpg 1920w\" sizes=\"(max-width: 800px) 100vw, 800px\" \/><\/p>\n<p class=\"p1\">A <b>Mormaii <\/b>tamb\u00e9m marca presen\u00e7a dentro d\u2019\u00e1gua com Anuar Chiah, Leo Casal, Maya Carpinelli e Luara Mandelli, atletas que representam o esp\u00edrito inovador e a performance da marca no circuito nacional. Com manobras potentes e estilo refinado, eles s\u00e3o destaque entre a nova gera\u00e7\u00e3o que vem dominando as ondas do Brasil.<\/p>\n<p class=\"p1\">\u201cItacar\u00e9 \u00e9 uma cidade que respira o surf e os esportes. As expectativas para esta segunda etapa da Ta\u00e7a Brasil s\u00e3o as melhores poss\u00edveis\u201d, afirma Alisson Reis, secret\u00e1rio municipal de Esporte e Juventude. \u201cEste evento \u00e9 um marco importante para o calend\u00e1rio esportivo de Itacar\u00e9 e tamb\u00e9m para o desenvolvimento do surf na Bahia.&#8221;<\/p>\n<p class=\"p1\">Mais do que um espet\u00e1culo esportivo, o Itacar\u00e9 Surf Festival representa uma verdadeira for\u00e7a de transforma\u00e7\u00e3o para a cidade. A realiza\u00e7\u00e3o da Ta\u00e7a Brasil 10.000 movimenta intensamente a economia local com a chegada de atletas, equipes t\u00e9cnicas, familiares e entusiastas de diversas partes do pa\u00eds. Setores como hotelaria, alimenta\u00e7\u00e3o, transporte e com\u00e9rcio s\u00e3o diretamente beneficiados.<\/p>\n<p class=\"p1\">Com estrutura de alto n\u00edvel, a\u00e7\u00f5es de sustentabilidade, conex\u00e3o com a cultura local e o envolvimento ativo da <b>Mormaii<\/b>, o evento refor\u00e7a a import\u00e2ncia do esporte como agente de desenvolvimento regional e plataforma para novos talentos do surfe nacional.<\/p>\n","protected":false},"excerpt":{"rendered":"<p>A paradis\u00edaca Praia da Tiririca, em Itacar\u00e9 (BA), ser\u00e1 palco da segunda etapa da CBSurf Ta\u00e7a Brasil 10.000, a partir do dia 16 de junho, reunindo grandes promessas do surfe nacional. Com expectativa de altas ondas e grande presen\u00e7a de p\u00fablico, o Itacar\u00e9 Surf Festival promete ser um dos eventos mais vibrantes do calend\u00e1rio da [&hellip;]<\/p>\n","protected":false},"author":10,"featured_media":59910,"comment_status":"closed","ping_status":"closed","sticky":false,"template":"","format":"standard","meta":{"_uag_custom_page_level_css":"","_mi_skip_tracking":false,"footnotes":""},"categories":[1],"tags":[],"class_list":["post-59909","post","type-post","status-publish","format-standard","has-post-thumbnail","hentry","category-historia"],"acf":[],"uagb_featured_image_src":{"full":["https:\/\/www.mormaii.com.br\/site\/wp-content\/uploads\/2025\/06\/Captura-de-Tela-2025-06-16-as-11.09.40.png",1800,1194,false],"thumbnail":["https:\/\/www.mormaii.com.br\/site\/wp-content\/uploads\/2025\/06\/Captura-de-Tela-2025-06-16-as-11.09.40-150x150.png",150,150,true],"medium":["https:\/\/www.mormaii.com.br\/site\/wp-content\/uploads\/2025\/06\/Captura-de-Tela-2025-06-16-as-11.09.40-300x199.png",300,199,true],"medium_large":["https:\/\/www.mormaii.com.br\/site\/wp-content\/uploads\/2025\/06\/Captura-de-Tela-2025-06-16-as-11.09.40-768x509.png",768,509,true],"large":["https:\/\/www.mormaii.com.br\/site\/wp-content\/uploads\/2025\/06\/Captura-de-Tela-2025-06-16-as-11.09.40-1024x679.png",1024,679,true],"1536x1536":["https:\/\/www.mormaii.com.br\/site\/wp-content\/uploads\/2025\/06\/Captura-de-Tela-2025-06-16-as-11.09.40-1536x1019.png",1536,1019,true],"2048x2048":["https:\/\/www.mormaii.com.br\/site\/wp-content\/uploads\/2025\/06\/Captura-de-Tela-2025-06-16-as-11.09.40.png",1800,1194,false],"qi_addons_for_elementor_image_size_square":["https:\/\/www.mormaii.com.br\/site\/wp-content\/uploads\/2025\/06\/Captura-de-Tela-2025-06-16-as-11.09.40-650x650.png",650,650,true],"qi_addons_for_elementor_image_size_landscape":["https:\/\/www.mormaii.com.br\/site\/wp-content\/uploads\/2025\/06\/Captura-de-Tela-2025-06-16-as-11.09.40-1300x650.png",1300,650,true],"qi_addons_for_elementor_image_size_portrait":["https:\/\/www.mormaii.com.br\/site\/wp-content\/uploads\/2025\/06\/Captura-de-Tela-2025-06-16-as-11.09.40-650x1194.png",650,1194,true],"qi_addons_for_elementor_image_size_huge-square":["https:\/\/www.mormaii.com.br\/site\/wp-content\/uploads\/2025\/06\/Captura-de-Tela-2025-06-16-as-11.09.40-1300x1194.png",1300,1194,true]},"uagb_author_info":{"display_name":"Mormaii","author_link":"https:\/\/www.mormaii.com.br\/site\/author\/mormaiifilmes\/"},"uagb_comment_info":0,"uagb_excerpt":"A paradis\u00edaca Praia da Tiririca, em Itacar\u00e9 (BA), ser\u00e1 palco da segunda etapa da CBSurf Ta\u00e7a Brasil 10.000, a partir do dia 16 de junho, reunindo grandes promessas do surfe nacional. Com expectativa de altas ondas e grande presen\u00e7a de p\u00fablico, o Itacar\u00e9 Surf Festival promete ser um dos eventos mais vibrantes do calend\u00e1rio da&hellip;","_links":{"self":[{"href":"https:\/\/www.mormaii.com.br\/site\/wp-json\/wp\/v2\/posts\/59909"}],"collection":[{"href":"https:\/\/www.mormaii.com.br\/site\/wp-json\/wp\/v2\/posts"}],"about":[{"href":"https:\/\/www.mormaii.com.br\/site\/wp-json\/wp\/v2\/types\/post"}],"author":[{"embeddable":true,"href":"https:\/\/www.mormaii.com.br\/site\/wp-json\/wp\/v2\/users\/10"}],"replies":[{"embeddable":true,"href":"https:\/\/www.mormaii.com.br\/site\/wp-json\/wp\/v2\/comments?post=59909"}],"version-history":[{"count":3,"href":"https:\/\/www.mormaii.com.br\/site\/wp-json\/wp\/v2\/posts\/59909\/revisions"}],"predecessor-version":[{"id":59914,"href":"https:\/\/www.mormaii.com.br\/site\/wp-json\/wp\/v2\/posts\/59909\/revisions\/59914"}],"wp:featuredmedia":[{"embeddable":true,"href":"https:\/\/www.mormaii.com.br\/site\/wp-json\/wp\/v2\/media\/59910"}],"wp:attachment":[{"href":"https:\/\/www.mormaii.com.br\/site\/wp-json\/wp\/v2\/media?parent=59909"}],"wp:term":[{"taxonomy":"category","embeddable":true,"href":"https:\/\/www.mormaii.com.br\/site\/wp-json\/wp\/v2\/categories?post=59909"},{"taxonomy":"post_tag","embeddable":true,"href":"https:\/\/www.mormaii.com.br\/site\/wp-json\/wp\/v2\/tags?post=59909"}],"curies":[{"name":"wp","href":"https:\/\/api.w.org\/{rel}","templated":true}]}}