{"id":60002,"date":"2025-08-14T08:00:16","date_gmt":"2025-08-14T11:00:16","guid":{"rendered":"https:\/\/www.mormaii.com.br\/site\/?p=60002"},"modified":"2025-08-14T10:25:02","modified_gmt":"2025-08-14T13:25:02","slug":"matheus-melecchi-representa-o-brasil-e-a-mormaii-nos-jogos-pan-americanos-junior-de-assuncao","status":"publish","type":"post","link":"https:\/\/www.mormaii.com.br\/site\/matheus-melecchi-representa-o-brasil-e-a-mormaii-nos-jogos-pan-americanos-junior-de-assuncao\/","title":{"rendered":"Matheus Melecchi representa o Brasil e a Mormaii nos Jogos Pan-Americanos J\u00fanior de Assun\u00e7\u00e3o"},"content":{"rendered":"<p class=\"p1\">De 9 a 23 de agosto, Assun\u00e7\u00e3o, no Paraguai, ser\u00e1 palco da primeira edi\u00e7\u00e3o dos Jogos Pan-Americanos J\u00fanior, reunindo jovens talentos do esporte em toda a Am\u00e9rica. E a <b>Mormaii <\/b>estar\u00e1 presente atrav\u00e9s de um de seus atletas: <strong>Matheus Melecchi.<\/strong><\/p>\n<p class=\"p1\">Matheus disputar\u00e1 duas provas: os 1.500m livres e os 10 km no mar \u2014 dist\u00e2ncias distintos, mas com prepara\u00e7\u00e3o semelhante. \u201cA data das provas encaixou perfeitamente no meu ciclo de treinos e estou muito confiante e vou com um objetivo claro: buscar dois ouros\u201d, afirma o atleta, que v\u00ea o evento como uma oportunidade \u00fanica de abrir portas para o futuro.<\/p>\n<p><img loading=\"lazy\" decoding=\"async\" class=\"alignnone wp-image-60006\" src=\"https:\/\/www.mormaii.com.br\/site\/wp-content\/uploads\/2025\/08\/526212484_18517617502003697_2733704465098676251_n-1-819x1024.jpg\" alt=\"\" width=\"519\" height=\"649\" srcset=\"https:\/\/www.mormaii.com.br\/site\/wp-content\/uploads\/2025\/08\/526212484_18517617502003697_2733704465098676251_n-1-819x1024.jpg 819w, https:\/\/www.mormaii.com.br\/site\/wp-content\/uploads\/2025\/08\/526212484_18517617502003697_2733704465098676251_n-1-240x300.jpg 240w, https:\/\/www.mormaii.com.br\/site\/wp-content\/uploads\/2025\/08\/526212484_18517617502003697_2733704465098676251_n-1-768x960.jpg 768w, https:\/\/www.mormaii.com.br\/site\/wp-content\/uploads\/2025\/08\/526212484_18517617502003697_2733704465098676251_n-1.jpg 1080w\" sizes=\"(max-width: 519px) 100vw, 519px\" \/><\/p>\n<p class=\"p1\">O Pan-Americano J\u00fanior tem um peso especial: o campe\u00e3o garante vaga direta para o Pan-Americano de 2027, um passo importante no ciclo de alto rendimento. Para Matheus, al\u00e9m da import\u00e2ncia da competi\u00e7\u00e3o, a experi\u00eancia tamb\u00e9m \u00e9 motivo de orgulho pessoal. \u201cSempre quis participar de uma competi\u00e7\u00e3o do COB, vestir o uniforme, vivenciar o clima ol\u00edmpico e trocar experi\u00eancias com atletas de outras modalidades. Isso me motiva ainda mais.\u201d<\/p>\n<p class=\"p1\">A <b>Mormaii <\/b><strong>celebra e apoia a trajet\u00f3ria de Matheus Melecchi<\/strong>, refor\u00e7ando seu compromisso com o desenvolvimento do esporte brasileiro e a inspira\u00e7\u00e3o de novas gera\u00e7\u00f5es.<\/p>\n","protected":false},"excerpt":{"rendered":"<p>De 9 a 23 de agosto, Assun\u00e7\u00e3o, no Paraguai, ser\u00e1 palco da primeira edi\u00e7\u00e3o dos Jogos Pan-Americanos J\u00fanior, reunindo jovens talentos do esporte em toda a Am\u00e9rica. E a Mormaii estar\u00e1 presente atrav\u00e9s de um de seus atletas: Matheus Melecchi. Matheus disputar\u00e1 duas provas: os 1.500m livres e os 10 km no mar \u2014 dist\u00e2ncias [&hellip;]<\/p>\n","protected":false},"author":10,"featured_media":60009,"comment_status":"closed","ping_status":"closed","sticky":false,"template":"","format":"standard","meta":{"_uag_custom_page_level_css":"","_mi_skip_tracking":false,"footnotes":""},"categories":[36,40,914,939,941],"tags":[],"class_list":["post-60002","post","type-post","status-publish","format-standard","has-post-thumbnail","hentry","category-atletas","category-esportes","category-mormaii","category-natacao","category-time-brasil"],"acf":[],"uagb_featured_image_src":{"full":["https:\/\/www.mormaii.com.br\/site\/wp-content\/uploads\/2025\/08\/Captura-de-Tela-2025-08-14-as-10.24.14.png",2354,1564,false],"thumbnail":["https:\/\/www.mormaii.com.br\/site\/wp-content\/uploads\/2025\/08\/Captura-de-Tela-2025-08-14-as-10.24.14-150x150.png",150,150,true],"medium":["https:\/\/www.mormaii.com.br\/site\/wp-content\/uploads\/2025\/08\/Captura-de-Tela-2025-08-14-as-10.24.14-300x199.png",300,199,true],"medium_large":["https:\/\/www.mormaii.com.br\/site\/wp-content\/uploads\/2025\/08\/Captura-de-Tela-2025-08-14-as-10.24.14-768x510.png",768,510,true],"large":["https:\/\/www.mormaii.com.br\/site\/wp-content\/uploads\/2025\/08\/Captura-de-Tela-2025-08-14-as-10.24.14-1024x680.png",1024,680,true],"1536x1536":["https:\/\/www.mormaii.com.br\/site\/wp-content\/uploads\/2025\/08\/Captura-de-Tela-2025-08-14-as-10.24.14-1536x1021.png",1536,1021,true],"2048x2048":["https:\/\/www.mormaii.com.br\/site\/wp-content\/uploads\/2025\/08\/Captura-de-Tela-2025-08-14-as-10.24.14-2048x1361.png",2048,1361,true],"qi_addons_for_elementor_image_size_square":["https:\/\/www.mormaii.com.br\/site\/wp-content\/uploads\/2025\/08\/Captura-de-Tela-2025-08-14-as-10.24.14-650x650.png",650,650,true],"qi_addons_for_elementor_image_size_landscape":["https:\/\/www.mormaii.com.br\/site\/wp-content\/uploads\/2025\/08\/Captura-de-Tela-2025-08-14-as-10.24.14-1300x650.png",1300,650,true],"qi_addons_for_elementor_image_size_portrait":["https:\/\/www.mormaii.com.br\/site\/wp-content\/uploads\/2025\/08\/Captura-de-Tela-2025-08-14-as-10.24.14-650x1300.png",650,1300,true],"qi_addons_for_elementor_image_size_huge-square":["https:\/\/www.mormaii.com.br\/site\/wp-content\/uploads\/2025\/08\/Captura-de-Tela-2025-08-14-as-10.24.14-1300x1300.png",1300,1300,true]},"uagb_author_info":{"display_name":"Mormaii","author_link":"https:\/\/www.mormaii.com.br\/site\/author\/mormaiifilmes\/"},"uagb_comment_info":0,"uagb_excerpt":"De 9 a 23 de agosto, Assun\u00e7\u00e3o, no Paraguai, ser\u00e1 palco da primeira edi\u00e7\u00e3o dos Jogos Pan-Americanos J\u00fanior, reunindo jovens talentos do esporte em toda a Am\u00e9rica. E a Mormaii estar\u00e1 presente atrav\u00e9s de um de seus atletas: Matheus Melecchi. Matheus disputar\u00e1 duas provas: os 1.500m livres e os 10 km no mar \u2014 dist\u00e2ncias&hellip;","_links":{"self":[{"href":"https:\/\/www.mormaii.com.br\/site\/wp-json\/wp\/v2\/posts\/60002"}],"collection":[{"href":"https:\/\/www.mormaii.com.br\/site\/wp-json\/wp\/v2\/posts"}],"about":[{"href":"https:\/\/www.mormaii.com.br\/site\/wp-json\/wp\/v2\/types\/post"}],"author":[{"embeddable":true,"href":"https:\/\/www.mormaii.com.br\/site\/wp-json\/wp\/v2\/users\/10"}],"replies":[{"embeddable":true,"href":"https:\/\/www.mormaii.com.br\/site\/wp-json\/wp\/v2\/comments?post=60002"}],"version-history":[{"count":3,"href":"https:\/\/www.mormaii.com.br\/site\/wp-json\/wp\/v2\/posts\/60002\/revisions"}],"predecessor-version":[{"id":60010,"href":"https:\/\/www.mormaii.com.br\/site\/wp-json\/wp\/v2\/posts\/60002\/revisions\/60010"}],"wp:featuredmedia":[{"embeddable":true,"href":"https:\/\/www.mormaii.com.br\/site\/wp-json\/wp\/v2\/media\/60009"}],"wp:attachment":[{"href":"https:\/\/www.mormaii.com.br\/site\/wp-json\/wp\/v2\/media?parent=60002"}],"wp:term":[{"taxonomy":"category","embeddable":true,"href":"https:\/\/www.mormaii.com.br\/site\/wp-json\/wp\/v2\/categories?post=60002"},{"taxonomy":"post_tag","embeddable":true,"href":"https:\/\/www.mormaii.com.br\/site\/wp-json\/wp\/v2\/tags?post=60002"}],"curies":[{"name":"wp","href":"https:\/\/api.w.org\/{rel}","templated":true}]}}