{"id":60079,"date":"2025-09-24T08:00:15","date_gmt":"2025-09-24T11:00:15","guid":{"rendered":"https:\/\/www.mormaii.com.br\/site\/?p=60079"},"modified":"2025-09-28T17:54:24","modified_gmt":"2025-09-28T20:54:24","slug":"mormaii-e-presenca-confirmada-na-cob-expo-com-ativacoes-ineditas","status":"publish","type":"post","link":"https:\/\/www.mormaii.com.br\/site\/mormaii-e-presenca-confirmada-na-cob-expo-com-ativacoes-ineditas\/","title":{"rendered":"Mormaii \u00e9 presen\u00e7a confirmada na COB Expo com ativa\u00e7\u00f5es in\u00e9ditas"},"content":{"rendered":"<p class=\"p1\">Com a energia que j\u00e1 acompanha atletas dentro e fora das competi\u00e7\u00f5es, a <b>Mormaii<\/b>, marca genuinamente brasileira e refer\u00eancia em esportes, desembarca na COB Expo 2025, entre os dias 24 e 28 de setembro, no PRO MAGNO Centro de Eventos, em S\u00e3o Paulo, para celebrar o esporte em todas as suas formas.<\/p>\n<p class=\"p1\">Durante os cinco dias de programa\u00e7\u00e3o, a Mormaii estar\u00e1 presente com experi\u00eancias imersivas que refor\u00e7am seu compromisso em conectar pessoas ao esporte e ao estilo de vida ativo, sempre com inova\u00e7\u00e3o e autenticidade.<\/p>\n<p class=\"p1\"><b>Desafio do Surf \u2013 ativa\u00e7\u00e3o com a CBSurf<\/b><\/p>\n<p class=\"p2\"><span class=\"s1\">Em parceria com a Confedera\u00e7\u00e3o Brasileira de Surf, <\/span>apresentar\u00e1 uma experi\u00eancia interativa com a prancha Surfitness Mormaii, onde os visitantes poder\u00e3o experimentar a adrenalina das manobras que remetem ao surf, treinando movimentos como a remada, o drop e muitos outros.<\/p>\n<p class=\"p1\">Dois desafios ser\u00e3o realizados diariamente, coordenados por Andrea Lopes \u2013 <span class=\"s1\">surfista que marcou gera\u00e7\u00f5es e hoje atua como treinadora na CBSURF.<span class=\"Apple-converted-space\">\u00a0 <\/span><\/span>Os vencedores ser\u00e3o premiados produtos da marca. A a\u00e7\u00e3o une divers\u00e3o, engajamento e incentivo \u00e0 pr\u00e1tica esportiva, aproximando ainda mais o p\u00fablico do universo do surfe.<\/p>\n<p class=\"p1\">\u201cEstar presente na COB Expo \u00e9 extremamente importante para n\u00f3s, porque \u00e9 um espa\u00e7o que conecta o esporte brasileiro em todas as suas dimens\u00f5es. \u00c9 a oportunidade de refor\u00e7armos nosso compromisso com o movimento ol\u00edmpico, aproximar ainda mais o p\u00fablico das nossas iniciativas e mostrar como a Mormaii segue inovando e apoiando atletas, modalidades e experi\u00eancias que inspiram qualidade de vida\u201d, destaca <b>Anis Gloss, head de marketing da Mormaii<\/b>.<\/p>\n<p class=\"p1\"><b>Presen\u00e7a no espa\u00e7o Time Brasil<\/b><\/p>\n<p class=\"p1\">Al\u00e9m da ativa\u00e7\u00e3o, a Mormaii marcar\u00e1 presen\u00e7a na <b>loja oficial do evento<\/b>, com a cole\u00e7\u00e3o exclusiva <b>Mormaii + Time Brasil<\/b>, fruto da parceria com o COB (Comit\u00ea Ol\u00edmpico do Brasil). O espa\u00e7o tamb\u00e9m contar\u00e1 com palestras, debates e itens de mem\u00f3ria esportiva, refor\u00e7ando a conex\u00e3o da marca com o movimento ol\u00edmpico.<\/p>\n","protected":false},"excerpt":{"rendered":"<p>Com a energia que j\u00e1 acompanha atletas dentro e fora das competi\u00e7\u00f5es, a Mormaii, marca genuinamente brasileira e refer\u00eancia em esportes, desembarca na COB Expo 2025, entre os dias 24 e 28 de setembro, no PRO MAGNO Centro de Eventos, em S\u00e3o Paulo, para celebrar o esporte em todas as suas formas. Durante os cinco [&hellip;]<\/p>\n","protected":false},"author":10,"featured_media":60082,"comment_status":"closed","ping_status":"closed","sticky":false,"template":"","format":"standard","meta":{"_uag_custom_page_level_css":"","_mi_skip_tracking":false,"footnotes":""},"categories":[36,40,38,942,1,941],"tags":[],"class_list":["post-60079","post","type-post","status-publish","format-standard","has-post-thumbnail","hentry","category-atletas","category-esportes","category-eventos","category-feiras-e-convencoes","category-historia","category-time-brasil"],"acf":[],"uagb_featured_image_src":{"full":["https:\/\/www.mormaii.com.br\/site\/wp-content\/uploads\/2025\/09\/2024-09-26-COBExpo-66-2-scaled.jpg",2560,1920,false],"thumbnail":["https:\/\/www.mormaii.com.br\/site\/wp-content\/uploads\/2025\/09\/2024-09-26-COBExpo-66-2-150x150.jpg",150,150,true],"medium":["https:\/\/www.mormaii.com.br\/site\/wp-content\/uploads\/2025\/09\/2024-09-26-COBExpo-66-2-300x225.jpg",300,225,true],"medium_large":["https:\/\/www.mormaii.com.br\/site\/wp-content\/uploads\/2025\/09\/2024-09-26-COBExpo-66-2-768x576.jpg",768,576,true],"large":["https:\/\/www.mormaii.com.br\/site\/wp-content\/uploads\/2025\/09\/2024-09-26-COBExpo-66-2-1024x768.jpg",1024,768,true],"1536x1536":["https:\/\/www.mormaii.com.br\/site\/wp-content\/uploads\/2025\/09\/2024-09-26-COBExpo-66-2-1536x1152.jpg",1536,1152,true],"2048x2048":["https:\/\/www.mormaii.com.br\/site\/wp-content\/uploads\/2025\/09\/2024-09-26-COBExpo-66-2-2048x1536.jpg",2048,1536,true],"qi_addons_for_elementor_image_size_square":["https:\/\/www.mormaii.com.br\/site\/wp-content\/uploads\/2025\/09\/2024-09-26-COBExpo-66-2-650x650.jpg",650,650,true],"qi_addons_for_elementor_image_size_landscape":["https:\/\/www.mormaii.com.br\/site\/wp-content\/uploads\/2025\/09\/2024-09-26-COBExpo-66-2-1300x650.jpg",1300,650,true],"qi_addons_for_elementor_image_size_portrait":["https:\/\/www.mormaii.com.br\/site\/wp-content\/uploads\/2025\/09\/2024-09-26-COBExpo-66-2-650x1300.jpg",650,1300,true],"qi_addons_for_elementor_image_size_huge-square":["https:\/\/www.mormaii.com.br\/site\/wp-content\/uploads\/2025\/09\/2024-09-26-COBExpo-66-2-1300x1300.jpg",1300,1300,true]},"uagb_author_info":{"display_name":"Mormaii","author_link":"https:\/\/www.mormaii.com.br\/site\/author\/mormaiifilmes\/"},"uagb_comment_info":0,"uagb_excerpt":"Com a energia que j\u00e1 acompanha atletas dentro e fora das competi\u00e7\u00f5es, a Mormaii, marca genuinamente brasileira e refer\u00eancia em esportes, desembarca na COB Expo 2025, entre os dias 24 e 28 de setembro, no PRO MAGNO Centro de Eventos, em S\u00e3o Paulo, para celebrar o esporte em todas as suas formas. Durante os cinco&hellip;","_links":{"self":[{"href":"https:\/\/www.mormaii.com.br\/site\/wp-json\/wp\/v2\/posts\/60079"}],"collection":[{"href":"https:\/\/www.mormaii.com.br\/site\/wp-json\/wp\/v2\/posts"}],"about":[{"href":"https:\/\/www.mormaii.com.br\/site\/wp-json\/wp\/v2\/types\/post"}],"author":[{"embeddable":true,"href":"https:\/\/www.mormaii.com.br\/site\/wp-json\/wp\/v2\/users\/10"}],"replies":[{"embeddable":true,"href":"https:\/\/www.mormaii.com.br\/site\/wp-json\/wp\/v2\/comments?post=60079"}],"version-history":[{"count":2,"href":"https:\/\/www.mormaii.com.br\/site\/wp-json\/wp\/v2\/posts\/60079\/revisions"}],"predecessor-version":[{"id":60083,"href":"https:\/\/www.mormaii.com.br\/site\/wp-json\/wp\/v2\/posts\/60079\/revisions\/60083"}],"wp:featuredmedia":[{"embeddable":true,"href":"https:\/\/www.mormaii.com.br\/site\/wp-json\/wp\/v2\/media\/60082"}],"wp:attachment":[{"href":"https:\/\/www.mormaii.com.br\/site\/wp-json\/wp\/v2\/media?parent=60079"}],"wp:term":[{"taxonomy":"category","embeddable":true,"href":"https:\/\/www.mormaii.com.br\/site\/wp-json\/wp\/v2\/categories?post=60079"},{"taxonomy":"post_tag","embeddable":true,"href":"https:\/\/www.mormaii.com.br\/site\/wp-json\/wp\/v2\/tags?post=60079"}],"curies":[{"name":"wp","href":"https:\/\/api.w.org\/{rel}","templated":true}]}}