{"id":60091,"date":"2025-11-05T08:00:41","date_gmt":"2025-11-05T11:00:41","guid":{"rendered":"https:\/\/www.mormaii.com.br\/site\/?p=60091"},"modified":"2025-11-06T23:01:44","modified_gmt":"2025-11-07T02:01:44","slug":"luara-mandelli-atleta-mormaii-conquista-vaga-historia-no-mundial-junior-da-wsl","status":"publish","type":"post","link":"https:\/\/www.mormaii.com.br\/site\/luara-mandelli-atleta-mormaii-conquista-vaga-historia-no-mundial-junior-da-wsl\/","title":{"rendered":"Luara Mandelli, atleta Mormaii, conquista vaga hist\u00f3ria no mundial J\u00fanior da WSL"},"content":{"rendered":"<p class=\"p1\">A atleta <b>Mormaii<\/b>, Luara Mandelli, de apenas 17 anos, garantiu sua vaga para o WSL World Junior Championships, o Mundial J\u00fanior da World Surf League, que acontece em janeiro nas Filipinas \u2014 o evento mais importante do mundo para jovens talentos da modalidade.<\/p>\n<p class=\"p1\">Com uma temporada j\u00fanior impressionante, Luara se destacou no circuito sul-americano e consolidou seu nome entre as maiores promessas do surfe feminino nacional. A classifica\u00e7\u00e3o para o Mundial \u00e9 resultado de uma s\u00e9rie de performances consistentes e de muito foco, culminando com a vit\u00f3ria no WSL Pro Junior de Saquarema (RJ) \u2014 etapa que marcou o ponto alto de sua temporada.<\/p>\n<p class=\"p1\">\u201cEstou sem palavras, ainda n\u00e3o caiu a ficha. Era um dos meus grandes objetivos para este ano, e finalmente consegui! Estou muito feliz e motivada para representar o Brasil e o Paran\u00e1 neste mundial\u201d, celebrou a atleta, que tamb\u00e9m conta com o incentivo do programa Aux\u00edlio-Atleta da Prefeitura de Matinhos.<\/p>\n<p class=\"p2\"><img loading=\"lazy\" decoding=\"async\" class=\"alignnone wp-image-60092\" src=\"https:\/\/www.mormaii.com.br\/site\/wp-content\/uploads\/2025\/11\/WhatsApp-Image-2025-10-31-at-17.03.20-300x215.jpeg\" alt=\"\" width=\"500\" height=\"358\" srcset=\"https:\/\/www.mormaii.com.br\/site\/wp-content\/uploads\/2025\/11\/WhatsApp-Image-2025-10-31-at-17.03.20-300x215.jpeg 300w, https:\/\/www.mormaii.com.br\/site\/wp-content\/uploads\/2025\/11\/WhatsApp-Image-2025-10-31-at-17.03.20-1024x732.jpeg 1024w, https:\/\/www.mormaii.com.br\/site\/wp-content\/uploads\/2025\/11\/WhatsApp-Image-2025-10-31-at-17.03.20-768x549.jpeg 768w, https:\/\/www.mormaii.com.br\/site\/wp-content\/uploads\/2025\/11\/WhatsApp-Image-2025-10-31-at-17.03.20-1536x1098.jpeg 1536w, https:\/\/www.mormaii.com.br\/site\/wp-content\/uploads\/2025\/11\/WhatsApp-Image-2025-10-31-at-17.03.20.jpeg 1600w\" sizes=\"(max-width: 500px) 100vw, 500px\" \/><\/p>\n<p class=\"p1\">Al\u00e9m do t\u00edtulo em Saquarema, Luara foi destaque na etapa de Iquique, no Chile, onde foi a \u00fanica brasileira a chegar \u00e0 fase final. A soma dos resultados assegurou sua vaga no ranking regional e o passaporte para o Mundial nas Filipinas, que reunir\u00e1 os 24 melhores surfistas juniores do planeta.<\/p>\n<p class=\"p1\">A trajet\u00f3ria de Luara \u00e9 marcada pela dedica\u00e7\u00e3o e pelo esp\u00edrito de supera\u00e7\u00e3o que refletem o DNA da <b>Mormaii <\/b>\u2014 uma marca que h\u00e1 d\u00e9cadas apoia atletas que vivem o esporte com intensidade e autenticidade. Bicampe\u00e3 brasileira em categorias de base e integrante da Sele\u00e7\u00e3o Brasileira J\u00fanior h\u00e1 quatro anos, Luara tamb\u00e9m faz parte do programa Gera\u00e7\u00e3o Ol\u00edmpica e do Time Brasil do COB, refor\u00e7ando seu compromisso com o alto rendimento e o sonho ol\u00edmpico e agora vai em busca do seu maior desafio de sua carreira at\u00e9 aqui.<\/p>\n","protected":false},"excerpt":{"rendered":"<p>A atleta Mormaii, Luara Mandelli, de apenas 17 anos, garantiu sua vaga para o WSL World Junior Championships, o Mundial J\u00fanior da World Surf League, que acontece em janeiro nas Filipinas \u2014 o evento mais importante do mundo para jovens talentos da modalidade. Com uma temporada j\u00fanior impressionante, Luara se destacou no circuito sul-americano e [&hellip;]<\/p>\n","protected":false},"author":10,"featured_media":60093,"comment_status":"closed","ping_status":"closed","sticky":false,"template":"","format":"standard","meta":{"_uag_custom_page_level_css":"","_mi_skip_tracking":false,"footnotes":""},"categories":[36,40,914,345],"tags":[],"class_list":["post-60091","post","type-post","status-publish","format-standard","has-post-thumbnail","hentry","category-atletas","category-esportes","category-mormaii","category-surf"],"acf":[],"uagb_featured_image_src":{"full":["https:\/\/www.mormaii.com.br\/site\/wp-content\/uploads\/2025\/11\/WhatsApp-Image-2025-10-31-at-17.03.21.jpeg",1600,1068,false],"thumbnail":["https:\/\/www.mormaii.com.br\/site\/wp-content\/uploads\/2025\/11\/WhatsApp-Image-2025-10-31-at-17.03.21-150x150.jpeg",150,150,true],"medium":["https:\/\/www.mormaii.com.br\/site\/wp-content\/uploads\/2025\/11\/WhatsApp-Image-2025-10-31-at-17.03.21-300x200.jpeg",300,200,true],"medium_large":["https:\/\/www.mormaii.com.br\/site\/wp-content\/uploads\/2025\/11\/WhatsApp-Image-2025-10-31-at-17.03.21-768x513.jpeg",768,513,true],"large":["https:\/\/www.mormaii.com.br\/site\/wp-content\/uploads\/2025\/11\/WhatsApp-Image-2025-10-31-at-17.03.21-1024x684.jpeg",1024,684,true],"1536x1536":["https:\/\/www.mormaii.com.br\/site\/wp-content\/uploads\/2025\/11\/WhatsApp-Image-2025-10-31-at-17.03.21-1536x1025.jpeg",1536,1025,true],"2048x2048":["https:\/\/www.mormaii.com.br\/site\/wp-content\/uploads\/2025\/11\/WhatsApp-Image-2025-10-31-at-17.03.21.jpeg",1600,1068,false],"qi_addons_for_elementor_image_size_square":["https:\/\/www.mormaii.com.br\/site\/wp-content\/uploads\/2025\/11\/WhatsApp-Image-2025-10-31-at-17.03.21-650x650.jpeg",650,650,true],"qi_addons_for_elementor_image_size_landscape":["https:\/\/www.mormaii.com.br\/site\/wp-content\/uploads\/2025\/11\/WhatsApp-Image-2025-10-31-at-17.03.21-1300x650.jpeg",1300,650,true],"qi_addons_for_elementor_image_size_portrait":["https:\/\/www.mormaii.com.br\/site\/wp-content\/uploads\/2025\/11\/WhatsApp-Image-2025-10-31-at-17.03.21-650x1068.jpeg",650,1068,true],"qi_addons_for_elementor_image_size_huge-square":["https:\/\/www.mormaii.com.br\/site\/wp-content\/uploads\/2025\/11\/WhatsApp-Image-2025-10-31-at-17.03.21-1300x1068.jpeg",1300,1068,true]},"uagb_author_info":{"display_name":"Mormaii","author_link":"https:\/\/www.mormaii.com.br\/site\/author\/mormaiifilmes\/"},"uagb_comment_info":0,"uagb_excerpt":"A atleta Mormaii, Luara Mandelli, de apenas 17 anos, garantiu sua vaga para o WSL World Junior Championships, o Mundial J\u00fanior da World Surf League, que acontece em janeiro nas Filipinas \u2014 o evento mais importante do mundo para jovens talentos da modalidade. Com uma temporada j\u00fanior impressionante, Luara se destacou no circuito sul-americano e&hellip;","_links":{"self":[{"href":"https:\/\/www.mormaii.com.br\/site\/wp-json\/wp\/v2\/posts\/60091"}],"collection":[{"href":"https:\/\/www.mormaii.com.br\/site\/wp-json\/wp\/v2\/posts"}],"about":[{"href":"https:\/\/www.mormaii.com.br\/site\/wp-json\/wp\/v2\/types\/post"}],"author":[{"embeddable":true,"href":"https:\/\/www.mormaii.com.br\/site\/wp-json\/wp\/v2\/users\/10"}],"replies":[{"embeddable":true,"href":"https:\/\/www.mormaii.com.br\/site\/wp-json\/wp\/v2\/comments?post=60091"}],"version-history":[{"count":2,"href":"https:\/\/www.mormaii.com.br\/site\/wp-json\/wp\/v2\/posts\/60091\/revisions"}],"predecessor-version":[{"id":60095,"href":"https:\/\/www.mormaii.com.br\/site\/wp-json\/wp\/v2\/posts\/60091\/revisions\/60095"}],"wp:featuredmedia":[{"embeddable":true,"href":"https:\/\/www.mormaii.com.br\/site\/wp-json\/wp\/v2\/media\/60093"}],"wp:attachment":[{"href":"https:\/\/www.mormaii.com.br\/site\/wp-json\/wp\/v2\/media?parent=60091"}],"wp:term":[{"taxonomy":"category","embeddable":true,"href":"https:\/\/www.mormaii.com.br\/site\/wp-json\/wp\/v2\/categories?post=60091"},{"taxonomy":"post_tag","embeddable":true,"href":"https:\/\/www.mormaii.com.br\/site\/wp-json\/wp\/v2\/tags?post=60091"}],"curies":[{"name":"wp","href":"https:\/\/api.w.org\/{rel}","templated":true}]}}