{"id":60101,"date":"2025-10-01T08:08:01","date_gmt":"2025-10-01T11:08:01","guid":{"rendered":"https:\/\/www.mormaii.com.br\/site\/?p=60101"},"modified":"2025-11-07T14:02:59","modified_gmt":"2025-11-07T17:02:59","slug":"mormaii-apoia-o-retorno-da-volta-ciclistica-de-santa-catarina-apos-uma-decada-de-pausa","status":"publish","type":"post","link":"https:\/\/www.mormaii.com.br\/site\/mormaii-apoia-o-retorno-da-volta-ciclistica-de-santa-catarina-apos-uma-decada-de-pausa\/","title":{"rendered":"Mormaii apoia o retorno da Volta Cicl\u00edstica de Santa Catarina ap\u00f3s uma d\u00e9cada de pausa"},"content":{"rendered":"<p class=\"p1\">Entre os dias 7 e 12 de outubro, Santa Catarina ser\u00e1 palco de uma das competi\u00e7\u00f5es mais tradicionais e respeitadas do ciclismo nacional: a Volta Cicl\u00edstica de Santa Catarina, que nesta edi\u00e7\u00e3o ganha status internacional e soma pontos para o UCI America Tour \u2013 v\u00e1lido para o novo ciclo ol\u00edmpico (Los Angeles 2028). E a <b>Mormaii<\/b>, marca brasileira que traduz o esp\u00edrito esportivo, apoiar\u00e1 o evento que retorna ap\u00f3s quase uma d\u00e9cada de pausa.<\/p>\n<p class=\"p1\">Ser\u00e3o 20 equipes de elite, representando diferentes regi\u00f5es e pa\u00edses, encarando um percurso desafiador, com passagens por Nova Veneza, Urubici, Lages, Balne\u00e1rio Cambori\u00fa, Nova Trento e Florian\u00f3polis. O trajeto inclui cen\u00e1rios ic\u00f4nicos, como a Serra do Rio do Rastro, uma das subidas mais desafiadoras do mundo, al\u00e9m de percursos que cruzam montanhas, vales, florestas de arauc\u00e1rias e o litoral catarinense.<\/p>\n<p class=\"p1\">O encerramento da competi\u00e7\u00e3o ocorrer\u00e1 dia 12 de outubro, em Florian\u00f3polis, com uma etapa festiva que contar\u00e1 tamb\u00e9m com provas amadoras e a Mini Volta de Santa Catarina, em celebra\u00e7\u00e3o ao Dia das Crian\u00e7as, transformando o evento em uma grande festa do ciclismo para atletas, fam\u00edlias e entusiastas.<\/p>\n<p class=\"p1\">A <b>Mormaii <\/b>estar\u00e1 presente na Volta Cicl\u00edstica de Santa Catarina disponibilizando produtos da marca para os atletas e equipes participantes, refor\u00e7ando seu compromisso com o esporte de alto rendimento e iniciativas que valorizam a pr\u00e1tica esportiva no Brasil.<\/p>\n<p class=\"p1\">\u201cA Volta Cicl\u00edstica de Santa Catarina faz parte da hist\u00f3ria do esporte no Brasil e carrega uma energia \u00fanica, que conecta atletas, torcedores e nossa pr\u00f3pria ess\u00eancia como marca catarinense. Poder apoiar esse retorno da competi\u00e7\u00e3o com nossos produtos \u00e9 uma forma de incentivar a performance, mas tamb\u00e9m de refor\u00e7ar a paix\u00e3o pelo esporte e pelo nosso estado\u201d, destaca Anis Gloss, gerente de marketing da <b>Mormaii<\/b>.<\/p>\n","protected":false},"excerpt":{"rendered":"<p>Entre os dias 7 e 12 de outubro, Santa Catarina ser\u00e1 palco de uma das competi\u00e7\u00f5es mais tradicionais e respeitadas do ciclismo nacional: a Volta Cicl\u00edstica de Santa Catarina, que nesta edi\u00e7\u00e3o ganha status internacional e soma pontos para o UCI America Tour \u2013 v\u00e1lido para o novo ciclo ol\u00edmpico (Los Angeles 2028). E a [&hellip;]<\/p>\n","protected":false},"author":10,"featured_media":60102,"comment_status":"closed","ping_status":"closed","sticky":false,"template":"","format":"standard","meta":{"_uag_custom_page_level_css":"","_mi_skip_tracking":false,"footnotes":""},"categories":[40,38,1],"tags":[],"class_list":["post-60101","post","type-post","status-publish","format-standard","has-post-thumbnail","hentry","category-esportes","category-eventos","category-historia"],"acf":[],"uagb_featured_image_src":{"full":["https:\/\/www.mormaii.com.br\/site\/wp-content\/uploads\/2025\/11\/20251007_26VCSC00014-scaled.jpg",2560,1707,false],"thumbnail":["https:\/\/www.mormaii.com.br\/site\/wp-content\/uploads\/2025\/11\/20251007_26VCSC00014-150x150.jpg",150,150,true],"medium":["https:\/\/www.mormaii.com.br\/site\/wp-content\/uploads\/2025\/11\/20251007_26VCSC00014-300x200.jpg",300,200,true],"medium_large":["https:\/\/www.mormaii.com.br\/site\/wp-content\/uploads\/2025\/11\/20251007_26VCSC00014-768x512.jpg",768,512,true],"large":["https:\/\/www.mormaii.com.br\/site\/wp-content\/uploads\/2025\/11\/20251007_26VCSC00014-1024x683.jpg",1024,683,true],"1536x1536":["https:\/\/www.mormaii.com.br\/site\/wp-content\/uploads\/2025\/11\/20251007_26VCSC00014-1536x1024.jpg",1536,1024,true],"2048x2048":["https:\/\/www.mormaii.com.br\/site\/wp-content\/uploads\/2025\/11\/20251007_26VCSC00014-2048x1365.jpg",2048,1365,true],"qi_addons_for_elementor_image_size_square":["https:\/\/www.mormaii.com.br\/site\/wp-content\/uploads\/2025\/11\/20251007_26VCSC00014-650x650.jpg",650,650,true],"qi_addons_for_elementor_image_size_landscape":["https:\/\/www.mormaii.com.br\/site\/wp-content\/uploads\/2025\/11\/20251007_26VCSC00014-1300x650.jpg",1300,650,true],"qi_addons_for_elementor_image_size_portrait":["https:\/\/www.mormaii.com.br\/site\/wp-content\/uploads\/2025\/11\/20251007_26VCSC00014-650x1300.jpg",650,1300,true],"qi_addons_for_elementor_image_size_huge-square":["https:\/\/www.mormaii.com.br\/site\/wp-content\/uploads\/2025\/11\/20251007_26VCSC00014-1300x1300.jpg",1300,1300,true]},"uagb_author_info":{"display_name":"Mormaii","author_link":"https:\/\/www.mormaii.com.br\/site\/author\/mormaiifilmes\/"},"uagb_comment_info":0,"uagb_excerpt":"Entre os dias 7 e 12 de outubro, Santa Catarina ser\u00e1 palco de uma das competi\u00e7\u00f5es mais tradicionais e respeitadas do ciclismo nacional: a Volta Cicl\u00edstica de Santa Catarina, que nesta edi\u00e7\u00e3o ganha status internacional e soma pontos para o UCI America Tour \u2013 v\u00e1lido para o novo ciclo ol\u00edmpico (Los Angeles 2028). E a&hellip;","_links":{"self":[{"href":"https:\/\/www.mormaii.com.br\/site\/wp-json\/wp\/v2\/posts\/60101"}],"collection":[{"href":"https:\/\/www.mormaii.com.br\/site\/wp-json\/wp\/v2\/posts"}],"about":[{"href":"https:\/\/www.mormaii.com.br\/site\/wp-json\/wp\/v2\/types\/post"}],"author":[{"embeddable":true,"href":"https:\/\/www.mormaii.com.br\/site\/wp-json\/wp\/v2\/users\/10"}],"replies":[{"embeddable":true,"href":"https:\/\/www.mormaii.com.br\/site\/wp-json\/wp\/v2\/comments?post=60101"}],"version-history":[{"count":1,"href":"https:\/\/www.mormaii.com.br\/site\/wp-json\/wp\/v2\/posts\/60101\/revisions"}],"predecessor-version":[{"id":60103,"href":"https:\/\/www.mormaii.com.br\/site\/wp-json\/wp\/v2\/posts\/60101\/revisions\/60103"}],"wp:featuredmedia":[{"embeddable":true,"href":"https:\/\/www.mormaii.com.br\/site\/wp-json\/wp\/v2\/media\/60102"}],"wp:attachment":[{"href":"https:\/\/www.mormaii.com.br\/site\/wp-json\/wp\/v2\/media?parent=60101"}],"wp:term":[{"taxonomy":"category","embeddable":true,"href":"https:\/\/www.mormaii.com.br\/site\/wp-json\/wp\/v2\/categories?post=60101"},{"taxonomy":"post_tag","embeddable":true,"href":"https:\/\/www.mormaii.com.br\/site\/wp-json\/wp\/v2\/tags?post=60101"}],"curies":[{"name":"wp","href":"https:\/\/api.w.org\/{rel}","templated":true}]}}