{"id":60108,"date":"2025-11-17T08:00:39","date_gmt":"2025-11-17T11:00:39","guid":{"rendered":"https:\/\/www.mormaii.com.br\/site\/?p=60108"},"modified":"2025-11-19T16:33:26","modified_gmt":"2025-11-19T19:33:26","slug":"alejandro-juanuk-vence-seletiva-sul-americana-e-garante-vaga-para-as-olimpiadas-da-juventude-de-dakar-2026","status":"publish","type":"post","link":"https:\/\/www.mormaii.com.br\/site\/alejandro-juanuk-vence-seletiva-sul-americana-e-garante-vaga-para-as-olimpiadas-da-juventude-de-dakar-2026\/","title":{"rendered":"Alejandro Juanuk vence seletiva sul-americana e garante vaga para as Olimp\u00edadas da Juventude de Dakar 2026"},"content":{"rendered":"<p class=\"p1\">Com uma performance marcante e estrat\u00e9gica, o jovem atleta catarinense Alejandro Juanuk conquistou, no \u00faltimo s\u00e1bado (16), o primeiro lugar na seletiva sul-americana para as Olimp\u00edadas da Juventude de Dakar 2026. A disputa aconteceu em Rionegro, na Col\u00f4mbia, cidade situada a mais de 2.400 metros de altitude e reconhecida como centro internacional de treinamento de alto rendimento. O evento, organizado pela Associa\u00e7\u00e3o Colombiana de Triathlon, reuniu os principais talentos juvenis do continente.<\/p>\n<p class=\"p1\">A competi\u00e7\u00e3o apresentou um formato especial, com a nata\u00e7\u00e3o realizada em uma piscina ol\u00edmpica p\u00fablica de 50 metros no centro da cidade \u2014 um cen\u00e1rio incomum e inspirador. Alejandro saiu da \u00e1gua em quinto lugar, a apenas tr\u00eas segundos do l\u00edder, e assumiu a lideran\u00e7a j\u00e1 nos primeiros metros da transi\u00e7\u00e3o.<\/p>\n<p class=\"p1\">Apesar da vit\u00f3ria s\u00f3lida, o resultado foi constru\u00eddo sob condi\u00e7\u00f5es desafiadoras. Na madrugada anterior \u00e0 prova, Alejandro enfrentou fortes dores abdominais causadas pela altitude e quase n\u00e3o competiu. Ainda assim, mostrou resili\u00eancia e tomou a decis\u00e3o de estar na largada. No ciclismo, liderou por 12 km com um grupo forte e, no quil\u00f4metro 14, acelerou nas subidas, abrindo 1min30s sobre o segundo colocado. Na corrida, manteve o ritmo e cruzou a linha de chegada confirmando a vit\u00f3ria com autoridade.<\/p>\n<p><img loading=\"lazy\" decoding=\"async\" class=\"alignnone wp-image-60109\" src=\"https:\/\/www.mormaii.com.br\/site\/wp-content\/uploads\/2025\/11\/IMG_0926-577x1024.jpg\" alt=\"\" width=\"300\" height=\"533\" srcset=\"https:\/\/www.mormaii.com.br\/site\/wp-content\/uploads\/2025\/11\/IMG_0926-577x1024.jpg 577w, https:\/\/www.mormaii.com.br\/site\/wp-content\/uploads\/2025\/11\/IMG_0926-169x300.jpg 169w, https:\/\/www.mormaii.com.br\/site\/wp-content\/uploads\/2025\/11\/IMG_0926-768x1364.jpg 768w, https:\/\/www.mormaii.com.br\/site\/wp-content\/uploads\/2025\/11\/IMG_0926-865x1536.jpg 865w, https:\/\/www.mormaii.com.br\/site\/wp-content\/uploads\/2025\/11\/IMG_0926-1153x2048.jpg 1153w, https:\/\/www.mormaii.com.br\/site\/wp-content\/uploads\/2025\/11\/IMG_0926-scaled.jpg 1441w\" sizes=\"(max-width: 300px) 100vw, 300px\" \/><\/p>\n<p class=\"p1\">A cidade colombiana imp\u00f4s condi\u00e7\u00f5es clim\u00e1ticas exigentes, com temperatura de 26 \u00b0C e \u00edndice UV 8, refor\u00e7ando o m\u00e9rito da conquista. Ap\u00f3s o resultado, Alejandro permanece na Col\u00f4mbia para mais 11 dias de treinamentos em altitude, focado na prepara\u00e7\u00e3o para os pr\u00f3ximos desafios internacionais antes de retornar ao Brasil no dia 30 de novembro.<\/p>\n<p class=\"p1\">Essa vit\u00f3ria representa um passo importante na trajet\u00f3ria do triatleta, que refor\u00e7a o apoio fundamental de sua equipe multidisciplinar e dos patrocinadores \u2014 com destaque para a <b>Mormaii<\/b>, marca que acompanha e impulsiona seu desenvolvimento no esporte.<\/p>\n<p class=\"p1\">Alejandro segue firme no caminho rumo a Dakar 2026, consolidando-se como um dos principais nomes da nova gera\u00e7\u00e3o do triathlon brasileiro.<\/p>\n","protected":false},"excerpt":{"rendered":"<p>Com uma performance marcante e estrat\u00e9gica, o jovem atleta catarinense Alejandro Juanuk conquistou, no \u00faltimo s\u00e1bado (16), o primeiro lugar na seletiva sul-americana para as Olimp\u00edadas da Juventude de Dakar 2026. A disputa aconteceu em Rionegro, na Col\u00f4mbia, cidade situada a mais de 2.400 metros de altitude e reconhecida como centro internacional de treinamento de [&hellip;]<\/p>\n","protected":false},"author":10,"featured_media":60111,"comment_status":"closed","ping_status":"closed","sticky":false,"template":"","format":"standard","meta":{"_uag_custom_page_level_css":"","_mi_skip_tracking":false,"footnotes":""},"categories":[36,1,914],"tags":[],"class_list":["post-60108","post","type-post","status-publish","format-standard","has-post-thumbnail","hentry","category-atletas","category-historia","category-mormaii"],"acf":[],"uagb_featured_image_src":{"full":["https:\/\/www.mormaii.com.br\/site\/wp-content\/uploads\/2025\/11\/Captura-de-Tela-2025-11-19-as-16.31.06.png",2072,1402,false],"thumbnail":["https:\/\/www.mormaii.com.br\/site\/wp-content\/uploads\/2025\/11\/Captura-de-Tela-2025-11-19-as-16.31.06-150x150.png",150,150,true],"medium":["https:\/\/www.mormaii.com.br\/site\/wp-content\/uploads\/2025\/11\/Captura-de-Tela-2025-11-19-as-16.31.06-300x203.png",300,203,true],"medium_large":["https:\/\/www.mormaii.com.br\/site\/wp-content\/uploads\/2025\/11\/Captura-de-Tela-2025-11-19-as-16.31.06-768x520.png",768,520,true],"large":["https:\/\/www.mormaii.com.br\/site\/wp-content\/uploads\/2025\/11\/Captura-de-Tela-2025-11-19-as-16.31.06-1024x693.png",1024,693,true],"1536x1536":["https:\/\/www.mormaii.com.br\/site\/wp-content\/uploads\/2025\/11\/Captura-de-Tela-2025-11-19-as-16.31.06-1536x1039.png",1536,1039,true],"2048x2048":["https:\/\/www.mormaii.com.br\/site\/wp-content\/uploads\/2025\/11\/Captura-de-Tela-2025-11-19-as-16.31.06-2048x1386.png",2048,1386,true],"qi_addons_for_elementor_image_size_square":["https:\/\/www.mormaii.com.br\/site\/wp-content\/uploads\/2025\/11\/Captura-de-Tela-2025-11-19-as-16.31.06-650x650.png",650,650,true],"qi_addons_for_elementor_image_size_landscape":["https:\/\/www.mormaii.com.br\/site\/wp-content\/uploads\/2025\/11\/Captura-de-Tela-2025-11-19-as-16.31.06-1300x650.png",1300,650,true],"qi_addons_for_elementor_image_size_portrait":["https:\/\/www.mormaii.com.br\/site\/wp-content\/uploads\/2025\/11\/Captura-de-Tela-2025-11-19-as-16.31.06-650x1300.png",650,1300,true],"qi_addons_for_elementor_image_size_huge-square":["https:\/\/www.mormaii.com.br\/site\/wp-content\/uploads\/2025\/11\/Captura-de-Tela-2025-11-19-as-16.31.06-1300x1300.png",1300,1300,true]},"uagb_author_info":{"display_name":"Mormaii","author_link":"https:\/\/www.mormaii.com.br\/site\/author\/mormaiifilmes\/"},"uagb_comment_info":0,"uagb_excerpt":"Com uma performance marcante e estrat\u00e9gica, o jovem atleta catarinense Alejandro Juanuk conquistou, no \u00faltimo s\u00e1bado (16), o primeiro lugar na seletiva sul-americana para as Olimp\u00edadas da Juventude de Dakar 2026. A disputa aconteceu em Rionegro, na Col\u00f4mbia, cidade situada a mais de 2.400 metros de altitude e reconhecida como centro internacional de treinamento de&hellip;","_links":{"self":[{"href":"https:\/\/www.mormaii.com.br\/site\/wp-json\/wp\/v2\/posts\/60108"}],"collection":[{"href":"https:\/\/www.mormaii.com.br\/site\/wp-json\/wp\/v2\/posts"}],"about":[{"href":"https:\/\/www.mormaii.com.br\/site\/wp-json\/wp\/v2\/types\/post"}],"author":[{"embeddable":true,"href":"https:\/\/www.mormaii.com.br\/site\/wp-json\/wp\/v2\/users\/10"}],"replies":[{"embeddable":true,"href":"https:\/\/www.mormaii.com.br\/site\/wp-json\/wp\/v2\/comments?post=60108"}],"version-history":[{"count":2,"href":"https:\/\/www.mormaii.com.br\/site\/wp-json\/wp\/v2\/posts\/60108\/revisions"}],"predecessor-version":[{"id":60112,"href":"https:\/\/www.mormaii.com.br\/site\/wp-json\/wp\/v2\/posts\/60108\/revisions\/60112"}],"wp:featuredmedia":[{"embeddable":true,"href":"https:\/\/www.mormaii.com.br\/site\/wp-json\/wp\/v2\/media\/60111"}],"wp:attachment":[{"href":"https:\/\/www.mormaii.com.br\/site\/wp-json\/wp\/v2\/media?parent=60108"}],"wp:term":[{"taxonomy":"category","embeddable":true,"href":"https:\/\/www.mormaii.com.br\/site\/wp-json\/wp\/v2\/categories?post=60108"},{"taxonomy":"post_tag","embeddable":true,"href":"https:\/\/www.mormaii.com.br\/site\/wp-json\/wp\/v2\/tags?post=60108"}],"curies":[{"name":"wp","href":"https:\/\/api.w.org\/{rel}","templated":true}]}}