{"id":60126,"date":"2025-12-01T17:00:06","date_gmt":"2025-12-01T20:00:06","guid":{"rendered":"https:\/\/www.mormaii.com.br\/site\/?p=60126"},"modified":"2025-12-02T23:55:26","modified_gmt":"2025-12-03T02:55:26","slug":"alejandro-juanuk-garante-vaga-para-o-sul-americano-do-panama-e-para-o-circuito-internacional-junior-2026","status":"publish","type":"post","link":"https:\/\/www.mormaii.com.br\/site\/alejandro-juanuk-garante-vaga-para-o-sul-americano-do-panama-e-para-o-circuito-internacional-junior-2026\/","title":{"rendered":"Alejandro Juanuk garante vaga para o Sul-Americano do Panam\u00e1 e para o Circuito Internacional J\u00fanior 2026"},"content":{"rendered":"<p class=\"p1\">O triatleta catarinense Alejandro Juanuk, de apenas 16 anos, garantiu neste fim de semana sua classifica\u00e7\u00e3o para representar o Brasil no Campeonato Sul-Americano de Triathlon, no Panam\u00e1, e tamb\u00e9m no circuito internacional da categoria Junior em 2026, consolidando-se como uma das maiores promessas do triathlon nacional.<\/p>\n<p class=\"p1\">A conquista coroa uma temporada marcada por evolu\u00e7\u00e3o, estrat\u00e9gia e maturidade. Ap\u00f3s o vice-campeonato pan-americano na Col\u00f4mbia, no in\u00edcio do semestre, Alejandro e sua equipe tra\u00e7aram um novo plano de desenvolvimento, baseado em treinos individualizados, sa\u00fade integral, fortalecimento f\u00edsico e amadurecimento t\u00e9cnico. O jovem atleta encarou longas jornadas de nata\u00e7\u00e3o em \u00e1guas abertas, protocolos avan\u00e7ados de performance e per\u00edodos de prepara\u00e7\u00e3o em altitude \u2014 tudo longe da fam\u00edlia e sob condi\u00e7\u00f5es clim\u00e1ticas desafiadoras, sempre guiado por disciplina e foco.<\/p>\n<p class=\"p1\">Na prova seletiva realizada em Vila Velha (ES) \u2014 que j\u00e1 registrava 28\u00b0C \u00e0s 6h da manh\u00e3 \u2014, Alejandro brilhou mais uma vez. Conquistou o 3\u00ba lugar na categoria J\u00fanior e o 11\u00ba lugar no geral absoluto, demonstrando consist\u00eancia e competitividade frente a atletas experientes. Mesmo com o mar agitado, saiu muito pr\u00f3ximo do primeiro grupo da nata\u00e7\u00e3o, manteve um ciclismo forte ao lado de nomes de alto n\u00edvel e registrou sua melhor corrida da temporada, sendo, inclusive, a corrida j\u00fanior mais r\u00e1pida de toda a prova.<\/p>\n<p class=\"p1\">Alejandro destaca o apoio emocional e estrutural da fam\u00edlia \u2014 especialmente dos pais e av\u00f3s \u2014, assim como o suporte t\u00e9cnico de sua equipe multidisciplinar. Ele refor\u00e7a ainda a import\u00e2ncia fundamental dos seus patrocinadores, como a Mormaii, que viabilizam n\u00e3o apenas sua trajet\u00f3ria esportiva, mas um projeto maior: inspirar jovens a encontrarem no esporte um caminho de transforma\u00e7\u00e3o e desenvolvimento.<\/p>\n<p class=\"p1\">O atleta segue agora em prepara\u00e7\u00e3o para as pr\u00f3ximas etapas do calend\u00e1rio nacional e internacional, com foco total em representar o Brasil com excel\u00eancia nas competi\u00e7\u00f5es que vir\u00e3o, j\u00e1 que agora, com 16 anos ele oficialmente faz parte do quadro de atletas da sele\u00e7\u00e3o que ir\u00e3o representar o Brasil mundo afora.<\/p>\n","protected":false},"excerpt":{"rendered":"<p>O triatleta catarinense Alejandro Juanuk, de apenas 16 anos, garantiu neste fim de semana sua classifica\u00e7\u00e3o para representar o Brasil no Campeonato Sul-Americano de Triathlon, no Panam\u00e1, e tamb\u00e9m no circuito internacional da categoria Junior em 2026, consolidando-se como uma das maiores promessas do triathlon nacional. A conquista coroa uma temporada marcada por evolu\u00e7\u00e3o, estrat\u00e9gia [&hellip;]<\/p>\n","protected":false},"author":10,"featured_media":60127,"comment_status":"closed","ping_status":"closed","sticky":false,"template":"","format":"standard","meta":{"_uag_custom_page_level_css":"","_mi_skip_tracking":false,"footnotes":""},"categories":[36,1,914,924],"tags":[],"class_list":["post-60126","post","type-post","status-publish","format-standard","has-post-thumbnail","hentry","category-atletas","category-historia","category-mormaii","category-triathlon"],"acf":[],"uagb_featured_image_src":{"full":["https:\/\/www.mormaii.com.br\/site\/wp-content\/uploads\/2025\/12\/Captura-de-Tela-2025-12-02-as-23.54.14.png",1048,958,false],"thumbnail":["https:\/\/www.mormaii.com.br\/site\/wp-content\/uploads\/2025\/12\/Captura-de-Tela-2025-12-02-as-23.54.14-150x150.png",150,150,true],"medium":["https:\/\/www.mormaii.com.br\/site\/wp-content\/uploads\/2025\/12\/Captura-de-Tela-2025-12-02-as-23.54.14-300x274.png",300,274,true],"medium_large":["https:\/\/www.mormaii.com.br\/site\/wp-content\/uploads\/2025\/12\/Captura-de-Tela-2025-12-02-as-23.54.14-768x702.png",768,702,true],"large":["https:\/\/www.mormaii.com.br\/site\/wp-content\/uploads\/2025\/12\/Captura-de-Tela-2025-12-02-as-23.54.14-1024x936.png",1024,936,true],"1536x1536":["https:\/\/www.mormaii.com.br\/site\/wp-content\/uploads\/2025\/12\/Captura-de-Tela-2025-12-02-as-23.54.14.png",1048,958,false],"2048x2048":["https:\/\/www.mormaii.com.br\/site\/wp-content\/uploads\/2025\/12\/Captura-de-Tela-2025-12-02-as-23.54.14.png",1048,958,false],"qi_addons_for_elementor_image_size_square":["https:\/\/www.mormaii.com.br\/site\/wp-content\/uploads\/2025\/12\/Captura-de-Tela-2025-12-02-as-23.54.14-650x650.png",650,650,true],"qi_addons_for_elementor_image_size_landscape":["https:\/\/www.mormaii.com.br\/site\/wp-content\/uploads\/2025\/12\/Captura-de-Tela-2025-12-02-as-23.54.14-1048x650.png",1048,650,true],"qi_addons_for_elementor_image_size_portrait":["https:\/\/www.mormaii.com.br\/site\/wp-content\/uploads\/2025\/12\/Captura-de-Tela-2025-12-02-as-23.54.14-650x958.png",650,958,true],"qi_addons_for_elementor_image_size_huge-square":["https:\/\/www.mormaii.com.br\/site\/wp-content\/uploads\/2025\/12\/Captura-de-Tela-2025-12-02-as-23.54.14.png",1048,958,false]},"uagb_author_info":{"display_name":"Mormaii","author_link":"https:\/\/www.mormaii.com.br\/site\/author\/mormaiifilmes\/"},"uagb_comment_info":0,"uagb_excerpt":"O triatleta catarinense Alejandro Juanuk, de apenas 16 anos, garantiu neste fim de semana sua classifica\u00e7\u00e3o para representar o Brasil no Campeonato Sul-Americano de Triathlon, no Panam\u00e1, e tamb\u00e9m no circuito internacional da categoria Junior em 2026, consolidando-se como uma das maiores promessas do triathlon nacional. A conquista coroa uma temporada marcada por evolu\u00e7\u00e3o, estrat\u00e9gia&hellip;","_links":{"self":[{"href":"https:\/\/www.mormaii.com.br\/site\/wp-json\/wp\/v2\/posts\/60126"}],"collection":[{"href":"https:\/\/www.mormaii.com.br\/site\/wp-json\/wp\/v2\/posts"}],"about":[{"href":"https:\/\/www.mormaii.com.br\/site\/wp-json\/wp\/v2\/types\/post"}],"author":[{"embeddable":true,"href":"https:\/\/www.mormaii.com.br\/site\/wp-json\/wp\/v2\/users\/10"}],"replies":[{"embeddable":true,"href":"https:\/\/www.mormaii.com.br\/site\/wp-json\/wp\/v2\/comments?post=60126"}],"version-history":[{"count":1,"href":"https:\/\/www.mormaii.com.br\/site\/wp-json\/wp\/v2\/posts\/60126\/revisions"}],"predecessor-version":[{"id":60128,"href":"https:\/\/www.mormaii.com.br\/site\/wp-json\/wp\/v2\/posts\/60126\/revisions\/60128"}],"wp:featuredmedia":[{"embeddable":true,"href":"https:\/\/www.mormaii.com.br\/site\/wp-json\/wp\/v2\/media\/60127"}],"wp:attachment":[{"href":"https:\/\/www.mormaii.com.br\/site\/wp-json\/wp\/v2\/media?parent=60126"}],"wp:term":[{"taxonomy":"category","embeddable":true,"href":"https:\/\/www.mormaii.com.br\/site\/wp-json\/wp\/v2\/categories?post=60126"},{"taxonomy":"post_tag","embeddable":true,"href":"https:\/\/www.mormaii.com.br\/site\/wp-json\/wp\/v2\/tags?post=60126"}],"curies":[{"name":"wp","href":"https:\/\/api.w.org\/{rel}","templated":true}]}}