{"id":60133,"date":"2025-12-09T08:00:45","date_gmt":"2025-12-09T11:00:45","guid":{"rendered":"https:\/\/www.mormaii.com.br\/site\/?p=60133"},"modified":"2025-12-09T16:30:11","modified_gmt":"2025-12-09T19:30:11","slug":"tres-atletas-mormaii-representam-o-brasil-no-isa-world-junior-surfing-championship-2025","status":"publish","type":"post","link":"https:\/\/www.mormaii.com.br\/site\/tres-atletas-mormaii-representam-o-brasil-no-isa-world-junior-surfing-championship-2025\/","title":{"rendered":"Tr\u00eas atletas Mormaii representam o Brasil no ISA World Junior Surfing Championship 2025"},"content":{"rendered":"<p class=\"p1\">A principal competi\u00e7\u00e3o de base do surf mundial come\u00e7ou no s\u00e1bado, 06\/12, em Lima, no Peru. O ISA World Junior Surfing Championship 2025 re\u00fane as maiores promessas do surf global at\u00e9 14 de dezembro, no distrito de Punta Negra, palco onde surgem os futuros campe\u00f5es do mundo.<\/p>\n<p class=\"p1\">A Sele\u00e7\u00e3o Brasileira Junior, convocada pela Confedera\u00e7\u00e3o Brasileira de Surf (CBSurf), chega ao evento com for\u00e7a total e tr\u00eas <strong>atletas Mormaii est\u00e3o entre os representantes do pa\u00eds: Luara Mandelli, Anuar Chiah e Arthur Vilar.<\/strong><\/p>\n<p class=\"p2\">A abertura oficial do evento contou com o tradicional desfile das delega\u00e7\u00f5es que, neste ano, re\u00fane um n\u00famero recorde de 57 pa\u00edses. As estreias de Angola, \u00cdndia, Eslov\u00eania e Santa L\u00facia refor\u00e7am o alcance global do evento, que re\u00fane 470 surfistas em busca dos t\u00edtulos mundiais Sub-18, Sub-16 e do trof\u00e9u por equipes \u2014 este \u00faltimo vencido pelo Brasil em 2023.<\/p>\n<p class=\"p3\"><b>Conhe\u00e7a os atletas Mormaii convocados para a Sele\u00e7\u00e3o Brasileira Junior<\/b><\/p>\n<ul class=\"ul1\">\n<li class=\"li4\"><b>Luara Mandelli (PR), 17 anos<\/b> \u2013 4\u00aa no ranking Sub-18 e vice-campe\u00e3 Sub-16 em 2024<\/li>\n<li class=\"li4\"><b>Anuar Chiah (PR), 16 anos<\/b> \u2013 3\u00ba no ranking Sub-16 e campe\u00e3o Sub-18 em 2024<\/li>\n<li class=\"li1\"><b>Arthur Vilar (PB), 14 anos<\/b> \u2013 campe\u00e3o brasileiro Sub-14 e Sub-16 em 2024<\/li>\n<\/ul>\n<p class=\"p1\">&#8220;Estou muito feliz em representar a Sele\u00e7\u00e3o Brasileira pelo meu terceiro ano consecutivo e, agora, no meu primeiro ano na categoria Sub-18. Eu fiz parte da Sele\u00e7\u00e3o que conquistou o ouro em 2023, e agora estamos em busca de mais um grande resultado. \u00c9 muito especial poder fazer o que eu amo, evoluir a cada dia e representar o meu pa\u00eds no World Surf Games Junior\u201d, diz <strong>Luara Mandelli<\/strong>, uma das atletas.<i><br \/>\n<\/i><\/p>\n<p><img loading=\"lazy\" decoding=\"async\" class=\"alignnone wp-image-60135\" src=\"https:\/\/www.mormaii.com.br\/site\/wp-content\/uploads\/2025\/12\/590410954_18166075897376212_1688378737821516341_n-300x200.jpg\" alt=\"\" width=\"600\" height=\"400\" srcset=\"https:\/\/www.mormaii.com.br\/site\/wp-content\/uploads\/2025\/12\/590410954_18166075897376212_1688378737821516341_n-300x200.jpg 300w, https:\/\/www.mormaii.com.br\/site\/wp-content\/uploads\/2025\/12\/590410954_18166075897376212_1688378737821516341_n-1024x683.jpg 1024w, https:\/\/www.mormaii.com.br\/site\/wp-content\/uploads\/2025\/12\/590410954_18166075897376212_1688378737821516341_n-768x512.jpg 768w, https:\/\/www.mormaii.com.br\/site\/wp-content\/uploads\/2025\/12\/590410954_18166075897376212_1688378737821516341_n.jpg 1067w\" sizes=\"(max-width: 600px) 100vw, 600px\" \/><\/p>\n<p>Al\u00e9m disso, como patrocinadora oficial da CBSurf, a Mormaii veste todos os atletas, staff e diretoria nos p\u00f3dios, viagens e desfiles das delega\u00e7\u00f5es.<\/p>\n","protected":false},"excerpt":{"rendered":"<p>A principal competi\u00e7\u00e3o de base do surf mundial come\u00e7ou no s\u00e1bado, 06\/12, em Lima, no Peru. O ISA World Junior Surfing Championship 2025 re\u00fane as maiores promessas do surf global at\u00e9 14 de dezembro, no distrito de Punta Negra, palco onde surgem os futuros campe\u00f5es do mundo. A Sele\u00e7\u00e3o Brasileira Junior, convocada pela Confedera\u00e7\u00e3o Brasileira [&hellip;]<\/p>\n","protected":false},"author":10,"featured_media":60134,"comment_status":"closed","ping_status":"closed","sticky":false,"template":"","format":"standard","meta":{"_uag_custom_page_level_css":"","_mi_skip_tracking":false,"footnotes":""},"categories":[36,38,1,914,345,941],"tags":[],"class_list":["post-60133","post","type-post","status-publish","format-standard","has-post-thumbnail","hentry","category-atletas","category-eventos","category-historia","category-mormaii","category-surf","category-time-brasil"],"acf":[],"uagb_featured_image_src":{"full":["https:\/\/www.mormaii.com.br\/site\/wp-content\/uploads\/2025\/12\/590410750_18166075888376212_7468596160213483248_n.jpg",1065,710,false],"thumbnail":["https:\/\/www.mormaii.com.br\/site\/wp-content\/uploads\/2025\/12\/590410750_18166075888376212_7468596160213483248_n-150x150.jpg",150,150,true],"medium":["https:\/\/www.mormaii.com.br\/site\/wp-content\/uploads\/2025\/12\/590410750_18166075888376212_7468596160213483248_n-300x200.jpg",300,200,true],"medium_large":["https:\/\/www.mormaii.com.br\/site\/wp-content\/uploads\/2025\/12\/590410750_18166075888376212_7468596160213483248_n-768x512.jpg",768,512,true],"large":["https:\/\/www.mormaii.com.br\/site\/wp-content\/uploads\/2025\/12\/590410750_18166075888376212_7468596160213483248_n-1024x683.jpg",1024,683,true],"1536x1536":["https:\/\/www.mormaii.com.br\/site\/wp-content\/uploads\/2025\/12\/590410750_18166075888376212_7468596160213483248_n.jpg",1065,710,false],"2048x2048":["https:\/\/www.mormaii.com.br\/site\/wp-content\/uploads\/2025\/12\/590410750_18166075888376212_7468596160213483248_n.jpg",1065,710,false],"qi_addons_for_elementor_image_size_square":["https:\/\/www.mormaii.com.br\/site\/wp-content\/uploads\/2025\/12\/590410750_18166075888376212_7468596160213483248_n-650x650.jpg",650,650,true],"qi_addons_for_elementor_image_size_landscape":["https:\/\/www.mormaii.com.br\/site\/wp-content\/uploads\/2025\/12\/590410750_18166075888376212_7468596160213483248_n-1065x650.jpg",1065,650,true],"qi_addons_for_elementor_image_size_portrait":["https:\/\/www.mormaii.com.br\/site\/wp-content\/uploads\/2025\/12\/590410750_18166075888376212_7468596160213483248_n-650x710.jpg",650,710,true],"qi_addons_for_elementor_image_size_huge-square":["https:\/\/www.mormaii.com.br\/site\/wp-content\/uploads\/2025\/12\/590410750_18166075888376212_7468596160213483248_n.jpg",1065,710,false]},"uagb_author_info":{"display_name":"Mormaii","author_link":"https:\/\/www.mormaii.com.br\/site\/author\/mormaiifilmes\/"},"uagb_comment_info":0,"uagb_excerpt":"A principal competi\u00e7\u00e3o de base do surf mundial come\u00e7ou no s\u00e1bado, 06\/12, em Lima, no Peru. O ISA World Junior Surfing Championship 2025 re\u00fane as maiores promessas do surf global at\u00e9 14 de dezembro, no distrito de Punta Negra, palco onde surgem os futuros campe\u00f5es do mundo. A Sele\u00e7\u00e3o Brasileira Junior, convocada pela Confedera\u00e7\u00e3o Brasileira&hellip;","_links":{"self":[{"href":"https:\/\/www.mormaii.com.br\/site\/wp-json\/wp\/v2\/posts\/60133"}],"collection":[{"href":"https:\/\/www.mormaii.com.br\/site\/wp-json\/wp\/v2\/posts"}],"about":[{"href":"https:\/\/www.mormaii.com.br\/site\/wp-json\/wp\/v2\/types\/post"}],"author":[{"embeddable":true,"href":"https:\/\/www.mormaii.com.br\/site\/wp-json\/wp\/v2\/users\/10"}],"replies":[{"embeddable":true,"href":"https:\/\/www.mormaii.com.br\/site\/wp-json\/wp\/v2\/comments?post=60133"}],"version-history":[{"count":2,"href":"https:\/\/www.mormaii.com.br\/site\/wp-json\/wp\/v2\/posts\/60133\/revisions"}],"predecessor-version":[{"id":60137,"href":"https:\/\/www.mormaii.com.br\/site\/wp-json\/wp\/v2\/posts\/60133\/revisions\/60137"}],"wp:featuredmedia":[{"embeddable":true,"href":"https:\/\/www.mormaii.com.br\/site\/wp-json\/wp\/v2\/media\/60134"}],"wp:attachment":[{"href":"https:\/\/www.mormaii.com.br\/site\/wp-json\/wp\/v2\/media?parent=60133"}],"wp:term":[{"taxonomy":"category","embeddable":true,"href":"https:\/\/www.mormaii.com.br\/site\/wp-json\/wp\/v2\/categories?post=60133"},{"taxonomy":"post_tag","embeddable":true,"href":"https:\/\/www.mormaii.com.br\/site\/wp-json\/wp\/v2\/tags?post=60133"}],"curies":[{"name":"wp","href":"https:\/\/api.w.org\/{rel}","templated":true}]}}