{"id":6139,"date":"2017-09-08T18:54:03","date_gmt":"2017-09-08T21:54:03","guid":{"rendered":"http:\/\/www.mormaii.com.br\/site\/?p=6139"},"modified":"2022-06-10T10:27:54","modified_gmt":"2022-06-10T13:27:54","slug":"mais-uma-final-para-mike-rodrigues-na-europa","status":"publish","type":"post","link":"https:\/\/www.mormaii.com.br\/site\/mais-uma-final-para-mike-rodrigues-na-europa\/","title":{"rendered":"Mais uma final para Mike Rodrigues na Europa"},"content":{"rendered":"<p>Mike Rodrigues segue firme em sua busca por uma vaga no WCT 2018. O cearense emplacou mais um final na perna europeia do Qualifying Series, divis\u00e3o de acesso \u00e0 elite do surf mundial.<\/p>\n<p>Ap\u00f3s a excelente participa\u00e7\u00e3o no Galicia Pro, realizado na Espanha, foi a vez de assegurar mais um vice-campeonato no Azores Pro, em Portugal.<\/p>\n<p><img loading=\"lazy\" decoding=\"async\" class=\"size-full wp-image-6140 aligncenter\" src=\"http:\/\/www.mormaii.com.br\/site\/wp-content\/uploads\/2017\/09\/Screen-Shot-2017-09-08-at-18.53.05.png\" alt=\"\" width=\"838\" height=\"562\" srcset=\"https:\/\/www.mormaii.com.br\/site\/wp-content\/uploads\/2017\/09\/Screen-Shot-2017-09-08-at-18.53.05.png 838w, https:\/\/www.mormaii.com.br\/site\/wp-content\/uploads\/2017\/09\/Screen-Shot-2017-09-08-at-18.53.05-600x402.png 600w, https:\/\/www.mormaii.com.br\/site\/wp-content\/uploads\/2017\/09\/Screen-Shot-2017-09-08-at-18.53.05-300x201.png 300w, https:\/\/www.mormaii.com.br\/site\/wp-content\/uploads\/2017\/09\/Screen-Shot-2017-09-08-at-18.53.05-768x515.png 768w\" sizes=\"(max-width: 838px) 100vw, 838px\" \/><\/p>\n<p>&nbsp;<\/p>\n<p>&#8220;Claro que quando voc\u00ea chega na final, quer vencer o campeonato. Mesmo assim, estou muito feliz com o resultado. Foi um campeonato r\u00e1pido, finalizado em tr\u00eas dias e agora o foco j\u00e1 est\u00e1 na pr\u00f3xima etapa&#8221;, comenta.<\/p>\n<p>O campe\u00e3o da prova, que distribui 6.000 ponto ao vencedor, foi o brasileiro Yago Dora, em uma final 100% verde amarela.<\/p>\n<p>Com os 4.500 pontos conquistados, Mike dispara no ranking, com um total de 15.690 pontos.<\/p>\n<p>Fique ligado no site da Mormaii para mais novidades, conte\u00fados e a atualiza\u00e7\u00e3o oficial do ranking emitida pela WSL.<\/p>\n<p>[Fotos: WSL\/Poullenot]<\/p>\n","protected":false},"excerpt":{"rendered":"<p>Mike Rodrigues segue firme em sua busca por uma vaga no WCT 2018. O cearense emplacou mais um final na perna europeia do Qualifying Series, divis\u00e3o de acesso \u00e0 elite do surf mundial. Ap\u00f3s a excelente participa\u00e7\u00e3o no Galicia Pro, realizado na Espanha, foi a vez de assegurar mais um vice-campeonato no Azores Pro, em [&hellip;]<\/p>\n","protected":false},"author":1,"featured_media":6142,"comment_status":"closed","ping_status":"closed","sticky":false,"template":"","format":"standard","meta":{"_uag_custom_page_level_css":"","_mi_skip_tracking":false,"footnotes":""},"categories":[40,914,7],"tags":[],"class_list":["post-6139","post","type-post","status-publish","format-standard","has-post-thumbnail","hentry","category-esportes","category-mormaii","category-novidades"],"acf":[],"uagb_featured_image_src":{"full":["https:\/\/www.mormaii.com.br\/site\/wp-content\/uploads\/2017\/09\/banner-home-noticia.jpg",640,340,false],"thumbnail":["https:\/\/www.mormaii.com.br\/site\/wp-content\/uploads\/2017\/09\/banner-home-noticia-150x150.jpg",150,150,true],"medium":["https:\/\/www.mormaii.com.br\/site\/wp-content\/uploads\/2017\/09\/banner-home-noticia-300x159.jpg",300,159,true],"medium_large":["https:\/\/www.mormaii.com.br\/site\/wp-content\/uploads\/2017\/09\/banner-home-noticia.jpg",640,340,false],"large":["https:\/\/www.mormaii.com.br\/site\/wp-content\/uploads\/2017\/09\/banner-home-noticia.jpg",640,340,false],"1536x1536":["https:\/\/www.mormaii.com.br\/site\/wp-content\/uploads\/2017\/09\/banner-home-noticia.jpg",640,340,false],"2048x2048":["https:\/\/www.mormaii.com.br\/site\/wp-content\/uploads\/2017\/09\/banner-home-noticia.jpg",640,340,false],"qi_addons_for_elementor_image_size_square":["https:\/\/www.mormaii.com.br\/site\/wp-content\/uploads\/2017\/09\/banner-home-noticia.jpg",640,340,false],"qi_addons_for_elementor_image_size_landscape":["https:\/\/www.mormaii.com.br\/site\/wp-content\/uploads\/2017\/09\/banner-home-noticia.jpg",640,340,false],"qi_addons_for_elementor_image_size_portrait":["https:\/\/www.mormaii.com.br\/site\/wp-content\/uploads\/2017\/09\/banner-home-noticia.jpg",640,340,false],"qi_addons_for_elementor_image_size_huge-square":["https:\/\/www.mormaii.com.br\/site\/wp-content\/uploads\/2017\/09\/banner-home-noticia.jpg",640,340,false]},"uagb_author_info":{"display_name":"admin","author_link":"https:\/\/www.mormaii.com.br\/site\/author\/admin\/"},"uagb_comment_info":0,"uagb_excerpt":"Mike Rodrigues segue firme em sua busca por uma vaga no WCT 2018. O cearense emplacou mais um final na perna europeia do Qualifying Series, divis\u00e3o de acesso \u00e0 elite do surf mundial. Ap\u00f3s a excelente participa\u00e7\u00e3o no Galicia Pro, realizado na Espanha, foi a vez de assegurar mais um vice-campeonato no Azores Pro, em&hellip;","_links":{"self":[{"href":"https:\/\/www.mormaii.com.br\/site\/wp-json\/wp\/v2\/posts\/6139"}],"collection":[{"href":"https:\/\/www.mormaii.com.br\/site\/wp-json\/wp\/v2\/posts"}],"about":[{"href":"https:\/\/www.mormaii.com.br\/site\/wp-json\/wp\/v2\/types\/post"}],"author":[{"embeddable":true,"href":"https:\/\/www.mormaii.com.br\/site\/wp-json\/wp\/v2\/users\/1"}],"replies":[{"embeddable":true,"href":"https:\/\/www.mormaii.com.br\/site\/wp-json\/wp\/v2\/comments?post=6139"}],"version-history":[{"count":1,"href":"https:\/\/www.mormaii.com.br\/site\/wp-json\/wp\/v2\/posts\/6139\/revisions"}],"predecessor-version":[{"id":6141,"href":"https:\/\/www.mormaii.com.br\/site\/wp-json\/wp\/v2\/posts\/6139\/revisions\/6141"}],"wp:featuredmedia":[{"embeddable":true,"href":"https:\/\/www.mormaii.com.br\/site\/wp-json\/wp\/v2\/media\/6142"}],"wp:attachment":[{"href":"https:\/\/www.mormaii.com.br\/site\/wp-json\/wp\/v2\/media?parent=6139"}],"wp:term":[{"taxonomy":"category","embeddable":true,"href":"https:\/\/www.mormaii.com.br\/site\/wp-json\/wp\/v2\/categories?post=6139"},{"taxonomy":"post_tag","embeddable":true,"href":"https:\/\/www.mormaii.com.br\/site\/wp-json\/wp\/v2\/tags?post=6139"}],"curies":[{"name":"wp","href":"https:\/\/api.w.org\/{rel}","templated":true}]}}