{"id":6370,"date":"2017-11-03T00:01:48","date_gmt":"2017-11-03T02:01:48","guid":{"rendered":"http:\/\/www.mormaii.com.br\/site\/?p=6370"},"modified":"2022-06-10T10:17:06","modified_gmt":"2022-06-10T13:17:06","slug":"saude-dos-olhos-criancas-precisam-de-oculos-de-sol","status":"publish","type":"post","link":"https:\/\/www.mormaii.com.br\/site\/saude-dos-olhos-criancas-precisam-de-oculos-de-sol\/","title":{"rendered":"Sa\u00fade dos olhos: crian\u00e7as precisam de \u00f3culos de sol?"},"content":{"rendered":"<p>O ver\u00e3o est\u00e1 chegando e o protetor solar volta a ser o assunto das conversas sobre sa\u00fade. Al\u00e9m de dever estar na pauta o ano inteiro, a prote\u00e7\u00e3o solar n\u00e3o se limita \u00e0 nossa pele. Voc\u00ea sabia que os efeitos da exposi\u00e7\u00e3o aos raios ultravioleta s\u00e3o os mesmos tanto na pele quanto nos olhos?<br \/>\nMuito mais do que um acess\u00f3rio, os \u00f3culos de sol funcionam como uma barreira contra os raios perigosos para nossa vis\u00e3o. E n\u00e3o s\u00e3o apenas os adultos que precisam de prote\u00e7\u00e3o.<\/p>\n<p><strong>CRIAN\u00c7AS TAMB\u00c9M PRECISAM DE \u00d3CULOS DE SOL<\/strong><br \/>\nEstima-se que a crian\u00e7a receba em m\u00e9dia 3x mais radia\u00e7\u00e3o do que os adultos. As poss\u00edveis les\u00f5es provocadas pelos diferentes \u00edndices de radia\u00e7\u00e3o UV podem ser de curto, m\u00e9dio e longo prazo. A falta de prote\u00e7\u00e3o eleva em 60% a chance de ter cataratas precoce. 48% dos casos de cegueira s\u00e3o ocasionados por essa doen\u00e7a.<\/p>\n<p>Como os efeitos s\u00e3o cumulativos ao longo da vida, cuidar da vis\u00e3o logo cedo \u00e9 fundamental!<br \/>\nC\u00f3pias e falsifica\u00e7\u00f5es? T\u00f4 fora! Por que n\u00e3o devemos usar esses produtos?<\/p>\n<p>Muitas vezes pensamos que ascrian\u00e7as ainda n\u00e3o tem responsabilidade para cuidar de um \u00f3culos, queremos gastar o m\u00ednimo poss\u00edvel e acabamos comprando c\u00f3pias de \u00f3culos. Esses produtos, al\u00e9m de n\u00e3o garantirem a prote\u00e7\u00e3o necess\u00e1ria por conta da m\u00e1 qualidade das lentes, podem prejudicar ainda mais a vis\u00e3o.<\/p>\n<p><img loading=\"lazy\" decoding=\"async\" class=\"alignnone size-full wp-image-6372\" src=\"http:\/\/www.mormaii.com.br\/site\/wp-content\/uploads\/2017\/10\/Imagem-02.png\" alt=\"oculos-mormaii-infantil\" width=\"1200\" height=\"1200\" srcset=\"https:\/\/www.mormaii.com.br\/site\/wp-content\/uploads\/2017\/10\/Imagem-02.png 1200w, https:\/\/www.mormaii.com.br\/site\/wp-content\/uploads\/2017\/10\/Imagem-02-300x300.png 300w, https:\/\/www.mormaii.com.br\/site\/wp-content\/uploads\/2017\/10\/Imagem-02-100x100.png 100w, https:\/\/www.mormaii.com.br\/site\/wp-content\/uploads\/2017\/10\/Imagem-02-600x600.png 600w, https:\/\/www.mormaii.com.br\/site\/wp-content\/uploads\/2017\/10\/Imagem-02-150x150.png 150w, https:\/\/www.mormaii.com.br\/site\/wp-content\/uploads\/2017\/10\/Imagem-02-768x768.png 768w, https:\/\/www.mormaii.com.br\/site\/wp-content\/uploads\/2017\/10\/Imagem-02-1024x1024.png 1024w, https:\/\/www.mormaii.com.br\/site\/wp-content\/uploads\/2017\/10\/Imagem-02-380x380.png 380w, https:\/\/www.mormaii.com.br\/site\/wp-content\/uploads\/2017\/10\/Imagem-02-460x460.png 460w, https:\/\/www.mormaii.com.br\/site\/wp-content\/uploads\/2017\/10\/Imagem-02-400x400.png 400w\" sizes=\"(max-width: 1200px) 100vw, 1200px\" \/><br \/>\nOftalmologistas garantem: \u00e9 melhor n\u00e3o usar do que usar uma falsifica\u00e7\u00e3o. Quando estamos no escuro ocorre a dilata\u00e7\u00e3o das pupilas, permitindo maior entrada de luz e radia\u00e7\u00e3o. Se a lente n\u00e3o tiver mecanismos de prote\u00e7\u00e3o adequados, os danos causados ser\u00e3o ainda maiores.<\/p>\n<p>A sa\u00fade oftalmol\u00f3gica dos nossos pequenos \u00e9 t\u00e3o importante quanto todos os outros cuidados que j\u00e1 temos rotineiramente. Pensando nisso, a Mormaii desenvolveu uma linha especial para com total prote\u00e7\u00e3o, qualidade, resist\u00eancia, flexibilidade e durabilidade para acompanhar as crian\u00e7as nas mais diversas aventuras!<\/p>\n","protected":false},"excerpt":{"rendered":"<p>O ver\u00e3o est\u00e1 chegando e o protetor solar volta a ser o assunto das conversas sobre sa\u00fade. Al\u00e9m de dever estar na pauta o ano inteiro, a prote\u00e7\u00e3o solar n\u00e3o se limita \u00e0 nossa pele. Voc\u00ea sabia que os efeitos da exposi\u00e7\u00e3o aos raios ultravioleta s\u00e3o os mesmos tanto na pele quanto nos olhos? Muito [&hellip;]<\/p>\n","protected":false},"author":1,"featured_media":6371,"comment_status":"closed","ping_status":"closed","sticky":false,"template":"","format":"standard","meta":{"_uag_custom_page_level_css":"","_mi_skip_tracking":false,"footnotes":""},"categories":[38,914,7],"tags":[292,282,290,289,291],"class_list":["post-6370","post","type-post","status-publish","format-standard","has-post-thumbnail","hentry","category-eventos","category-mormaii","category-novidades","tag-comprar-oculos-mormaii","tag-home","tag-oculos-de-sol-infantil","tag-oculos-infantil","tag-oculos-mormaii"],"acf":[],"uagb_featured_image_src":{"full":["https:\/\/www.mormaii.com.br\/site\/wp-content\/uploads\/2017\/10\/imagem-01.png",1280,767,false],"thumbnail":["https:\/\/www.mormaii.com.br\/site\/wp-content\/uploads\/2017\/10\/imagem-01-150x150.png",150,150,true],"medium":["https:\/\/www.mormaii.com.br\/site\/wp-content\/uploads\/2017\/10\/imagem-01-300x180.png",300,180,true],"medium_large":["https:\/\/www.mormaii.com.br\/site\/wp-content\/uploads\/2017\/10\/imagem-01-768x460.png",768,460,true],"large":["https:\/\/www.mormaii.com.br\/site\/wp-content\/uploads\/2017\/10\/imagem-01-1024x614.png",1024,614,true],"1536x1536":["https:\/\/www.mormaii.com.br\/site\/wp-content\/uploads\/2017\/10\/imagem-01.png",1280,767,false],"2048x2048":["https:\/\/www.mormaii.com.br\/site\/wp-content\/uploads\/2017\/10\/imagem-01.png",1280,767,false],"qi_addons_for_elementor_image_size_square":["https:\/\/www.mormaii.com.br\/site\/wp-content\/uploads\/2017\/10\/imagem-01.png",650,389,false],"qi_addons_for_elementor_image_size_landscape":["https:\/\/www.mormaii.com.br\/site\/wp-content\/uploads\/2017\/10\/imagem-01.png",1085,650,false],"qi_addons_for_elementor_image_size_portrait":["https:\/\/www.mormaii.com.br\/site\/wp-content\/uploads\/2017\/10\/imagem-01.png",650,389,false],"qi_addons_for_elementor_image_size_huge-square":["https:\/\/www.mormaii.com.br\/site\/wp-content\/uploads\/2017\/10\/imagem-01.png",1280,767,false]},"uagb_author_info":{"display_name":"admin","author_link":"https:\/\/www.mormaii.com.br\/site\/author\/admin\/"},"uagb_comment_info":0,"uagb_excerpt":"O ver\u00e3o est\u00e1 chegando e o protetor solar volta a ser o assunto das conversas sobre sa\u00fade. Al\u00e9m de dever estar na pauta o ano inteiro, a prote\u00e7\u00e3o solar n\u00e3o se limita \u00e0 nossa pele. Voc\u00ea sabia que os efeitos da exposi\u00e7\u00e3o aos raios ultravioleta s\u00e3o os mesmos tanto na pele quanto nos olhos? Muito&hellip;","_links":{"self":[{"href":"https:\/\/www.mormaii.com.br\/site\/wp-json\/wp\/v2\/posts\/6370"}],"collection":[{"href":"https:\/\/www.mormaii.com.br\/site\/wp-json\/wp\/v2\/posts"}],"about":[{"href":"https:\/\/www.mormaii.com.br\/site\/wp-json\/wp\/v2\/types\/post"}],"author":[{"embeddable":true,"href":"https:\/\/www.mormaii.com.br\/site\/wp-json\/wp\/v2\/users\/1"}],"replies":[{"embeddable":true,"href":"https:\/\/www.mormaii.com.br\/site\/wp-json\/wp\/v2\/comments?post=6370"}],"version-history":[{"count":1,"href":"https:\/\/www.mormaii.com.br\/site\/wp-json\/wp\/v2\/posts\/6370\/revisions"}],"predecessor-version":[{"id":6373,"href":"https:\/\/www.mormaii.com.br\/site\/wp-json\/wp\/v2\/posts\/6370\/revisions\/6373"}],"wp:featuredmedia":[{"embeddable":true,"href":"https:\/\/www.mormaii.com.br\/site\/wp-json\/wp\/v2\/media\/6371"}],"wp:attachment":[{"href":"https:\/\/www.mormaii.com.br\/site\/wp-json\/wp\/v2\/media?parent=6370"}],"wp:term":[{"taxonomy":"category","embeddable":true,"href":"https:\/\/www.mormaii.com.br\/site\/wp-json\/wp\/v2\/categories?post=6370"},{"taxonomy":"post_tag","embeddable":true,"href":"https:\/\/www.mormaii.com.br\/site\/wp-json\/wp\/v2\/tags?post=6370"}],"curies":[{"name":"wp","href":"https:\/\/api.w.org\/{rel}","templated":true}]}}