{"id":6519,"date":"2017-10-12T08:30:50","date_gmt":"2017-10-12T11:30:50","guid":{"rendered":"http:\/\/www.mormaii.com.br\/site\/?p=6519"},"modified":"2022-06-10T10:35:25","modified_gmt":"2022-06-10T13:35:25","slug":"fabio-e-ian-gouveia-no-wct-da-franca","status":"publish","type":"post","link":"https:\/\/www.mormaii.com.br\/site\/fabio-e-ian-gouveia-no-wct-da-franca\/","title":{"rendered":"F\u00e1bio e Ian Gouveia no WCT da Fran\u00e7a"},"content":{"rendered":"<p>O chamado de um filho se escuta em qualquer canto do mundo. Quem \u00e9 pai sabe disso. Com F\u00e1bio Gouveia, o maior sufista brasileiro de todos os tempos, foi assim.<\/p>\n<p>A pedido da cria do meio, viajou para a Europa, onde v\u00e3o ser realizadas duas etapas da elite do circuito mundial &#8211; uma na Fran\u00e7a, outra em Portugal.<\/p>\n<p>Ian \u00e9 pernambucano, estreia na elite nesta temporada e, com tr\u00eas campeonatos para fechar 2017, sentiu a necessidade de ter Fabinho ao lado.<\/p>\n<p>Com 12.500 pontos, \u00e9 o 27\u00ba do ranking e, para permanecer na nata da modalidade, em 2018, precisa estar entre os 20.<\/p>\n<p>Com a meta de seguir entre os melhores, apostou no carinho da fam\u00edlia e no apoio do pai, que entende muito do assunto.<\/p>\n<p>&#8211; Acredito que \u00e9 muito positivo ter a for\u00e7a de um pai na areia, \u00e9 uma pessoa que vai te passar bastante confian\u00e7a e seguran\u00e7a na hora do trabalho &#8211; comenta Ian.<\/p>\n<p>A rela\u00e7\u00e3o dos dois, historicamente, resume-se a pai e filho &#8211; a quest\u00e3o profissional est\u00e1 ali, em stand-by, \u00e9 desnecess\u00e1ria no dia a dia.<\/p>\n<p>Sempre foi desejo de Fabinho dar o amor de sempre, sem ser um chato na beira do mar, com gestos e a\u00e7\u00f5es expansivas, a fim de guiar Ian nessa ou naquela onda.<\/p>\n<p>Nunca houve uma porta fechada, no entanto. E a necessidade como um fator novo, com uma dose extra de carinho paternal, fez-se presente.<\/p>\n<p>&#8211; Ele me chamou para acompanh\u00e1-lo na perna europeia para ver se surte efeito. Uma vez falei para ele que n\u00e3o queria ficar enchendo o saco dele, mas quando ele precisasse, estaria pronto para ajud\u00e1-lo. Estou aqui como pai e apoiador, venho filmando as sess\u00f5es de freesurf e, \u00e9 claro, conversando o que normalmente sempre converso &#8211; declara Fabinho.<\/p>\n<p>Fabinho v\u00ea a possibilidade real de resultados satisfat\u00f3rios, mas entende que Ian tem se apresentado bem no decorrer do circuito.<\/p>\n<p>Como \u00e9 calouro na ASP, Ian tem se deparado com uma dificuldade maior, afeita aos novatos de todas as competi\u00e7\u00f5es de mesmo estilo.<\/p>\n<p>Em todo evento, naturalmente, por conta do chaveamento, tem ficado frente a frente dos melhores do ano anterior.<\/p>\n<p>O caminho \u00e9 \u00e1rduo. Mas ningu\u00e9m entrega os pontos.<\/p>\n<p>&#8211; Acho que Ian poderia ter ido muito bem em qualquer etapa do circuito. Surfou bem em algumas etapas e muito bem em outras. Pegou pedreiras pela frente, o que \u00e9 normal no ano de estreia, mas estava deixando uma boa impress\u00e3o. N\u00e3o sei o que houve em Trestles, mas foi sua pior atua\u00e7\u00e3o. No freesurf, ele estava bem, mas se arrasou nas baterias. Enfim, acho que ele pode ir muito bem na perna europeia e no Hawaii. Ou vai ou racha &#8211; afirma o pai.<\/p>\n<p>Logo depois da Fran\u00e7a, vem a etapa de Portugal. Lugares queridos pelo pernambucano, independentemente de qualquer coisa.<\/p>\n<p>&#8211; Expectativa para as etapas s\u00e3o muito boas! Duas ondas que gosto de surfar bastante e acredito que tenho potencial para me sair muito bem &#8211; finaliza Ian.<\/p>\n<p>[Foto: Divulga\u00e7\u00e3o \/\/ Para ler a reportagem completa, clique aqui]<\/p>\n","protected":false},"excerpt":{"rendered":"<p>O chamado de um filho se escuta em qualquer canto do mundo. Quem \u00e9 pai sabe disso. Com F\u00e1bio Gouveia, o maior sufista brasileiro de todos os tempos, foi assim. A pedido da cria do meio, viajou para a Europa, onde v\u00e3o ser realizadas duas etapas da elite do circuito mundial &#8211; uma na Fran\u00e7a, [&hellip;]<\/p>\n","protected":false},"author":5,"featured_media":6520,"comment_status":"closed","ping_status":"closed","sticky":false,"template":"","format":"standard","meta":{"_uag_custom_page_level_css":"","_mi_skip_tracking":false,"footnotes":""},"categories":[40,914,7],"tags":[303,282,302,305,253,304],"class_list":["post-6519","post","type-post","status-publish","format-standard","has-post-thumbnail","hentry","category-esportes","category-mormaii","category-novidades","tag-fabio-gouveia","tag-home","tag-ian-gouveia","tag-mundial-de-surf","tag-surf","tag-wct-franca"],"acf":[],"uagb_featured_image_src":{"full":["https:\/\/www.mormaii.com.br\/site\/wp-content\/uploads\/2017\/10\/f5b25098b9b8499f4d67.jpg",1280,767,false],"thumbnail":["https:\/\/www.mormaii.com.br\/site\/wp-content\/uploads\/2017\/10\/f5b25098b9b8499f4d67-150x150.jpg",150,150,true],"medium":["https:\/\/www.mormaii.com.br\/site\/wp-content\/uploads\/2017\/10\/f5b25098b9b8499f4d67-300x180.jpg",300,180,true],"medium_large":["https:\/\/www.mormaii.com.br\/site\/wp-content\/uploads\/2017\/10\/f5b25098b9b8499f4d67-768x460.jpg",768,460,true],"large":["https:\/\/www.mormaii.com.br\/site\/wp-content\/uploads\/2017\/10\/f5b25098b9b8499f4d67-1024x614.jpg",1024,614,true],"1536x1536":["https:\/\/www.mormaii.com.br\/site\/wp-content\/uploads\/2017\/10\/f5b25098b9b8499f4d67.jpg",1280,767,false],"2048x2048":["https:\/\/www.mormaii.com.br\/site\/wp-content\/uploads\/2017\/10\/f5b25098b9b8499f4d67.jpg",1280,767,false],"qi_addons_for_elementor_image_size_square":["https:\/\/www.mormaii.com.br\/site\/wp-content\/uploads\/2017\/10\/f5b25098b9b8499f4d67.jpg",650,389,false],"qi_addons_for_elementor_image_size_landscape":["https:\/\/www.mormaii.com.br\/site\/wp-content\/uploads\/2017\/10\/f5b25098b9b8499f4d67.jpg",1085,650,false],"qi_addons_for_elementor_image_size_portrait":["https:\/\/www.mormaii.com.br\/site\/wp-content\/uploads\/2017\/10\/f5b25098b9b8499f4d67.jpg",650,389,false],"qi_addons_for_elementor_image_size_huge-square":["https:\/\/www.mormaii.com.br\/site\/wp-content\/uploads\/2017\/10\/f5b25098b9b8499f4d67.jpg",1280,767,false]},"uagb_author_info":{"display_name":"Tissot","author_link":"https:\/\/www.mormaii.com.br\/site\/author\/fabiano\/"},"uagb_comment_info":0,"uagb_excerpt":"O chamado de um filho se escuta em qualquer canto do mundo. Quem \u00e9 pai sabe disso. Com F\u00e1bio Gouveia, o maior sufista brasileiro de todos os tempos, foi assim. A pedido da cria do meio, viajou para a Europa, onde v\u00e3o ser realizadas duas etapas da elite do circuito mundial &#8211; uma na Fran\u00e7a,&hellip;","_links":{"self":[{"href":"https:\/\/www.mormaii.com.br\/site\/wp-json\/wp\/v2\/posts\/6519"}],"collection":[{"href":"https:\/\/www.mormaii.com.br\/site\/wp-json\/wp\/v2\/posts"}],"about":[{"href":"https:\/\/www.mormaii.com.br\/site\/wp-json\/wp\/v2\/types\/post"}],"author":[{"embeddable":true,"href":"https:\/\/www.mormaii.com.br\/site\/wp-json\/wp\/v2\/users\/5"}],"replies":[{"embeddable":true,"href":"https:\/\/www.mormaii.com.br\/site\/wp-json\/wp\/v2\/comments?post=6519"}],"version-history":[{"count":2,"href":"https:\/\/www.mormaii.com.br\/site\/wp-json\/wp\/v2\/posts\/6519\/revisions"}],"predecessor-version":[{"id":6522,"href":"https:\/\/www.mormaii.com.br\/site\/wp-json\/wp\/v2\/posts\/6519\/revisions\/6522"}],"wp:featuredmedia":[{"embeddable":true,"href":"https:\/\/www.mormaii.com.br\/site\/wp-json\/wp\/v2\/media\/6520"}],"wp:attachment":[{"href":"https:\/\/www.mormaii.com.br\/site\/wp-json\/wp\/v2\/media?parent=6519"}],"wp:term":[{"taxonomy":"category","embeddable":true,"href":"https:\/\/www.mormaii.com.br\/site\/wp-json\/wp\/v2\/categories?post=6519"},{"taxonomy":"post_tag","embeddable":true,"href":"https:\/\/www.mormaii.com.br\/site\/wp-json\/wp\/v2\/tags?post=6519"}],"curies":[{"name":"wp","href":"https:\/\/api.w.org\/{rel}","templated":true}]}}