{"id":6608,"date":"2017-10-15T21:07:25","date_gmt":"2017-10-15T23:07:25","guid":{"rendered":"http:\/\/www.mormaii.com.br\/site\/?p=6608"},"modified":"2022-06-10T10:26:24","modified_gmt":"2022-06-10T13:26:24","slug":"mateus-herdy-e-campeao-sul-americano-pro-jr","status":"publish","type":"post","link":"https:\/\/www.mormaii.com.br\/site\/mateus-herdy-e-campeao-sul-americano-pro-jr\/","title":{"rendered":"Mateus Herdy \u00e9 Campe\u00e3o Sul-Americano Pro Jr."},"content":{"rendered":"<p><img loading=\"lazy\" decoding=\"async\" class=\"alignnone size-full wp-image-6798\" src=\"http:\/\/www.mormaii.com.br\/site\/wp-content\/uploads\/2017\/10\/mormaii-60717JOACAmateusJAMESTHISTED008.jpg\" alt=\"\" width=\"1200\" height=\"562\" srcset=\"https:\/\/www.mormaii.com.br\/site\/wp-content\/uploads\/2017\/10\/mormaii-60717JOACAmateusJAMESTHISTED008.jpg 1200w, https:\/\/www.mormaii.com.br\/site\/wp-content\/uploads\/2017\/10\/mormaii-60717JOACAmateusJAMESTHISTED008-600x281.jpg 600w, https:\/\/www.mormaii.com.br\/site\/wp-content\/uploads\/2017\/10\/mormaii-60717JOACAmateusJAMESTHISTED008-300x141.jpg 300w, https:\/\/www.mormaii.com.br\/site\/wp-content\/uploads\/2017\/10\/mormaii-60717JOACAmateusJAMESTHISTED008-768x360.jpg 768w, https:\/\/www.mormaii.com.br\/site\/wp-content\/uploads\/2017\/10\/mormaii-60717JOACAmateusJAMESTHISTED008-1024x480.jpg 1024w\" sizes=\"(max-width: 1200px) 100vw, 1200px\" \/><\/p>\n<p>Mateus Herdy conquistou o t\u00edtulo do RDS Pro Jr., seletiva sul-americana para o Mundial Pro Junior, encerrada neste domingo (15\/10) na Guarda do Emba\u00fa (SC).<\/p>\n<p>Em ondas de 1 metro e s\u00e9ries maiores, Herdy garantiu o lugar mais alto do p\u00f3dio e de quebra levou o trof\u00e9u de campe\u00e3o sul-americano da temporada na categoria sub-18.<\/p>\n<div id=\"attachment_6609\" style=\"width: 1210px\" class=\"wp-caption alignnone\"><img loading=\"lazy\" decoding=\"async\" aria-describedby=\"caption-attachment-6609\" class=\"size-full wp-image-6609\" src=\"http:\/\/www.mormaii.com.br\/site\/wp-content\/uploads\/2017\/10\/mormaii-mateus-2.jpg\" alt=\"\" width=\"1200\" height=\"800\" srcset=\"https:\/\/www.mormaii.com.br\/site\/wp-content\/uploads\/2017\/10\/mormaii-mateus-2.jpg 1200w, https:\/\/www.mormaii.com.br\/site\/wp-content\/uploads\/2017\/10\/mormaii-mateus-2-600x400.jpg 600w, https:\/\/www.mormaii.com.br\/site\/wp-content\/uploads\/2017\/10\/mormaii-mateus-2-300x200.jpg 300w, https:\/\/www.mormaii.com.br\/site\/wp-content\/uploads\/2017\/10\/mormaii-mateus-2-768x512.jpg 768w, https:\/\/www.mormaii.com.br\/site\/wp-content\/uploads\/2017\/10\/mormaii-mateus-2-1024x683.jpg 1024w, https:\/\/www.mormaii.com.br\/site\/wp-content\/uploads\/2017\/10\/mormaii-mateus-2-1170x780.jpg 1170w\" sizes=\"(max-width: 1200px) 100vw, 1200px\" \/><p id=\"caption-attachment-6609\" class=\"wp-caption-text\">Mais uma importante vit\u00f3ria | Foto: WSL \/ William Zimmermann<\/p><\/div>\n<p>&#8220;A cada ano muda bastante. Em 2016 tinha o Ethan Ewing, que agora est\u00e1 no CT, o Griffin Colapinto, que est\u00e1 quase l\u00e1. E esse ano promete ser mais dif\u00edcil ainda, porque vem mais gente nova por a\u00ed. Mas o time sul-americano estar\u00e1 muito bem representado&#8221;, afirma Herdy.<\/p>\n<p>Neste domingo, o sol voltou a brilhar no litoral catarinense e a praia ficou lotada para o dia decisivo do evento em homenagem a Ricardo dos Santos.<\/p>\n<p>O forte vento Sul deu uma tr\u00e9gua, mas as ondas continuaram dif\u00edceis e exigiram muita remada.<\/p>\n<p>Na grande final, Mateus Herdy investiu nas manobras progressivas e conseguiu 8.67 e 8.50 em dois belos a\u00e9reos.<\/p>\n<p>&#8220;Acho que foi essencial vir antes para a Guarda, estou desde o in\u00edcio da semana aqui tentando manter o ritmo e funcionou. Estava na vibe boa, acordando cedo todo dia, e acho que isso refletiu tamb\u00e9m. Consegui extrair o m\u00e1ximo do meu surf&#8221;, comemora o sobrinho do ex-top do CT, Guilherme Herdy.<\/p>\n<p>Na quartas, ele j\u00e1 havia carimbado vaga no Mundial ao derrotar a revela\u00e7\u00e3o paulista Ryan Kainalo, de apenas 11 anos.<\/p>\n<p>Com boas batidas e notas 8.25 e 7.25, Mateus deixou o rival em combina\u00e7\u00e3o de notas, com 5.25 e 3.60 no somat\u00f3rio.<\/p>\n<p>Na semifinal, ele n\u00e3o deu chances ao peruano Jhonny Guerreiro, que vinha de uma grande virada nas quartas contra o paulista Eduardo Motta.<\/p>\n<p>O catarinense conseguiu duas notas 7.50 logo no come\u00e7o e deixou o peruano precisando da nota m\u00e1xima, 10.00, para virar o placar.<\/p>\n<div id=\"attachment_6611\" style=\"width: 1210px\" class=\"wp-caption alignnone\"><img loading=\"lazy\" decoding=\"async\" aria-describedby=\"caption-attachment-6611\" class=\"size-full wp-image-6611\" src=\"http:\/\/www.mormaii.com.br\/site\/wp-content\/uploads\/2017\/10\/taina-hinckel-mormaii.jpg\" alt=\"\" width=\"1200\" height=\"801\" srcset=\"https:\/\/www.mormaii.com.br\/site\/wp-content\/uploads\/2017\/10\/taina-hinckel-mormaii.jpg 1200w, https:\/\/www.mormaii.com.br\/site\/wp-content\/uploads\/2017\/10\/taina-hinckel-mormaii-600x401.jpg 600w, https:\/\/www.mormaii.com.br\/site\/wp-content\/uploads\/2017\/10\/taina-hinckel-mormaii-300x200.jpg 300w, https:\/\/www.mormaii.com.br\/site\/wp-content\/uploads\/2017\/10\/taina-hinckel-mormaii-768x513.jpg 768w, https:\/\/www.mormaii.com.br\/site\/wp-content\/uploads\/2017\/10\/taina-hinckel-mormaii-1024x684.jpg 1024w, https:\/\/www.mormaii.com.br\/site\/wp-content\/uploads\/2017\/10\/taina-hinckel-mormaii-1170x780.jpg 1170w\" sizes=\"(max-width: 1200px) 100vw, 1200px\" \/><p id=\"caption-attachment-6611\" class=\"wp-caption-text\">Mais um resultado expressivo para Tain\u00e1 Hinckel | Foto: WSL \/ Kelly Cestari<\/p><\/div>\n<p>No Feminino, a peruana Sol Aguirre estragou a festa brasileira com a vit\u00f3ria sobre a surfista local da Guarda, Tain\u00e1 Hinckel, de apenas 14 anos, que defendia o t\u00edtulo de campe\u00e3 sul-americana Pro Junior.<\/p>\n<p>Prata da casa, Tain\u00e1 teve as melhores atua\u00e7\u00f5es da categoria durante o evento, mas n\u00e3o conseguiu manter o ritmo na final e acabou batendo na trave.<\/p>\n<p>Mas, assim como Aguirre, ela tamb\u00e9m garantiu vaga e representar\u00e1 o Brasil no Mundial Pro Junior.<\/p>\n<p><strong>Masculino<\/strong><br \/>\n1 Mateus Herdy (BRA)*<br \/>\n2 Jo\u00e3o Chianca (BRA)*<br \/>\n3 Jhonny Guerrero (PER)*<br \/>\n3 Samuel Pupo (BRA)*<br \/>\n5 Eduardo Motta (BRA)<br \/>\n5 Ryan Kainalo (BRA)<br \/>\n5 Vitor Ferreira (BRA)<br \/>\n5 Cau\u00e3 Costa (BRA)<\/p>\n<p><strong>Feminino<\/strong><br \/>\n1 Sol Aguirre (PER)*<br \/>\n2 Tain\u00e1 Hinckel (BRA)*<br \/>\n3 Louise Frumento (BRA)<br \/>\n3 Luara Thompson (BRA)<br \/>\n5 Carol Bonelli (BRA)<br \/>\n5 Rafaela Coelho (BRA)<br \/>\n5 Yanca Costa (BRA)<br \/>\n5 Catalina Mercere (ARG)<\/p>\n<p>*Classificados ao Mundial Pro Junior.<\/p>\n<p>[Foto de Capa: WSL\/Luiz Paulo]<\/p>\n","protected":false},"excerpt":{"rendered":"<p>Mateus Herdy conquistou o t\u00edtulo do RDS Pro Jr., seletiva sul-americana para o Mundial Pro Junior, encerrada neste domingo (15\/10) na Guarda do Emba\u00fa (SC). Em ondas de 1 metro e s\u00e9ries maiores, Herdy garantiu o lugar mais alto do p\u00f3dio e de quebra levou o trof\u00e9u de campe\u00e3o sul-americano da temporada na categoria sub-18. [&hellip;]<\/p>\n","protected":false},"author":5,"featured_media":6610,"comment_status":"closed","ping_status":"closed","sticky":false,"template":"","format":"standard","meta":{"_uag_custom_page_level_css":"","_mi_skip_tracking":false,"footnotes":""},"categories":[914,345],"tags":[317,282,316,29,319,320,318,315],"class_list":["post-6608","post","type-post","status-publish","format-standard","has-post-thumbnail","hentry","category-mormaii","category-surf","tag-guarda-do-embau","tag-home","tag-mateus-herdy","tag-mormaii","tag-pro-junior","tag-rds-pro-jr","tag-sul-americano","tag-taina-hinckel"],"acf":[],"uagb_featured_image_src":{"full":["https:\/\/www.mormaii.com.br\/site\/wp-content\/uploads\/2017\/10\/mormaii-mateus.jpg",1200,824,false],"thumbnail":["https:\/\/www.mormaii.com.br\/site\/wp-content\/uploads\/2017\/10\/mormaii-mateus-150x150.jpg",150,150,true],"medium":["https:\/\/www.mormaii.com.br\/site\/wp-content\/uploads\/2017\/10\/mormaii-mateus-300x206.jpg",300,206,true],"medium_large":["https:\/\/www.mormaii.com.br\/site\/wp-content\/uploads\/2017\/10\/mormaii-mateus-768x527.jpg",768,527,true],"large":["https:\/\/www.mormaii.com.br\/site\/wp-content\/uploads\/2017\/10\/mormaii-mateus-1024x703.jpg",1024,703,true],"1536x1536":["https:\/\/www.mormaii.com.br\/site\/wp-content\/uploads\/2017\/10\/mormaii-mateus.jpg",1200,824,false],"2048x2048":["https:\/\/www.mormaii.com.br\/site\/wp-content\/uploads\/2017\/10\/mormaii-mateus.jpg",1200,824,false],"qi_addons_for_elementor_image_size_square":["https:\/\/www.mormaii.com.br\/site\/wp-content\/uploads\/2017\/10\/mormaii-mateus.jpg",650,446,false],"qi_addons_for_elementor_image_size_landscape":["https:\/\/www.mormaii.com.br\/site\/wp-content\/uploads\/2017\/10\/mormaii-mateus.jpg",947,650,false],"qi_addons_for_elementor_image_size_portrait":["https:\/\/www.mormaii.com.br\/site\/wp-content\/uploads\/2017\/10\/mormaii-mateus.jpg",650,446,false],"qi_addons_for_elementor_image_size_huge-square":["https:\/\/www.mormaii.com.br\/site\/wp-content\/uploads\/2017\/10\/mormaii-mateus.jpg",1200,824,false]},"uagb_author_info":{"display_name":"Tissot","author_link":"https:\/\/www.mormaii.com.br\/site\/author\/fabiano\/"},"uagb_comment_info":0,"uagb_excerpt":"Mateus Herdy conquistou o t\u00edtulo do RDS Pro Jr., seletiva sul-americana para o Mundial Pro Junior, encerrada neste domingo (15\/10) na Guarda do Emba\u00fa (SC). Em ondas de 1 metro e s\u00e9ries maiores, Herdy garantiu o lugar mais alto do p\u00f3dio e de quebra levou o trof\u00e9u de campe\u00e3o sul-americano da temporada na categoria sub-18.&hellip;","_links":{"self":[{"href":"https:\/\/www.mormaii.com.br\/site\/wp-json\/wp\/v2\/posts\/6608"}],"collection":[{"href":"https:\/\/www.mormaii.com.br\/site\/wp-json\/wp\/v2\/posts"}],"about":[{"href":"https:\/\/www.mormaii.com.br\/site\/wp-json\/wp\/v2\/types\/post"}],"author":[{"embeddable":true,"href":"https:\/\/www.mormaii.com.br\/site\/wp-json\/wp\/v2\/users\/5"}],"replies":[{"embeddable":true,"href":"https:\/\/www.mormaii.com.br\/site\/wp-json\/wp\/v2\/comments?post=6608"}],"version-history":[{"count":7,"href":"https:\/\/www.mormaii.com.br\/site\/wp-json\/wp\/v2\/posts\/6608\/revisions"}],"predecessor-version":[{"id":6836,"href":"https:\/\/www.mormaii.com.br\/site\/wp-json\/wp\/v2\/posts\/6608\/revisions\/6836"}],"wp:featuredmedia":[{"embeddable":true,"href":"https:\/\/www.mormaii.com.br\/site\/wp-json\/wp\/v2\/media\/6610"}],"wp:attachment":[{"href":"https:\/\/www.mormaii.com.br\/site\/wp-json\/wp\/v2\/media?parent=6608"}],"wp:term":[{"taxonomy":"category","embeddable":true,"href":"https:\/\/www.mormaii.com.br\/site\/wp-json\/wp\/v2\/categories?post=6608"},{"taxonomy":"post_tag","embeddable":true,"href":"https:\/\/www.mormaii.com.br\/site\/wp-json\/wp\/v2\/tags?post=6608"}],"curies":[{"name":"wp","href":"https:\/\/api.w.org\/{rel}","templated":true}]}}