{"id":6696,"date":"2017-10-18T11:36:07","date_gmt":"2017-10-18T13:36:07","guid":{"rendered":"http:\/\/www.mormaii.com.br\/site\/?p=6696"},"modified":"2022-06-10T10:35:54","modified_gmt":"2022-06-10T13:35:54","slug":"equipe-mormaii-marca-presenca-em-portugal","status":"publish","type":"post","link":"https:\/\/www.mormaii.com.br\/site\/equipe-mormaii-marca-presenca-em-portugal\/","title":{"rendered":"Equipe Mormaii marca presen\u00e7a em Portugal"},"content":{"rendered":"<div id=\"attachment_6703\" style=\"width: 970px\" class=\"wp-caption alignnone\"><img loading=\"lazy\" decoding=\"async\" aria-describedby=\"caption-attachment-6703\" class=\"wp-image-6703 size-full\" src=\"http:\/\/www.mormaii.com.br\/site\/wp-content\/uploads\/2017\/10\/Pato-mormaii.jpg\" alt=\"\" width=\"960\" height=\"450\" srcset=\"https:\/\/www.mormaii.com.br\/site\/wp-content\/uploads\/2017\/10\/Pato-mormaii.jpg 960w, https:\/\/www.mormaii.com.br\/site\/wp-content\/uploads\/2017\/10\/Pato-mormaii-600x281.jpg 600w, https:\/\/www.mormaii.com.br\/site\/wp-content\/uploads\/2017\/10\/Pato-mormaii-300x141.jpg 300w, https:\/\/www.mormaii.com.br\/site\/wp-content\/uploads\/2017\/10\/Pato-mormaii-768x360.jpg 768w\" sizes=\"(max-width: 960px) 100vw, 960px\" \/><p id=\"caption-attachment-6703\" class=\"wp-caption-text\">Pato descendo a bomba em Nazar\u00e9 | Foto: Rafa G. Riancho<\/p><\/div>\n<p>Seja atr\u00e1s das maoires ondas do mundo ou disputando o WCT, os surfistas da equipe Mormaii est\u00e3o sempre viajando o planeta para fazer o que amam.<\/p>\n<p>Nesse exato momento, <a href=\"http:\/\/www.mormaii.com.br\/site\/atletas\/everaldo-pato\/\" target=\"_blank\" rel=\"noopener\">Everaldo Pato<\/a>\u00a0(na foto acima, produzida por <a href=\"https:\/\/www.instagram.com\/rafariancho\/?hl=pt-br\" target=\"_blank\" rel=\"noopener\">Rafael G. Riancho<\/a>),\u00a0<a href=\"http:\/\/www.mormaii.com.br\/site\/atletas\/caio-vaz\/\" target=\"_blank\" rel=\"noopener\">Caio Vaz<\/a> e <a href=\"http:\/\/www.mormaii.com.br\/site\/atletas\/carlosburle\/\" target=\"_blank\" rel=\"noopener\">Carlos Burle<\/a> est\u00e3o esperando as bombas de Nazar\u00e9.<\/p>\n<p>Enquanto <a href=\"http:\/\/www.mormaii.com.br\/site\/atletas\/ian-gouveia\/\" target=\"_blank\" rel=\"noopener\">Ian<\/a> e <a href=\"http:\/\/www.mormaii.com.br\/site\/atletas\/fabio-gouveia\/\" target=\"_blank\" rel=\"noopener\">F\u00e1bio Gouveia<\/a>, est\u00e3o apenas 40 minutos ao sul, em Peniche, aguardando a etapa portuguesa do mundial.<\/p>\n<p>Ambos os picos prometem quebrar cl\u00e1ssico esse final de semana. A Praia do Norte com 20 metros pesados e Supertubos com 2 metros quadrados.<\/p>\n<p>Cada um dos atletas chegou em Portugal por vias distintas.<\/p>\n<p>Caio estava no mundial de SUP do ISA Games, na Noruega.<\/p>\n<div id=\"attachment_6698\" style=\"width: 970px\" class=\"wp-caption alignnone\"><img loading=\"lazy\" decoding=\"async\" aria-describedby=\"caption-attachment-6698\" class=\"size-full wp-image-6698\" src=\"http:\/\/www.mormaii.com.br\/site\/wp-content\/uploads\/2017\/10\/burle-mormaii-2.jpg\" alt=\"\" width=\"960\" height=\"450\" srcset=\"https:\/\/www.mormaii.com.br\/site\/wp-content\/uploads\/2017\/10\/burle-mormaii-2.jpg 960w, https:\/\/www.mormaii.com.br\/site\/wp-content\/uploads\/2017\/10\/burle-mormaii-2-600x281.jpg 600w, https:\/\/www.mormaii.com.br\/site\/wp-content\/uploads\/2017\/10\/burle-mormaii-2-300x141.jpg 300w, https:\/\/www.mormaii.com.br\/site\/wp-content\/uploads\/2017\/10\/burle-mormaii-2-768x360.jpg 768w\" sizes=\"(max-width: 960px) 100vw, 960px\" \/><p id=\"caption-attachment-6698\" class=\"wp-caption-text\">Burle em mais uma aventura na Praia do Norte | Imagem: M\u00e1quina Voadora<\/p><\/div>\n<p>Burle saiu direto da The Board Trader Show, maior feira de surf da Am\u00e9rica Latina onde esteve representando a Mormaii.<\/p>\n<p>F\u00e1bio e Ian Gouveia vieram de carro ap\u00f3s o <a href=\"http:\/\/www.mormaii.com.br\/site\/a-participacao-de-ian-gouveia-no-wct-da-franca\/\" target=\"_blank\" rel=\"noopener\">WCT da Fran\u00e7a<\/a>.<\/p>\n<p>Enquanto Pato veio pedalando com Fabi e Belinha em sua tour pela Europa, nas grava\u00e7\u00f5es da pr\u00f3xima temporada da Fam\u00edlia Nalu.<\/p>\n<p>Pato mal desembarcou da bike e j\u00e1 caiu pra dentro das bombas da Praia do Norte, como percebemos pela foto de capa da mat\u00e9ria.<\/p>\n<p>Mas, infelizmente, nem tudo est\u00e1 bem em Portugal.<\/p>\n<p>Um inc\u00eandio de propor\u00e7\u00f5es devastadoras tomou conta do pa\u00eds, conforme retrata a imagem e o depoimento da Fabi.<\/p>\n<div id=\"attachment_6697\" style=\"width: 970px\" class=\"wp-caption alignnone\"><img loading=\"lazy\" decoding=\"async\" aria-describedby=\"caption-attachment-6697\" class=\"wp-image-6697 size-full\" src=\"http:\/\/www.mormaii.com.br\/site\/wp-content\/uploads\/2017\/10\/mormaii-nalu-2.jpg\" alt=\"Trag\u00e9dia Natural | Imagem: Nalu Pelo Mundo\" width=\"960\" height=\"450\" srcset=\"https:\/\/www.mormaii.com.br\/site\/wp-content\/uploads\/2017\/10\/mormaii-nalu-2.jpg 960w, https:\/\/www.mormaii.com.br\/site\/wp-content\/uploads\/2017\/10\/mormaii-nalu-2-600x281.jpg 600w, https:\/\/www.mormaii.com.br\/site\/wp-content\/uploads\/2017\/10\/mormaii-nalu-2-300x141.jpg 300w, https:\/\/www.mormaii.com.br\/site\/wp-content\/uploads\/2017\/10\/mormaii-nalu-2-768x360.jpg 768w\" sizes=\"(max-width: 960px) 100vw, 960px\" \/><p id=\"caption-attachment-6697\" class=\"wp-caption-text\">Trag\u00e9dia Natural | Imagem: Nalu Pelo Mundo<\/p><\/div>\n<p>&#8220;Nunca estivemos t\u00e3o pr\u00f3ximos \u00e0 tamanha cat\u00e1strofe da natureza. For\u00e7a Portugal! Hoje choveu bastante e a maioria dos focos de inc\u00eandio foram controlados. N\u00e3o sentimos mais o cheiro forte de queimado e a fuma\u00e7a no c\u00e9u se dissipou. Estamos h\u00e1 10km de Quiaios, regi\u00e3o bem afetada. Cancelamos nossa pedalada hoje, mas amanh\u00e3 temos esperan\u00e7a de seguir. Que Deus conforte as fam\u00edlias atingidas&#8221;, declara Fabi no <a href=\"https:\/\/www.instagram.com\/nalupelomundo\/?hl=pt-br\" target=\"_blank\" rel=\"noopener\">Instagram da Fam\u00edlia Nalu<\/a>.<\/p>\n<p>Fique ligado no site da Mormaii para mais not\u00edcias sobre os atletas da equipe.<\/p>\n<p>[Imagem de capa: Rafael G. Riancho]<\/p>\n","protected":false},"excerpt":{"rendered":"<p>Seja atr\u00e1s das maoires ondas do mundo ou disputando o WCT, os surfistas da equipe Mormaii est\u00e3o sempre viajando o planeta para fazer o que amam. Nesse exato momento, Everaldo Pato\u00a0(na foto acima, produzida por Rafael G. Riancho),\u00a0Caio Vaz e Carlos Burle est\u00e3o esperando as bombas de Nazar\u00e9. Enquanto Ian e F\u00e1bio Gouveia, est\u00e3o apenas [&hellip;]<\/p>\n","protected":false},"author":5,"featured_media":6703,"comment_status":"closed","ping_status":"closed","sticky":false,"template":"","format":"standard","meta":{"_uag_custom_page_level_css":"","_mi_skip_tracking":false,"footnotes":""},"categories":[38,914,7],"tags":[308,333,303,282,302,334,337,335,336,253],"class_list":["post-6696","post","type-post","status-publish","format-standard","has-post-thumbnail","hentry","category-eventos","category-mormaii","category-novidades","tag-caio-vaz","tag-everaldo-pato","tag-fabio-gouveia","tag-home","tag-ian-gouveia","tag-nazare","tag-peniche","tag-portugal","tag-supertubos","tag-surf"],"acf":[],"uagb_featured_image_src":{"full":["https:\/\/www.mormaii.com.br\/site\/wp-content\/uploads\/2017\/10\/Pato-mormaii.jpg",960,450,false],"thumbnail":["https:\/\/www.mormaii.com.br\/site\/wp-content\/uploads\/2017\/10\/Pato-mormaii-150x150.jpg",150,150,true],"medium":["https:\/\/www.mormaii.com.br\/site\/wp-content\/uploads\/2017\/10\/Pato-mormaii-300x141.jpg",300,141,true],"medium_large":["https:\/\/www.mormaii.com.br\/site\/wp-content\/uploads\/2017\/10\/Pato-mormaii-768x360.jpg",768,360,true],"large":["https:\/\/www.mormaii.com.br\/site\/wp-content\/uploads\/2017\/10\/Pato-mormaii.jpg",960,450,false],"1536x1536":["https:\/\/www.mormaii.com.br\/site\/wp-content\/uploads\/2017\/10\/Pato-mormaii.jpg",960,450,false],"2048x2048":["https:\/\/www.mormaii.com.br\/site\/wp-content\/uploads\/2017\/10\/Pato-mormaii.jpg",960,450,false],"qi_addons_for_elementor_image_size_square":["https:\/\/www.mormaii.com.br\/site\/wp-content\/uploads\/2017\/10\/Pato-mormaii.jpg",650,305,false],"qi_addons_for_elementor_image_size_landscape":["https:\/\/www.mormaii.com.br\/site\/wp-content\/uploads\/2017\/10\/Pato-mormaii.jpg",960,450,false],"qi_addons_for_elementor_image_size_portrait":["https:\/\/www.mormaii.com.br\/site\/wp-content\/uploads\/2017\/10\/Pato-mormaii.jpg",650,305,false],"qi_addons_for_elementor_image_size_huge-square":["https:\/\/www.mormaii.com.br\/site\/wp-content\/uploads\/2017\/10\/Pato-mormaii.jpg",960,450,false]},"uagb_author_info":{"display_name":"Tissot","author_link":"https:\/\/www.mormaii.com.br\/site\/author\/fabiano\/"},"uagb_comment_info":0,"uagb_excerpt":"Seja atr\u00e1s das maoires ondas do mundo ou disputando o WCT, os surfistas da equipe Mormaii est\u00e3o sempre viajando o planeta para fazer o que amam. Nesse exato momento, Everaldo Pato\u00a0(na foto acima, produzida por Rafael G. Riancho),\u00a0Caio Vaz e Carlos Burle est\u00e3o esperando as bombas de Nazar\u00e9. Enquanto Ian e F\u00e1bio Gouveia, est\u00e3o apenas&hellip;","_links":{"self":[{"href":"https:\/\/www.mormaii.com.br\/site\/wp-json\/wp\/v2\/posts\/6696"}],"collection":[{"href":"https:\/\/www.mormaii.com.br\/site\/wp-json\/wp\/v2\/posts"}],"about":[{"href":"https:\/\/www.mormaii.com.br\/site\/wp-json\/wp\/v2\/types\/post"}],"author":[{"embeddable":true,"href":"https:\/\/www.mormaii.com.br\/site\/wp-json\/wp\/v2\/users\/5"}],"replies":[{"embeddable":true,"href":"https:\/\/www.mormaii.com.br\/site\/wp-json\/wp\/v2\/comments?post=6696"}],"version-history":[{"count":7,"href":"https:\/\/www.mormaii.com.br\/site\/wp-json\/wp\/v2\/posts\/6696\/revisions"}],"predecessor-version":[{"id":6832,"href":"https:\/\/www.mormaii.com.br\/site\/wp-json\/wp\/v2\/posts\/6696\/revisions\/6832"}],"wp:featuredmedia":[{"embeddable":true,"href":"https:\/\/www.mormaii.com.br\/site\/wp-json\/wp\/v2\/media\/6703"}],"wp:attachment":[{"href":"https:\/\/www.mormaii.com.br\/site\/wp-json\/wp\/v2\/media?parent=6696"}],"wp:term":[{"taxonomy":"category","embeddable":true,"href":"https:\/\/www.mormaii.com.br\/site\/wp-json\/wp\/v2\/categories?post=6696"},{"taxonomy":"post_tag","embeddable":true,"href":"https:\/\/www.mormaii.com.br\/site\/wp-json\/wp\/v2\/tags?post=6696"}],"curies":[{"name":"wp","href":"https:\/\/api.w.org\/{rel}","templated":true}]}}