{"id":6797,"date":"2017-10-21T08:46:58","date_gmt":"2017-10-21T10:46:58","guid":{"rendered":"http:\/\/www.mormaii.com.br\/site\/?p=6797"},"modified":"2022-06-10T10:50:16","modified_gmt":"2022-06-10T13:50:16","slug":"assista-ao-video-do-rds-pro-jr-e-a-vitoria-de-mateus-herdy","status":"publish","type":"post","link":"https:\/\/www.mormaii.com.br\/site\/assista-ao-video-do-rds-pro-jr-e-a-vitoria-de-mateus-herdy\/","title":{"rendered":"Assista ao v\u00eddeo do RDS Pro Jr. e a vit\u00f3ria de Mateus Herdy"},"content":{"rendered":"<p><img loading=\"lazy\" decoding=\"async\" class=\"alignnone wp-image-6798 size-full\" src=\"http:\/\/www.mormaii.com.br\/site\/wp-content\/uploads\/2017\/10\/mormaii-60717JOACAmateusJAMESTHISTED008.jpg\" alt=\"\" width=\"1200\" height=\"562\" srcset=\"https:\/\/www.mormaii.com.br\/site\/wp-content\/uploads\/2017\/10\/mormaii-60717JOACAmateusJAMESTHISTED008.jpg 1200w, https:\/\/www.mormaii.com.br\/site\/wp-content\/uploads\/2017\/10\/mormaii-60717JOACAmateusJAMESTHISTED008-600x281.jpg 600w, https:\/\/www.mormaii.com.br\/site\/wp-content\/uploads\/2017\/10\/mormaii-60717JOACAmateusJAMESTHISTED008-300x141.jpg 300w, https:\/\/www.mormaii.com.br\/site\/wp-content\/uploads\/2017\/10\/mormaii-60717JOACAmateusJAMESTHISTED008-768x360.jpg 768w, https:\/\/www.mormaii.com.br\/site\/wp-content\/uploads\/2017\/10\/mormaii-60717JOACAmateusJAMESTHISTED008-1024x480.jpg 1024w\" sizes=\"(max-width: 1200px) 100vw, 1200px\" \/><\/p>\n<p>Mateus Herdy conquistou o t\u00edtulo do RDS Pro Jr., seletiva sul-americana para o Mundial Pro Junior, encerrada neste domingo (15\/10) na Guarda do Emba\u00fa (SC).<\/p>\n<p>Em ondas de 1 metro e s\u00e9ries maiores, Herdy garantiu o lugar mais alto do p\u00f3dio e de quebra levou o trof\u00e9u de campe\u00e3o sul-americano da temporada na categoria sub-18.<\/p>\n<p>No v\u00eddeo a seguir, voc\u00ea assiste os melhores momentos da etapa e a vit\u00f3ria do catarinense, que anida teve Tain\u00e1 Hinckel como vice-campe\u00e3.<\/p>\n<p><iframe loading=\"lazy\" src=\"https:\/\/www.youtube.com\/embed\/6i813aTtHIg\" width=\"960\" height=\"450\" frameborder=\"0\" allowfullscreen=\"allowfullscreen\"><\/iframe><\/p>\n","protected":false},"excerpt":{"rendered":"<p>Mateus Herdy conquistou o t\u00edtulo do RDS Pro Jr., seletiva sul-americana para o Mundial Pro Junior, encerrada neste domingo (15\/10) na Guarda do Emba\u00fa (SC). Em ondas de 1 metro e s\u00e9ries maiores, Herdy garantiu o lugar mais alto do p\u00f3dio e de quebra levou o trof\u00e9u de campe\u00e3o sul-americano da temporada na categoria sub-18. [&hellip;]<\/p>\n","protected":false},"author":5,"featured_media":6798,"comment_status":"closed","ping_status":"closed","sticky":false,"template":"","format":"standard","meta":{"_uag_custom_page_level_css":"","_mi_skip_tracking":false,"footnotes":""},"categories":[40,914,7,345],"tags":[317,282,316,29,320,359,253,315],"class_list":["post-6797","post","type-post","status-publish","format-standard","has-post-thumbnail","hentry","category-esportes","category-mormaii","category-novidades","category-surf","tag-guarda-do-embau","tag-home","tag-mateus-herdy","tag-mormaii","tag-rds-pro-jr","tag-su-americano-pro-jr","tag-surf","tag-taina-hinckel"],"acf":[],"uagb_featured_image_src":{"full":["https:\/\/www.mormaii.com.br\/site\/wp-content\/uploads\/2017\/10\/mormaii-60717JOACAmateusJAMESTHISTED008.jpg",1200,562,false],"thumbnail":["https:\/\/www.mormaii.com.br\/site\/wp-content\/uploads\/2017\/10\/mormaii-60717JOACAmateusJAMESTHISTED008-150x150.jpg",150,150,true],"medium":["https:\/\/www.mormaii.com.br\/site\/wp-content\/uploads\/2017\/10\/mormaii-60717JOACAmateusJAMESTHISTED008-300x141.jpg",300,141,true],"medium_large":["https:\/\/www.mormaii.com.br\/site\/wp-content\/uploads\/2017\/10\/mormaii-60717JOACAmateusJAMESTHISTED008-768x360.jpg",768,360,true],"large":["https:\/\/www.mormaii.com.br\/site\/wp-content\/uploads\/2017\/10\/mormaii-60717JOACAmateusJAMESTHISTED008-1024x480.jpg",1024,480,true],"1536x1536":["https:\/\/www.mormaii.com.br\/site\/wp-content\/uploads\/2017\/10\/mormaii-60717JOACAmateusJAMESTHISTED008.jpg",1200,562,false],"2048x2048":["https:\/\/www.mormaii.com.br\/site\/wp-content\/uploads\/2017\/10\/mormaii-60717JOACAmateusJAMESTHISTED008.jpg",1200,562,false],"qi_addons_for_elementor_image_size_square":["https:\/\/www.mormaii.com.br\/site\/wp-content\/uploads\/2017\/10\/mormaii-60717JOACAmateusJAMESTHISTED008.jpg",650,304,false],"qi_addons_for_elementor_image_size_landscape":["https:\/\/www.mormaii.com.br\/site\/wp-content\/uploads\/2017\/10\/mormaii-60717JOACAmateusJAMESTHISTED008.jpg",1200,562,false],"qi_addons_for_elementor_image_size_portrait":["https:\/\/www.mormaii.com.br\/site\/wp-content\/uploads\/2017\/10\/mormaii-60717JOACAmateusJAMESTHISTED008.jpg",650,304,false],"qi_addons_for_elementor_image_size_huge-square":["https:\/\/www.mormaii.com.br\/site\/wp-content\/uploads\/2017\/10\/mormaii-60717JOACAmateusJAMESTHISTED008.jpg",1200,562,false]},"uagb_author_info":{"display_name":"Tissot","author_link":"https:\/\/www.mormaii.com.br\/site\/author\/fabiano\/"},"uagb_comment_info":0,"uagb_excerpt":"Mateus Herdy conquistou o t\u00edtulo do RDS Pro Jr., seletiva sul-americana para o Mundial Pro Junior, encerrada neste domingo (15\/10) na Guarda do Emba\u00fa (SC). Em ondas de 1 metro e s\u00e9ries maiores, Herdy garantiu o lugar mais alto do p\u00f3dio e de quebra levou o trof\u00e9u de campe\u00e3o sul-americano da temporada na categoria sub-18.&hellip;","_links":{"self":[{"href":"https:\/\/www.mormaii.com.br\/site\/wp-json\/wp\/v2\/posts\/6797"}],"collection":[{"href":"https:\/\/www.mormaii.com.br\/site\/wp-json\/wp\/v2\/posts"}],"about":[{"href":"https:\/\/www.mormaii.com.br\/site\/wp-json\/wp\/v2\/types\/post"}],"author":[{"embeddable":true,"href":"https:\/\/www.mormaii.com.br\/site\/wp-json\/wp\/v2\/users\/5"}],"replies":[{"embeddable":true,"href":"https:\/\/www.mormaii.com.br\/site\/wp-json\/wp\/v2\/comments?post=6797"}],"version-history":[{"count":3,"href":"https:\/\/www.mormaii.com.br\/site\/wp-json\/wp\/v2\/posts\/6797\/revisions"}],"predecessor-version":[{"id":6839,"href":"https:\/\/www.mormaii.com.br\/site\/wp-json\/wp\/v2\/posts\/6797\/revisions\/6839"}],"wp:featuredmedia":[{"embeddable":true,"href":"https:\/\/www.mormaii.com.br\/site\/wp-json\/wp\/v2\/media\/6798"}],"wp:attachment":[{"href":"https:\/\/www.mormaii.com.br\/site\/wp-json\/wp\/v2\/media?parent=6797"}],"wp:term":[{"taxonomy":"category","embeddable":true,"href":"https:\/\/www.mormaii.com.br\/site\/wp-json\/wp\/v2\/categories?post=6797"},{"taxonomy":"post_tag","embeddable":true,"href":"https:\/\/www.mormaii.com.br\/site\/wp-json\/wp\/v2\/tags?post=6797"}],"curies":[{"name":"wp","href":"https:\/\/api.w.org\/{rel}","templated":true}]}}