{"id":6869,"date":"2017-10-24T08:18:29","date_gmt":"2017-10-24T10:18:29","guid":{"rendered":"http:\/\/www.mormaii.com.br\/site\/?p=6869"},"modified":"2022-06-10T10:51:11","modified_gmt":"2022-06-10T13:51:11","slug":"allan-do-carmo-e-vice-campeao-mundial-de-maratonas-aquaticas","status":"publish","type":"post","link":"https:\/\/www.mormaii.com.br\/site\/allan-do-carmo-e-vice-campeao-mundial-de-maratonas-aquaticas\/","title":{"rendered":"Allan do Carmo \u00e9 vice-campe\u00e3o mundial"},"content":{"rendered":"<p><img loading=\"lazy\" decoding=\"async\" class=\"alignnone size-large wp-image-6871\" src=\"http:\/\/www.mormaii.com.br\/site\/wp-content\/uploads\/2017\/10\/A71Q1212-1-1024x683.jpg\" alt=\"\" width=\"710\" height=\"474\" srcset=\"https:\/\/www.mormaii.com.br\/site\/wp-content\/uploads\/2017\/10\/A71Q1212-1-1024x683.jpg 1024w, https:\/\/www.mormaii.com.br\/site\/wp-content\/uploads\/2017\/10\/A71Q1212-1-600x400.jpg 600w, https:\/\/www.mormaii.com.br\/site\/wp-content\/uploads\/2017\/10\/A71Q1212-1-300x200.jpg 300w, https:\/\/www.mormaii.com.br\/site\/wp-content\/uploads\/2017\/10\/A71Q1212-1-768x512.jpg 768w, https:\/\/www.mormaii.com.br\/site\/wp-content\/uploads\/2017\/10\/A71Q1212-1-1170x780.jpg 1170w\" sizes=\"(max-width: 710px) 100vw, 710px\" \/><\/p>\n<p>O Brasil encerrou o ano internacional de \u00e1guas abertas com mais duas conquistas durante a semana.<\/p>\n<p>Com o resultado obtido na \u00faltima etapa do Circuito Mundial de \u00c1guas Abertas da Federa\u00e7\u00e3o Internacional de Nata\u00e7\u00e3o em Hong Kong, Allan do Carmo fecha a temporada como vice-campe\u00e3o do mundo.<\/p>\n<p>O baiano comemora mais uma grande conquista, ele foi campe\u00e3o mundial em 2014 e vice em 2009 e 2015.<\/p>\n<p>Da mesma forma que sua conterr\u00e2nea Ana Marcela Cunha, segunda colocada na etapa.<\/p>\n<p>Allan foi o terceiro colocado, sendo superado apenas pelo alem\u00e3o Rob Muffels e pelo holand\u00eas Ferry Weertman.<\/p>\n<p>Assim, o baiano fechou o ano como vice do Circuito, empatado com Federico Vanelli, da It\u00e1lia.<\/p>\n<p>&#8220;Foi uma prova muito boa. O n\u00edvel estava muito forte e eu fiquei muito feliz com o meu resultado. Cheguei aqui disputando o terceiro lugar com o Kristof, que vinha muito bem, vencendo as duas \u00faltimas provas. Eu sabia que ia ser uma miss\u00e3o muito dif\u00edcil manter a posi\u00e7\u00e3o, mas acabei me superando ainda mais e empatei com o Vanelli, que chegou a abrir 30 pontos de vantagem durante o circuito&#8221;, comemora o nadador.<\/p>\n<p>Confira os tempos do top 10 em Hong Kong:<\/p>\n<p>Masculino<br \/>\n1\u00ba &#8211; Rob Muffels (Alemanha) &#8211; 1:53.10.4<br \/>\n2\u00ba &#8211; Ferry Weertman (Holanda) &#8211; 1:53.11.1<br \/>\n3\u00ba &#8211; Allan do Carmo (Brasil) &#8211; 1:53.11.2<br \/>\n4\u00ba &#8211; Jordan Willimovsky (Estados Unidos) &#8211; 1:53.12.3<br \/>\n5\u00ba &#8211; Christian Reichert (Alemanha) &#8211; 1:53.13.6<br \/>\n6\u00ba &#8211; Logan Fontaine (Fran\u00e7a) &#8211; 1:53.21.1<br \/>\n7\u00ba &#8211; Simone Ruffini (It\u00e1lia) &#8211; 1:53.21.7<br \/>\n8\u00ba &#8211; Kristof Rasovszky (Hungria) &#8211; 1:53.22.2<br \/>\n9\u00ba &#8211; Lachian Colquhoun (Austr\u00e1lia) &#8211; 1:53.24.7<br \/>\n10\u00ba &#8211; Simon Huitenga (Austr\u00e1lia) &#8211; 1:53.25.9<\/p>\n<p>Feminino<br \/>\n1\u00ba &#8211; Arianna Bridi (It\u00e1lia) &#8211; 2:02.12.6<br \/>\n2\u00ba &#8211; Ana Marcela Cunha (Brasil) &#8211; 2:02.12.7<br \/>\n3 \u00ba &#8211; Finnia Wunram (Alemanha) &#8211; 2:02.14.7<br \/>\n4\u00ba &#8211; Leonie Antonia Beck (Alemanha) &#8211; 2:02.14.8<br \/>\n5\u00ba &#8211; Rachele Bruni (It\u00e1lia) &#8211; 2:02.15.2<br \/>\n6\u00ba &#8211; Yukimi Moriyama (Jap\u00e3o) &#8211; 2:02.16.0<br \/>\n7\u00ba &#8211; Haley Anderson (Estados Unidos) &#8211; 2:02.16.3<br \/>\n8\u00ba &#8211; Samantha Arevalo (Equador) &#8211; 2:02.16.9<br \/>\n9\u00ba &#8211; Viviane Jungblut (Brasil) &#8211; 2:02.17.2<br \/>\n10\u00ba &#8211; Chelsea Gubecka (Austr\u00e1lia) &#8211; 2:02.18.3<\/p>\n<p>[Foto: Satiro Sodr\u00e9]<\/p>\n","protected":false},"excerpt":{"rendered":"<p>O Brasil encerrou o ano internacional de \u00e1guas abertas com mais duas conquistas durante a semana. Com o resultado obtido na \u00faltima etapa do Circuito Mundial de \u00c1guas Abertas da Federa\u00e7\u00e3o Internacional de Nata\u00e7\u00e3o em Hong Kong, Allan do Carmo fecha a temporada como vice-campe\u00e3o do mundo. O baiano comemora mais uma grande conquista, ele [&hellip;]<\/p>\n","protected":false},"author":5,"featured_media":6870,"comment_status":"closed","ping_status":"closed","sticky":false,"template":"","format":"standard","meta":{"_uag_custom_page_level_css":"","_mi_skip_tracking":false,"footnotes":""},"categories":[40,914,7],"tags":[356,369,282,368,358,29,357,370],"class_list":["post-6869","post","type-post","status-publish","format-standard","has-post-thumbnail","hentry","category-esportes","category-mormaii","category-novidades","tag-allan-do-carmo","tag-guas-abertas","tag-home","tag-hong-kong","tag-maratonas-aquaticas","tag-mormaii","tag-mormaii-natacao","tag-natacao"],"acf":[],"uagb_featured_image_src":{"full":["https:\/\/www.mormaii.com.br\/site\/wp-content\/uploads\/2017\/10\/A71Q1212.jpg",2362,1575,false],"thumbnail":["https:\/\/www.mormaii.com.br\/site\/wp-content\/uploads\/2017\/10\/A71Q1212-150x150.jpg",150,150,true],"medium":["https:\/\/www.mormaii.com.br\/site\/wp-content\/uploads\/2017\/10\/A71Q1212-300x200.jpg",300,200,true],"medium_large":["https:\/\/www.mormaii.com.br\/site\/wp-content\/uploads\/2017\/10\/A71Q1212-768x512.jpg",768,512,true],"large":["https:\/\/www.mormaii.com.br\/site\/wp-content\/uploads\/2017\/10\/A71Q1212-1024x683.jpg",1024,683,true],"1536x1536":["https:\/\/www.mormaii.com.br\/site\/wp-content\/uploads\/2017\/10\/A71Q1212.jpg",1536,1024,false],"2048x2048":["https:\/\/www.mormaii.com.br\/site\/wp-content\/uploads\/2017\/10\/A71Q1212.jpg",2048,1366,false],"qi_addons_for_elementor_image_size_square":["https:\/\/www.mormaii.com.br\/site\/wp-content\/uploads\/2017\/10\/A71Q1212.jpg",650,433,false],"qi_addons_for_elementor_image_size_landscape":["https:\/\/www.mormaii.com.br\/site\/wp-content\/uploads\/2017\/10\/A71Q1212.jpg",975,650,false],"qi_addons_for_elementor_image_size_portrait":["https:\/\/www.mormaii.com.br\/site\/wp-content\/uploads\/2017\/10\/A71Q1212.jpg",650,433,false],"qi_addons_for_elementor_image_size_huge-square":["https:\/\/www.mormaii.com.br\/site\/wp-content\/uploads\/2017\/10\/A71Q1212.jpg",1300,867,false]},"uagb_author_info":{"display_name":"Tissot","author_link":"https:\/\/www.mormaii.com.br\/site\/author\/fabiano\/"},"uagb_comment_info":0,"uagb_excerpt":"O Brasil encerrou o ano internacional de \u00e1guas abertas com mais duas conquistas durante a semana. Com o resultado obtido na \u00faltima etapa do Circuito Mundial de \u00c1guas Abertas da Federa\u00e7\u00e3o Internacional de Nata\u00e7\u00e3o em Hong Kong, Allan do Carmo fecha a temporada como vice-campe\u00e3o do mundo. O baiano comemora mais uma grande conquista, ele&hellip;","_links":{"self":[{"href":"https:\/\/www.mormaii.com.br\/site\/wp-json\/wp\/v2\/posts\/6869"}],"collection":[{"href":"https:\/\/www.mormaii.com.br\/site\/wp-json\/wp\/v2\/posts"}],"about":[{"href":"https:\/\/www.mormaii.com.br\/site\/wp-json\/wp\/v2\/types\/post"}],"author":[{"embeddable":true,"href":"https:\/\/www.mormaii.com.br\/site\/wp-json\/wp\/v2\/users\/5"}],"replies":[{"embeddable":true,"href":"https:\/\/www.mormaii.com.br\/site\/wp-json\/wp\/v2\/comments?post=6869"}],"version-history":[{"count":4,"href":"https:\/\/www.mormaii.com.br\/site\/wp-json\/wp\/v2\/posts\/6869\/revisions"}],"predecessor-version":[{"id":6875,"href":"https:\/\/www.mormaii.com.br\/site\/wp-json\/wp\/v2\/posts\/6869\/revisions\/6875"}],"wp:featuredmedia":[{"embeddable":true,"href":"https:\/\/www.mormaii.com.br\/site\/wp-json\/wp\/v2\/media\/6870"}],"wp:attachment":[{"href":"https:\/\/www.mormaii.com.br\/site\/wp-json\/wp\/v2\/media?parent=6869"}],"wp:term":[{"taxonomy":"category","embeddable":true,"href":"https:\/\/www.mormaii.com.br\/site\/wp-json\/wp\/v2\/categories?post=6869"},{"taxonomy":"post_tag","embeddable":true,"href":"https:\/\/www.mormaii.com.br\/site\/wp-json\/wp\/v2\/tags?post=6869"}],"curies":[{"name":"wp","href":"https:\/\/api.w.org\/{rel}","templated":true}]}}