{"id":6951,"date":"2017-11-03T00:01:02","date_gmt":"2017-11-03T02:01:02","guid":{"rendered":"http:\/\/www.mormaii.com.br\/site\/?p=6951"},"modified":"2022-06-10T10:17:06","modified_gmt":"2022-06-10T13:17:06","slug":"vem-ai-a-v-travessia-do-canal-de-ilhabela","status":"publish","type":"post","link":"https:\/\/www.mormaii.com.br\/site\/vem-ai-a-v-travessia-do-canal-de-ilhabela\/","title":{"rendered":"Vem a\u00ed a V Travessia do Canal de Ilhabela"},"content":{"rendered":"<p><img loading=\"lazy\" decoding=\"async\" class=\"alignnone size-full wp-image-6952\" src=\"http:\/\/www.mormaii.com.br\/site\/wp-content\/uploads\/2017\/11\/mormaii-natacao.jpg\" alt=\"\" width=\"1024\" height=\"480\" srcset=\"https:\/\/www.mormaii.com.br\/site\/wp-content\/uploads\/2017\/11\/mormaii-natacao.jpg 1024w, https:\/\/www.mormaii.com.br\/site\/wp-content\/uploads\/2017\/11\/mormaii-natacao-600x281.jpg 600w, https:\/\/www.mormaii.com.br\/site\/wp-content\/uploads\/2017\/11\/mormaii-natacao-300x141.jpg 300w, https:\/\/www.mormaii.com.br\/site\/wp-content\/uploads\/2017\/11\/mormaii-natacao-768x360.jpg 768w\" sizes=\"(max-width: 1024px) 100vw, 1024px\" \/><\/p>\n<p>O feriado prolongado reserva para o pr\u00f3ximo domingo, dia 5 de novembro, a V Travessia do Canal de Ilhabela.<\/p>\n<p>A prova ter\u00e1 largada da praia Porto Grande ou Pontal da Cruz, em S\u00e3o Sebasti\u00e3o (SP), at\u00e9 a praia do Engenho D\u2019\u00e1gua, em Ilhabela.<\/p>\n<p>Segundo a organiza\u00e7\u00e3o, a praia de largada ser\u00e1 definida em congresso t\u00e9cnico obrigat\u00f3rio, que ser\u00e1 realizado um dia antes, para atender as condi\u00e7\u00f5es de mudan\u00e7a de ventos no domingo.<\/p>\n<p>Os atletas que n\u00e3o puderem participar dever\u00e3o ser representados por um t\u00e9cnico de nata\u00e7\u00e3o.<\/p>\n<p>A prova no domingo, que conta com apoio da Secretaria de Esporte e Lazer de Ilhabela, ter\u00e1 escunas oficiais que transportar\u00e3o todos os atletas da praia do Engenho D\u2019\u00e1gua at\u00e9 S\u00e3o Sebasti\u00e3o, \u00e0s 6h.<\/p>\n<p>Nenhuma outra embarca\u00e7\u00e3o poder\u00e1 ser usada para se dirigir ao local da prova, com largada prevista para 8h.<\/p>\n<p>Os nadadores ser\u00e3o separados nas categorias feminina e masculina, com idade m\u00ednima de 14 anos.<\/p>\n<p>O tempo limite de prova ser\u00e1 de 1h50.<\/p>\n<p>Ap\u00f3s a chegada do \u00faltimo atleta, ser\u00e3o premiadas categorias do primeiro ao quinto colocado.<\/p>\n<p><strong>Programa\u00e7\u00e3o:<\/strong><\/p>\n<p>Domingo dia 5 \u2013 Dia da prova. Praia Engenho D\u2019\u00e1gua<br \/>\n6h \u2013 Embarque nas escunas<br \/>\n7h \u2013 Encerramento do embarque<br \/>\n7h30 \u2013 Chegada das escunas em S\u00e3o Sebasti\u00e3o e desembarque<br \/>\n8h \u2013 Largada pontualmente no hor\u00e1rio<\/p>\n<p>Para quem vai largar direto de S\u00e3o Sebasti\u00e3o<br \/>\nDomingo dia 05 \u2013 Dia de prova. Praia de encontro definida no congresso t\u00e9cnico obrigat\u00f3rio.<br \/>\n7h \u2013 Presen\u00e7a da organiza\u00e7\u00e3o na \u00e1rea de largada para a confirma\u00e7\u00e3o de presen\u00e7a do atleta<br \/>\n8h \u2013 Largada pontualmente no hor\u00e1rio<\/p>\n<p>[Imagem: Divulga\u00e7\u00e3o]<\/p>\n","protected":false},"excerpt":{"rendered":"<p>O feriado prolongado reserva para o pr\u00f3ximo domingo, dia 5 de novembro, a V Travessia do Canal de Ilhabela. A prova ter\u00e1 largada da praia Porto Grande ou Pontal da Cruz, em S\u00e3o Sebasti\u00e3o (SP), at\u00e9 a praia do Engenho D\u2019\u00e1gua, em Ilhabela. Segundo a organiza\u00e7\u00e3o, a praia de largada ser\u00e1 definida em congresso t\u00e9cnico [&hellip;]<\/p>\n","protected":false},"author":5,"featured_media":6952,"comment_status":"closed","ping_status":"closed","sticky":false,"template":"","format":"standard","meta":{"_uag_custom_page_level_css":"","_mi_skip_tracking":false,"footnotes":""},"categories":[40,914,7],"tags":[282,357,370,385],"class_list":["post-6951","post","type-post","status-publish","format-standard","has-post-thumbnail","hentry","category-esportes","category-mormaii","category-novidades","tag-home","tag-mormaii-natacao","tag-natacao","tag-travessia-de-ilhabela"],"acf":[],"uagb_featured_image_src":{"full":["https:\/\/www.mormaii.com.br\/site\/wp-content\/uploads\/2017\/11\/mormaii-natacao.jpg",1024,480,false],"thumbnail":["https:\/\/www.mormaii.com.br\/site\/wp-content\/uploads\/2017\/11\/mormaii-natacao-150x150.jpg",150,150,true],"medium":["https:\/\/www.mormaii.com.br\/site\/wp-content\/uploads\/2017\/11\/mormaii-natacao-300x141.jpg",300,141,true],"medium_large":["https:\/\/www.mormaii.com.br\/site\/wp-content\/uploads\/2017\/11\/mormaii-natacao-768x360.jpg",768,360,true],"large":["https:\/\/www.mormaii.com.br\/site\/wp-content\/uploads\/2017\/11\/mormaii-natacao-1024x480.jpg",1024,480,true],"1536x1536":["https:\/\/www.mormaii.com.br\/site\/wp-content\/uploads\/2017\/11\/mormaii-natacao.jpg",1024,480,false],"2048x2048":["https:\/\/www.mormaii.com.br\/site\/wp-content\/uploads\/2017\/11\/mormaii-natacao.jpg",1024,480,false],"qi_addons_for_elementor_image_size_square":["https:\/\/www.mormaii.com.br\/site\/wp-content\/uploads\/2017\/11\/mormaii-natacao.jpg",650,305,false],"qi_addons_for_elementor_image_size_landscape":["https:\/\/www.mormaii.com.br\/site\/wp-content\/uploads\/2017\/11\/mormaii-natacao.jpg",1024,480,false],"qi_addons_for_elementor_image_size_portrait":["https:\/\/www.mormaii.com.br\/site\/wp-content\/uploads\/2017\/11\/mormaii-natacao.jpg",650,305,false],"qi_addons_for_elementor_image_size_huge-square":["https:\/\/www.mormaii.com.br\/site\/wp-content\/uploads\/2017\/11\/mormaii-natacao.jpg",1024,480,false]},"uagb_author_info":{"display_name":"Tissot","author_link":"https:\/\/www.mormaii.com.br\/site\/author\/fabiano\/"},"uagb_comment_info":0,"uagb_excerpt":"O feriado prolongado reserva para o pr\u00f3ximo domingo, dia 5 de novembro, a V Travessia do Canal de Ilhabela. A prova ter\u00e1 largada da praia Porto Grande ou Pontal da Cruz, em S\u00e3o Sebasti\u00e3o (SP), at\u00e9 a praia do Engenho D\u2019\u00e1gua, em Ilhabela. Segundo a organiza\u00e7\u00e3o, a praia de largada ser\u00e1 definida em congresso t\u00e9cnico&hellip;","_links":{"self":[{"href":"https:\/\/www.mormaii.com.br\/site\/wp-json\/wp\/v2\/posts\/6951"}],"collection":[{"href":"https:\/\/www.mormaii.com.br\/site\/wp-json\/wp\/v2\/posts"}],"about":[{"href":"https:\/\/www.mormaii.com.br\/site\/wp-json\/wp\/v2\/types\/post"}],"author":[{"embeddable":true,"href":"https:\/\/www.mormaii.com.br\/site\/wp-json\/wp\/v2\/users\/5"}],"replies":[{"embeddable":true,"href":"https:\/\/www.mormaii.com.br\/site\/wp-json\/wp\/v2\/comments?post=6951"}],"version-history":[{"count":1,"href":"https:\/\/www.mormaii.com.br\/site\/wp-json\/wp\/v2\/posts\/6951\/revisions"}],"predecessor-version":[{"id":6953,"href":"https:\/\/www.mormaii.com.br\/site\/wp-json\/wp\/v2\/posts\/6951\/revisions\/6953"}],"wp:featuredmedia":[{"embeddable":true,"href":"https:\/\/www.mormaii.com.br\/site\/wp-json\/wp\/v2\/media\/6952"}],"wp:attachment":[{"href":"https:\/\/www.mormaii.com.br\/site\/wp-json\/wp\/v2\/media?parent=6951"}],"wp:term":[{"taxonomy":"category","embeddable":true,"href":"https:\/\/www.mormaii.com.br\/site\/wp-json\/wp\/v2\/categories?post=6951"},{"taxonomy":"post_tag","embeddable":true,"href":"https:\/\/www.mormaii.com.br\/site\/wp-json\/wp\/v2\/tags?post=6951"}],"curies":[{"name":"wp","href":"https:\/\/api.w.org\/{rel}","templated":true}]}}