{"id":6960,"date":"2017-11-05T20:13:55","date_gmt":"2017-11-05T22:13:55","guid":{"rendered":"http:\/\/www.mormaii.com.br\/site\/?p=6960"},"modified":"2022-06-10T10:37:17","modified_gmt":"2022-06-10T13:37:17","slug":"dia-classico-no-mormaii-surfuturo-groms","status":"publish","type":"post","link":"https:\/\/www.mormaii.com.br\/site\/dia-classico-no-mormaii-surfuturo-groms\/","title":{"rendered":"Dia Cl\u00e1ssico no Mormaii Surfuturo Groms"},"content":{"rendered":"<div id=\"attachment_6965\" style=\"width: 1615px\" class=\"wp-caption alignnone\"><img loading=\"lazy\" decoding=\"async\" aria-describedby=\"caption-attachment-6965\" class=\"wp-image-6965 size-full\" src=\"http:\/\/www.mormaii.com.br\/site\/wp-content\/uploads\/2017\/11\/mormaii_1.jpg\" alt=\"Luara Mandelli lidera o ranking da categoria\" width=\"1605\" height=\"753\" srcset=\"https:\/\/www.mormaii.com.br\/site\/wp-content\/uploads\/2017\/11\/mormaii_1.jpg 1605w, https:\/\/www.mormaii.com.br\/site\/wp-content\/uploads\/2017\/11\/mormaii_1-600x281.jpg 600w, https:\/\/www.mormaii.com.br\/site\/wp-content\/uploads\/2017\/11\/mormaii_1-300x141.jpg 300w, https:\/\/www.mormaii.com.br\/site\/wp-content\/uploads\/2017\/11\/mormaii_1-768x360.jpg 768w, https:\/\/www.mormaii.com.br\/site\/wp-content\/uploads\/2017\/11\/mormaii_1-1024x480.jpg 1024w\" sizes=\"(max-width: 1605px) 100vw, 1605px\" \/><p id=\"caption-attachment-6965\" class=\"wp-caption-text\">Luara Mandelli lidera o ranking da categoria<\/p><\/div>\n<p>Uma quinta-feira ensolarada marcou mais um evento do Mormaii Surfuturo Groms 2017 no meio do Atalaia, em Itaja\u00ed (SC).<\/p>\n<p>Diferente da abertura, com ondas pesadas e volumosas, esta segunda etapa teve ondas de meio metro na s\u00e9rie, com bons momentos durante o dia.<\/p>\n<p>Foram 62 competidores divididos nas seis categorias disputadas no circuito, reunindo os novos talentos do surf brasileiro, em especial atletas da regi\u00e3o sul do Brasil.<\/p>\n<p>Uma nova gera\u00e7\u00e3o come\u00e7a a ser projetada pela ASPI (Associa\u00e7\u00e3o de Surf das Praias de Itaja\u00ed) em seus eventos.<\/p>\n<p>\u201cMuitos surfistas que iniciaram no Surfuturo Groms est\u00e3o buscando seu espa\u00e7o pelo mundo. Alguns est\u00e3o disputando o QS em Maresias nesta semana por exemplo. Isso nos d\u00e1 a sensa\u00e7\u00e3o de miss\u00e3o cumprida em ver que estamos no caminho certo\u201d, revelou Erivelton Crist\u00f3v\u00e3o, o popular \u201cNeguitcha\u201d, diretor t\u00e9cnico da ASPI .<\/p>\n<p>Uma das surpresas do dia foi a elimina\u00e7\u00e3o prematura do surfista de Barra do Sul(SC) Luiz Mendes, que poderia assumir a lideran\u00e7a do ranking na Mirim.<\/p>\n<p>O campe\u00e3o da etapa foi Heitor Mueller, detentor das duas maiores notas da competi\u00e7\u00e3o (9.07 e 8.83), al\u00e9m da maior m\u00e9dia (17.90 pontos).<\/p>\n<p>O garoto ainda levou de quebra, o premio \u201cBest Wave\u201d(melhor nota) do evento, sendo o principal destaque da prova.<\/p>\n<p>O surfista de S\u00e3o Francisco do Sul (SC) entrou na briga direta pela passagem para o Peru destinada ao campe\u00e3o Mirim. Mueller tamb\u00e9m venceu a categoria Iniciantes, e entrou tamb\u00e9m na disputa o t\u00edtulo da temporada, com Danilo Muniz (Bombinhas) em segundo.<\/p>\n<p>Outro confronto que promete incendiar o circuito nessa reta final \u00e9 a categoria Petiz.<\/p>\n<p>Davi Glazer (Florian\u00f3polis) conquistou sua primeira vit\u00f3ria no Surfuturo, deixando o paranaense Anuar Chiah em segundo.<\/p>\n<p>Ambos est\u00e3o empatados na lideran\u00e7a do ranking, que tem ainda Antonio Vitorino, 3\u00ba na etapa e na pontua\u00e7\u00e3o geral, apenas 300 pontos dos l\u00edderes.<\/p>\n<p>Categoria que fez sua estreia no circuito deste ano, a Feminino Sub-12 teve como vencedora Ana Luiza Rom\u00e3o, de S\u00e3o Francisco do Sul(SC), mas quem lidera \u00e9 a paranaense Luara Mandeli.<\/p>\n<p>A argentina Abril Solis venceu a Feminino Sub-16, que tem Julie Arissa, de Itapo\u00e1(SC), na ponta.<\/p>\n<p>Noah Machado (Barra do Sul) comemorou a vit\u00f3ria na Infantil e tamb\u00e9m chega forte para disputar o t\u00edtulo 2017 do circuito. O l\u00edder \u00e9 Takeshi Oyama (Balne\u00e1rio Cambori\u00fa), que disputou a final, terminando na terceira posi\u00e7\u00e3o.<\/p>\n<p>A 3\u00aa e \u00faltima etapa do Circuito Mormaii Surfuturo Groms 2017 acontece em dezembro, sem data definida at\u00e9 o momento.<\/p>\n<p>A decis\u00e3o da temporada promete ser um dos atrativos nessa reta final em todas as categorias, fechando o d\u00e9cimo ano de Surfuturo Groms em grande estilo.<\/p>\n<div><img loading=\"lazy\" decoding=\"async\" class=\"alignnone size-full wp-image-6962\" src=\"http:\/\/www.mormaii.com.br\/site\/wp-content\/uploads\/2017\/11\/ARTUR-ROMAO-1-mormaii.jpg\" alt=\"\" width=\"2589\" height=\"1213\" srcset=\"https:\/\/www.mormaii.com.br\/site\/wp-content\/uploads\/2017\/11\/ARTUR-ROMAO-1-mormaii.jpg 2589w, https:\/\/www.mormaii.com.br\/site\/wp-content\/uploads\/2017\/11\/ARTUR-ROMAO-1-mormaii-600x281.jpg 600w, https:\/\/www.mormaii.com.br\/site\/wp-content\/uploads\/2017\/11\/ARTUR-ROMAO-1-mormaii-300x141.jpg 300w, https:\/\/www.mormaii.com.br\/site\/wp-content\/uploads\/2017\/11\/ARTUR-ROMAO-1-mormaii-768x360.jpg 768w, https:\/\/www.mormaii.com.br\/site\/wp-content\/uploads\/2017\/11\/ARTUR-ROMAO-1-mormaii-1024x480.jpg 1024w\" sizes=\"(max-width: 2589px) 100vw, 2589px\" \/><\/div>\n<p><strong>Resultados<\/strong><\/p>\n<p>Mirim<br \/>\n1\u00ba-Heitor Mueller (SC)<br \/>\n2\u00ba- Tayrom da Silva (SC)<br \/>\n3\u00ba- Ryan Cordeiro (SC)<br \/>\n4\u00ba- Aderbaian Andrade (SC)<\/p>\n<p>Iniciantes<br \/>\n1\u00ba-Heitor Mueller (SC)<br \/>\n2\u00ba- Danilo Muniz (SC)<br \/>\n3\u00ba- Luiz Mendes (SC)<br \/>\n4\u00ba- Artur Rom\u00e3o (SC)<\/p>\n<p>Infantil<br \/>\n1\u00ba-Noah Machado (SC)<br \/>\n2\u00ba- Lucas Cainan(SC)<br \/>\n3\u00ba- Takeshi Oyama(SC)<br \/>\n4\u00ba- Arthur Zanella (SC)<\/p>\n<p>Petiz<br \/>\n1\u00ba-Davi Glazer (SC)<br \/>\n2\u00ba- Anuar Chiah (SC)<br \/>\n3\u00ba- Antonio Vitorino(SC)<br \/>\n4\u00ba- Lukas Camargo(SC)<\/p>\n<p>Feminino Sub- 16<br \/>\n1\u00aa-Abril Solis (ARG)<br \/>\n2\u00aa- Ana Luiza Rom\u00e3o(SC)<br \/>\n3\u00aa- Julie Arissa(SC)<br \/>\n4\u00aa- Rafaela Werner (SC)<\/p>\n<p>Feminino Sub- 12<br \/>\n1\u00aa-Ana Luiza Rom\u00e3o(SC)<br \/>\n2\u00aa- Gabriely Vasque (PR)<br \/>\n3\u00aa- Luara Mandeli (PR)<br \/>\n4\u00aa- Sofia de Faria (PR)<\/p>\n<div><img loading=\"lazy\" decoding=\"async\" class=\"alignnone size-full wp-image-6961\" src=\"http:\/\/www.mormaii.com.br\/site\/wp-content\/uploads\/2017\/11\/mormaii-DAVI-GLASSER-7.jpg\" alt=\"\" width=\"3468\" height=\"1626\" srcset=\"https:\/\/www.mormaii.com.br\/site\/wp-content\/uploads\/2017\/11\/mormaii-DAVI-GLASSER-7.jpg 3468w, https:\/\/www.mormaii.com.br\/site\/wp-content\/uploads\/2017\/11\/mormaii-DAVI-GLASSER-7-600x281.jpg 600w, https:\/\/www.mormaii.com.br\/site\/wp-content\/uploads\/2017\/11\/mormaii-DAVI-GLASSER-7-300x141.jpg 300w, https:\/\/www.mormaii.com.br\/site\/wp-content\/uploads\/2017\/11\/mormaii-DAVI-GLASSER-7-768x360.jpg 768w, https:\/\/www.mormaii.com.br\/site\/wp-content\/uploads\/2017\/11\/mormaii-DAVI-GLASSER-7-1024x480.jpg 1024w\" sizes=\"(max-width: 3468px) 100vw, 3468px\" \/><\/div>\n<p>Ranking ap\u00f3s a 2\u00aa etapa\u00a0<br \/>\n\u00a0<br \/>\nMirim<br \/>\n1\u00ba-Ryan Cordeiro (SC)\u00a0\u00a01466 pontos.<br \/>\n2\u00ba- Luiz Mendes (SC)\u00a0\u00a01431 pontos<br \/>\n3\u00ba- Heitor Mueller (SC)\u00a0\u00a01387 pontos<br \/>\n4\u00ba- Kainan Meira (PR)\u00a0\u00a01385 pontos<br \/>\n\u00a0<br \/>\nIniciantes<br \/>\n1\u00ba- Luiz Mendes (SC)\u00a0\u00a01810 pontos<br \/>\n2\u00ba- Heitor Mueller (SC)\u00a0\u00a01656 pontos<br \/>\n3\u00ba- Artur Rom\u00e3o (SC)\u00a0\u00a01629 pontos<br \/>\n4\u00ba- Kainan Meira (PR)\u00a0\u00a01341 pontos<br \/>\n\u00a0<br \/>\nInfantil<br \/>\n1\u00ba-Takeshi Oyama (SC)\u00a0\u00a01810 pontos<br \/>\n2\u00ba- Noah Machado(SC)\u00a0\u00a01656 pontos<br \/>\n3\u00ba- Anuar Chiah(PR)\u00a0\u00a01556 pontos<br \/>\n4\u00ba- Antonio Vitorino (SC)\u00a01466 pontos<br \/>\n\u00a0<br \/>\nPetiz<br \/>\n1\u00ba-Anuar Chiah (PR)\u00a0\u00a01900 pontos<br \/>\n1\u00ba- Davi Glazer (SC)\u00a0\u00a01900 pontos<br \/>\n3\u00ba- Antonio Vitorino(SC)\u00a01620 pontos<br \/>\n4\u00ba- Gabriel Ogasahara(SC)\u00a01385 pontos<br \/>\n\u00a0<br \/>\nFeminino Sub- 16<br \/>\n1\u00aa-Julie Arissa (SC)\u00a0\u00a0\u00a01710 pontos<br \/>\n2\u00aa- Abril Solis (ARG)\u00a0\u00a01000 pontos<br \/>\n3\u00aa- Coco Cianciarulo (ARG)\u00a01000 pontos<br \/>\n4\u00aa- Ana Luiza Rom\u00e3o(SC)\u00a0900 pontos<br \/>\n\u00a0<br \/>\nFeminino Sub- 12<br \/>\n1\u00aa-Luara Mandeli (PR)\u00a0\u00a01810 pontos<br \/>\n2\u00aa- Gabriely Vasque (PR)\u00a01800 pontos<br \/>\n3\u00aa- Kiany Hyakutake (SC)\u00a01466 pontos<br \/>\n4\u00aa- Sofia de Faria (PR)\u00a0\u00a01385 pontos<\/p>\n<div><img loading=\"lazy\" decoding=\"async\" class=\"alignnone size-full wp-image-6969\" src=\"http:\/\/www.mormaii.com.br\/site\/wp-content\/uploads\/2017\/11\/mormaii-1.jpg\" alt=\"\" width=\"864\" height=\"405\" srcset=\"https:\/\/www.mormaii.com.br\/site\/wp-content\/uploads\/2017\/11\/mormaii-1.jpg 864w, https:\/\/www.mormaii.com.br\/site\/wp-content\/uploads\/2017\/11\/mormaii-1-600x281.jpg 600w, https:\/\/www.mormaii.com.br\/site\/wp-content\/uploads\/2017\/11\/mormaii-1-300x141.jpg 300w, https:\/\/www.mormaii.com.br\/site\/wp-content\/uploads\/2017\/11\/mormaii-1-768x360.jpg 768w\" sizes=\"(max-width: 864px) 100vw, 864px\" \/><\/div>\n<div>\n<div>[Fotos: Bas\u00edlio Ruy]<\/div>\n","protected":false},"excerpt":{"rendered":"<p>Uma quinta-feira ensolarada marcou mais um evento do Mormaii Surfuturo Groms 2017 no meio do Atalaia, em Itaja\u00ed (SC). Diferente da abertura, com ondas pesadas e volumosas, esta segunda etapa teve ondas de meio metro na s\u00e9rie, com bons momentos durante o dia. Foram 62 competidores divididos nas seis categorias disputadas no circuito, reunindo os [&hellip;]<\/p>\n","protected":false},"author":5,"featured_media":6968,"comment_status":"closed","ping_status":"closed","sticky":false,"template":"","format":"standard","meta":{"_uag_custom_page_level_css":"","_mi_skip_tracking":false,"footnotes":""},"categories":[40,914,7,345],"tags":[282,379,380,253],"class_list":["post-6960","post","type-post","status-publish","format-standard","has-post-thumbnail","hentry","category-esportes","category-mormaii","category-novidades","category-surf","tag-home","tag-itajai","tag-mormaii-surfuturo-groms","tag-surf"],"acf":[],"uagb_featured_image_src":{"full":["https:\/\/www.mormaii.com.br\/site\/wp-content\/uploads\/2017\/11\/mormaii.jpg",864,405,false],"thumbnail":["https:\/\/www.mormaii.com.br\/site\/wp-content\/uploads\/2017\/11\/mormaii-150x150.jpg",150,150,true],"medium":["https:\/\/www.mormaii.com.br\/site\/wp-content\/uploads\/2017\/11\/mormaii-300x141.jpg",300,141,true],"medium_large":["https:\/\/www.mormaii.com.br\/site\/wp-content\/uploads\/2017\/11\/mormaii-768x360.jpg",768,360,true],"large":["https:\/\/www.mormaii.com.br\/site\/wp-content\/uploads\/2017\/11\/mormaii.jpg",864,405,false],"1536x1536":["https:\/\/www.mormaii.com.br\/site\/wp-content\/uploads\/2017\/11\/mormaii.jpg",864,405,false],"2048x2048":["https:\/\/www.mormaii.com.br\/site\/wp-content\/uploads\/2017\/11\/mormaii.jpg",864,405,false],"qi_addons_for_elementor_image_size_square":["https:\/\/www.mormaii.com.br\/site\/wp-content\/uploads\/2017\/11\/mormaii.jpg",650,305,false],"qi_addons_for_elementor_image_size_landscape":["https:\/\/www.mormaii.com.br\/site\/wp-content\/uploads\/2017\/11\/mormaii.jpg",864,405,false],"qi_addons_for_elementor_image_size_portrait":["https:\/\/www.mormaii.com.br\/site\/wp-content\/uploads\/2017\/11\/mormaii.jpg",650,305,false],"qi_addons_for_elementor_image_size_huge-square":["https:\/\/www.mormaii.com.br\/site\/wp-content\/uploads\/2017\/11\/mormaii.jpg",864,405,false]},"uagb_author_info":{"display_name":"Tissot","author_link":"https:\/\/www.mormaii.com.br\/site\/author\/fabiano\/"},"uagb_comment_info":0,"uagb_excerpt":"Uma quinta-feira ensolarada marcou mais um evento do Mormaii Surfuturo Groms 2017 no meio do Atalaia, em Itaja\u00ed (SC). Diferente da abertura, com ondas pesadas e volumosas, esta segunda etapa teve ondas de meio metro na s\u00e9rie, com bons momentos durante o dia. Foram 62 competidores divididos nas seis categorias disputadas no circuito, reunindo os&hellip;","_links":{"self":[{"href":"https:\/\/www.mormaii.com.br\/site\/wp-json\/wp\/v2\/posts\/6960"}],"collection":[{"href":"https:\/\/www.mormaii.com.br\/site\/wp-json\/wp\/v2\/posts"}],"about":[{"href":"https:\/\/www.mormaii.com.br\/site\/wp-json\/wp\/v2\/types\/post"}],"author":[{"embeddable":true,"href":"https:\/\/www.mormaii.com.br\/site\/wp-json\/wp\/v2\/users\/5"}],"replies":[{"embeddable":true,"href":"https:\/\/www.mormaii.com.br\/site\/wp-json\/wp\/v2\/comments?post=6960"}],"version-history":[{"count":5,"href":"https:\/\/www.mormaii.com.br\/site\/wp-json\/wp\/v2\/posts\/6960\/revisions"}],"predecessor-version":[{"id":6971,"href":"https:\/\/www.mormaii.com.br\/site\/wp-json\/wp\/v2\/posts\/6960\/revisions\/6971"}],"wp:featuredmedia":[{"embeddable":true,"href":"https:\/\/www.mormaii.com.br\/site\/wp-json\/wp\/v2\/media\/6968"}],"wp:attachment":[{"href":"https:\/\/www.mormaii.com.br\/site\/wp-json\/wp\/v2\/media?parent=6960"}],"wp:term":[{"taxonomy":"category","embeddable":true,"href":"https:\/\/www.mormaii.com.br\/site\/wp-json\/wp\/v2\/categories?post=6960"},{"taxonomy":"post_tag","embeddable":true,"href":"https:\/\/www.mormaii.com.br\/site\/wp-json\/wp\/v2\/tags?post=6960"}],"curies":[{"name":"wp","href":"https:\/\/api.w.org\/{rel}","templated":true}]}}