{"id":7063,"date":"2017-11-10T06:32:34","date_gmt":"2017-11-10T08:32:34","guid":{"rendered":"http:\/\/www.mormaii.com.br\/site\/?p=7063"},"modified":"2022-06-10T10:19:41","modified_gmt":"2022-06-10T13:19:41","slug":"pato-surfa-nazare-de-foil-tow-e-big-sup","status":"publish","type":"post","link":"https:\/\/www.mormaii.com.br\/site\/pato-surfa-nazare-de-foil-tow-e-big-sup\/","title":{"rendered":"Pato surfa Nazar\u00e9 de Foil, Tow e Big SUP"},"content":{"rendered":"<p>Everaldo Pato Teixeira est\u00e1 sempre criando alguma forma diferente de surfar ondas gigantes.<\/p>\n<p>O big rider est\u00e1 em mais uma temporada nas ondas de Nazar\u00e9 e botou pra baixo no \u00faltimo swell, mas n\u00e3o apenas com sua prancha de surf.<\/p>\n<p>Dessa vez, o catarinense embarcou com os amigos Felipe Cesarano, Pedro Callado, Lucas Chumbinho, Stephan Figueiredo e Kalani Latanzi em uma aventura difrente, o Big SUP.<\/p>\n<p>Com um time desses, nada menos que o recorde mundial de &#8220;maior onda surfada de galera&#8221; poderia estar em jogo!<\/p>\n<p>A WSL abra\u00e7ou a causa e divulgou a brincadeira.<\/p>\n<p>&nbsp;<br \/>\n<iframe loading=\"lazy\" src=\"https:\/\/www.facebook.com\/plugins\/video.php?href=https%3A%2F%2Fwww.facebook.com%2Feveraldopatoteixeira%2Fvideos%2F1970925163121436%2F&#038;show_text=0&#038;width=476\" width=\"700\" height=\"700\" style=\"border:none;overflow:hidden\" scrolling=\"no\" frameborder=\"0\" allowTransparency=\"true\" allowFullScreen=\"true\"><\/iframe><\/p>\n<div id=\"attachment_7070\" style=\"width: 970px\" class=\"wp-caption alignnone\"><img loading=\"lazy\" decoding=\"async\" aria-describedby=\"caption-attachment-7070\" src=\"http:\/\/www.mormaii.com.br\/site\/wp-content\/uploads\/2017\/11\/nazare-mormaii-2.jpg\" alt=\"Surf de gente grande | Foto: Nazare Big Wave Surfing \/ Mauro Correia \" width=\"960\" height=\"640\" class=\"size-full wp-image-7070\" srcset=\"https:\/\/www.mormaii.com.br\/site\/wp-content\/uploads\/2017\/11\/nazare-mormaii-2.jpg 960w, https:\/\/www.mormaii.com.br\/site\/wp-content\/uploads\/2017\/11\/nazare-mormaii-2-600x400.jpg 600w, https:\/\/www.mormaii.com.br\/site\/wp-content\/uploads\/2017\/11\/nazare-mormaii-2-300x200.jpg 300w, https:\/\/www.mormaii.com.br\/site\/wp-content\/uploads\/2017\/11\/nazare-mormaii-2-768x512.jpg 768w\" sizes=\"(max-width: 960px) 100vw, 960px\" \/><p id=\"caption-attachment-7070\" class=\"wp-caption-text\">Surf de gente grande | Foto: Nazare Big Wave Surfing \/ Mauro Correia<\/p><\/div>\n<p>Al\u00e9m de tudo, Pato ainda encarou  as ondas gigantes de Portugal com seu foil board, se tornando o primeiro a surfar na Praia do Norte com a nova modalidade.<\/p>\n<p>&#8220;Depois de muitos desafios em Nazar\u00e9, ainda consegui tempo pra mais esse. Primeira onda surfada de Foil em Nazar\u00e9&#8221;, declara.<\/p>\n<div id=\"attachment_7071\" style=\"width: 1010px\" class=\"wp-caption alignnone\"><img loading=\"lazy\" decoding=\"async\" aria-describedby=\"caption-attachment-7071\" src=\"http:\/\/www.mormaii.com.br\/site\/wp-content\/uploads\/2017\/11\/nazare-mormaii-3.jpg\" alt=\"Psico Foil Surf | Foto: Praia do Norte\" width=\"1000\" height=\"667\" class=\"size-full wp-image-7071\" srcset=\"https:\/\/www.mormaii.com.br\/site\/wp-content\/uploads\/2017\/11\/nazare-mormaii-3.jpg 1000w, https:\/\/www.mormaii.com.br\/site\/wp-content\/uploads\/2017\/11\/nazare-mormaii-3-600x400.jpg 600w, https:\/\/www.mormaii.com.br\/site\/wp-content\/uploads\/2017\/11\/nazare-mormaii-3-300x200.jpg 300w, https:\/\/www.mormaii.com.br\/site\/wp-content\/uploads\/2017\/11\/nazare-mormaii-3-768x512.jpg 768w\" sizes=\"(max-width: 1000px) 100vw, 1000px\" \/><p id=\"caption-attachment-7071\" class=\"wp-caption-text\">Psico Foil Surf | Foto: Praia do Norte<\/p><\/div>\n<p>Para mais novidades e conte\u00fados sobre Everaldo Pato em Portugal, fique ligado no site da Mormaii.<\/p>\n","protected":false},"excerpt":{"rendered":"<p>Everaldo Pato Teixeira est\u00e1 sempre criando alguma forma diferente de surfar ondas gigantes. O big rider est\u00e1 em mais uma temporada nas ondas de Nazar\u00e9 e botou pra baixo no \u00faltimo swell, mas n\u00e3o apenas com sua prancha de surf. Dessa vez, o catarinense embarcou com os amigos Felipe Cesarano, Pedro Callado, Lucas Chumbinho, Stephan [&hellip;]<\/p>\n","protected":false},"author":5,"featured_media":7070,"comment_status":"closed","ping_status":"closed","sticky":false,"template":"","format":"standard","meta":{"_uag_custom_page_level_css":"","_mi_skip_tracking":false,"footnotes":""},"categories":[40,914,7,345],"tags":[396,394,393,395,282,334,313,335,253,314],"class_list":["post-7063","post","type-post","status-publish","format-standard","has-post-thumbnail","hentry","category-esportes","category-mormaii","category-novidades","category-surf","tag-big-sup","tag-big-waves","tag-everaldo-pato-teixeira","tag-foil-surf","tag-home","tag-nazare","tag-ondas-gigantes","tag-portugal","tag-surf","tag-tow-in"],"acf":[],"uagb_featured_image_src":{"full":["https:\/\/www.mormaii.com.br\/site\/wp-content\/uploads\/2017\/11\/nazare-mormaii-2.jpg",960,640,false],"thumbnail":["https:\/\/www.mormaii.com.br\/site\/wp-content\/uploads\/2017\/11\/nazare-mormaii-2-150x150.jpg",150,150,true],"medium":["https:\/\/www.mormaii.com.br\/site\/wp-content\/uploads\/2017\/11\/nazare-mormaii-2-300x200.jpg",300,200,true],"medium_large":["https:\/\/www.mormaii.com.br\/site\/wp-content\/uploads\/2017\/11\/nazare-mormaii-2-768x512.jpg",768,512,true],"large":["https:\/\/www.mormaii.com.br\/site\/wp-content\/uploads\/2017\/11\/nazare-mormaii-2.jpg",960,640,false],"1536x1536":["https:\/\/www.mormaii.com.br\/site\/wp-content\/uploads\/2017\/11\/nazare-mormaii-2.jpg",960,640,false],"2048x2048":["https:\/\/www.mormaii.com.br\/site\/wp-content\/uploads\/2017\/11\/nazare-mormaii-2.jpg",960,640,false],"qi_addons_for_elementor_image_size_square":["https:\/\/www.mormaii.com.br\/site\/wp-content\/uploads\/2017\/11\/nazare-mormaii-2.jpg",650,433,false],"qi_addons_for_elementor_image_size_landscape":["https:\/\/www.mormaii.com.br\/site\/wp-content\/uploads\/2017\/11\/nazare-mormaii-2.jpg",960,640,false],"qi_addons_for_elementor_image_size_portrait":["https:\/\/www.mormaii.com.br\/site\/wp-content\/uploads\/2017\/11\/nazare-mormaii-2.jpg",650,433,false],"qi_addons_for_elementor_image_size_huge-square":["https:\/\/www.mormaii.com.br\/site\/wp-content\/uploads\/2017\/11\/nazare-mormaii-2.jpg",960,640,false]},"uagb_author_info":{"display_name":"Tissot","author_link":"https:\/\/www.mormaii.com.br\/site\/author\/fabiano\/"},"uagb_comment_info":0,"uagb_excerpt":"Everaldo Pato Teixeira est\u00e1 sempre criando alguma forma diferente de surfar ondas gigantes. O big rider est\u00e1 em mais uma temporada nas ondas de Nazar\u00e9 e botou pra baixo no \u00faltimo swell, mas n\u00e3o apenas com sua prancha de surf. Dessa vez, o catarinense embarcou com os amigos Felipe Cesarano, Pedro Callado, Lucas Chumbinho, Stephan&hellip;","_links":{"self":[{"href":"https:\/\/www.mormaii.com.br\/site\/wp-json\/wp\/v2\/posts\/7063"}],"collection":[{"href":"https:\/\/www.mormaii.com.br\/site\/wp-json\/wp\/v2\/posts"}],"about":[{"href":"https:\/\/www.mormaii.com.br\/site\/wp-json\/wp\/v2\/types\/post"}],"author":[{"embeddable":true,"href":"https:\/\/www.mormaii.com.br\/site\/wp-json\/wp\/v2\/users\/5"}],"replies":[{"embeddable":true,"href":"https:\/\/www.mormaii.com.br\/site\/wp-json\/wp\/v2\/comments?post=7063"}],"version-history":[{"count":9,"href":"https:\/\/www.mormaii.com.br\/site\/wp-json\/wp\/v2\/posts\/7063\/revisions"}],"predecessor-version":[{"id":7074,"href":"https:\/\/www.mormaii.com.br\/site\/wp-json\/wp\/v2\/posts\/7063\/revisions\/7074"}],"wp:featuredmedia":[{"embeddable":true,"href":"https:\/\/www.mormaii.com.br\/site\/wp-json\/wp\/v2\/media\/7070"}],"wp:attachment":[{"href":"https:\/\/www.mormaii.com.br\/site\/wp-json\/wp\/v2\/media?parent=7063"}],"wp:term":[{"taxonomy":"category","embeddable":true,"href":"https:\/\/www.mormaii.com.br\/site\/wp-json\/wp\/v2\/categories?post=7063"},{"taxonomy":"post_tag","embeddable":true,"href":"https:\/\/www.mormaii.com.br\/site\/wp-json\/wp\/v2\/tags?post=7063"}],"curies":[{"name":"wp","href":"https:\/\/api.w.org\/{rel}","templated":true}]}}