{"id":7134,"date":"2017-11-18T00:22:41","date_gmt":"2017-11-18T02:22:41","guid":{"rendered":"http:\/\/www.mormaii.com.br\/site\/?p=7134"},"modified":"2022-06-10T10:35:53","modified_gmt":"2022-06-10T13:35:53","slug":"especial-aniversario-carlos-burle","status":"publish","type":"post","link":"https:\/\/www.mormaii.com.br\/site\/especial-aniversario-carlos-burle\/","title":{"rendered":"Especial anivers\u00e1rio Carlos Burle"},"content":{"rendered":"<p><img loading=\"lazy\" decoding=\"async\" src=\"http:\/\/www.mormaii.com.br\/site\/wp-content\/uploads\/2017\/11\/burle-mormaii.jpg\" alt=\"\" width=\"1200\" height=\"800\" class=\"alignnone size-full wp-image-7135\" srcset=\"https:\/\/www.mormaii.com.br\/site\/wp-content\/uploads\/2017\/11\/burle-mormaii.jpg 1200w, https:\/\/www.mormaii.com.br\/site\/wp-content\/uploads\/2017\/11\/burle-mormaii-600x400.jpg 600w, https:\/\/www.mormaii.com.br\/site\/wp-content\/uploads\/2017\/11\/burle-mormaii-300x200.jpg 300w, https:\/\/www.mormaii.com.br\/site\/wp-content\/uploads\/2017\/11\/burle-mormaii-768x512.jpg 768w, https:\/\/www.mormaii.com.br\/site\/wp-content\/uploads\/2017\/11\/burle-mormaii-1024x683.jpg 1024w, https:\/\/www.mormaii.com.br\/site\/wp-content\/uploads\/2017\/11\/burle-mormaii-1170x780.jpg 1170w\" sizes=\"(max-width: 1200px) 100vw, 1200px\" \/><\/p>\n<p>Carlos Burle nasceu no dia 9 de Novembro de 1967, em Recife, e completou 50 anos de muita adrenalia e supera\u00e7\u00e3o na \u00faltima semana. <\/p>\n<p>Vale ressaltar que o pernambucano \u00e9 bicampe\u00e3o mundial de ondas gigantes.<\/p>\n<p>O primeiro t\u00edtulo veio em 1998, em um evento da ISA, realizado na Isla Todos os Santos, M\u00e9xico. <\/p>\n<p>Mas Burle chamou de vez a aten\u00e7\u00e3o do mundo em novembro de 2001, em Mavericks, na Calif\u00f3rnia, quando surfou a maior onda j\u00e1 registrada at\u00e9 ent\u00e3o, com 68 p\u00e9s (cerca de 22 metros). <\/p>\n<p>Depois, em 2009, mais um feito hist\u00f3rico para o brasileiro, ao sagrar-se o primeiro campe\u00e3o mundial do BWT, Circuito Mundial de Ondas Gigantes, onde fez final em todas as etapas.<\/p>\n<p>A seguir, voc\u00ea assiste um v\u00eddeo irado feito pelo Canal Woohoo em homenagem ao big rider. Curte a\u00ed!<\/p>\n<p><iframe loading=\"lazy\" width=\"960\" height=\"450\" src=\"https:\/\/www.youtube.com\/embed\/VJ-JTFo963c?rel=0&amp;controls=0&amp;showinfo=0\" frameborder=\"0\" allowfullscreen><\/iframe><\/p>\n<p>[Foto: Divulga\u00e7\u00e3o WSL]<\/p>\n","protected":false},"excerpt":{"rendered":"<p>Carlos Burle nasceu no dia 9 de Novembro de 1967, em Recife, e completou 50 anos de muita adrenalia e supera\u00e7\u00e3o na \u00faltima semana. Vale ressaltar que o pernambucano \u00e9 bicampe\u00e3o mundial de ondas gigantes. O primeiro t\u00edtulo veio em 1998, em um evento da ISA, realizado na Isla Todos os Santos, M\u00e9xico. Mas Burle [&hellip;]<\/p>\n","protected":false},"author":5,"featured_media":7135,"comment_status":"closed","ping_status":"closed","sticky":false,"template":"","format":"standard","meta":{"_uag_custom_page_level_css":"","_mi_skip_tracking":false,"footnotes":""},"categories":[40,914,7,345],"tags":[394,412,311,282,383,313,312,253],"class_list":["post-7134","post","type-post","status-publish","format-standard","has-post-thumbnail","hentry","category-esportes","category-mormaii","category-novidades","category-surf","tag-big-waves","tag-burle","tag-carlos-burle","tag-home","tag-livro","tag-ondas-gigantes","tag-ondas-grandes","tag-surf"],"acf":[],"uagb_featured_image_src":{"full":["https:\/\/www.mormaii.com.br\/site\/wp-content\/uploads\/2017\/11\/burle-mormaii.jpg",1200,800,false],"thumbnail":["https:\/\/www.mormaii.com.br\/site\/wp-content\/uploads\/2017\/11\/burle-mormaii-150x150.jpg",150,150,true],"medium":["https:\/\/www.mormaii.com.br\/site\/wp-content\/uploads\/2017\/11\/burle-mormaii-300x200.jpg",300,200,true],"medium_large":["https:\/\/www.mormaii.com.br\/site\/wp-content\/uploads\/2017\/11\/burle-mormaii-768x512.jpg",768,512,true],"large":["https:\/\/www.mormaii.com.br\/site\/wp-content\/uploads\/2017\/11\/burle-mormaii-1024x683.jpg",1024,683,true],"1536x1536":["https:\/\/www.mormaii.com.br\/site\/wp-content\/uploads\/2017\/11\/burle-mormaii.jpg",1200,800,false],"2048x2048":["https:\/\/www.mormaii.com.br\/site\/wp-content\/uploads\/2017\/11\/burle-mormaii.jpg",1200,800,false],"qi_addons_for_elementor_image_size_square":["https:\/\/www.mormaii.com.br\/site\/wp-content\/uploads\/2017\/11\/burle-mormaii.jpg",650,433,false],"qi_addons_for_elementor_image_size_landscape":["https:\/\/www.mormaii.com.br\/site\/wp-content\/uploads\/2017\/11\/burle-mormaii.jpg",975,650,false],"qi_addons_for_elementor_image_size_portrait":["https:\/\/www.mormaii.com.br\/site\/wp-content\/uploads\/2017\/11\/burle-mormaii.jpg",650,433,false],"qi_addons_for_elementor_image_size_huge-square":["https:\/\/www.mormaii.com.br\/site\/wp-content\/uploads\/2017\/11\/burle-mormaii.jpg",1200,800,false]},"uagb_author_info":{"display_name":"Tissot","author_link":"https:\/\/www.mormaii.com.br\/site\/author\/fabiano\/"},"uagb_comment_info":0,"uagb_excerpt":"Carlos Burle nasceu no dia 9 de Novembro de 1967, em Recife, e completou 50 anos de muita adrenalia e supera\u00e7\u00e3o na \u00faltima semana. Vale ressaltar que o pernambucano \u00e9 bicampe\u00e3o mundial de ondas gigantes. O primeiro t\u00edtulo veio em 1998, em um evento da ISA, realizado na Isla Todos os Santos, M\u00e9xico. Mas Burle&hellip;","_links":{"self":[{"href":"https:\/\/www.mormaii.com.br\/site\/wp-json\/wp\/v2\/posts\/7134"}],"collection":[{"href":"https:\/\/www.mormaii.com.br\/site\/wp-json\/wp\/v2\/posts"}],"about":[{"href":"https:\/\/www.mormaii.com.br\/site\/wp-json\/wp\/v2\/types\/post"}],"author":[{"embeddable":true,"href":"https:\/\/www.mormaii.com.br\/site\/wp-json\/wp\/v2\/users\/5"}],"replies":[{"embeddable":true,"href":"https:\/\/www.mormaii.com.br\/site\/wp-json\/wp\/v2\/comments?post=7134"}],"version-history":[{"count":5,"href":"https:\/\/www.mormaii.com.br\/site\/wp-json\/wp\/v2\/posts\/7134\/revisions"}],"predecessor-version":[{"id":7140,"href":"https:\/\/www.mormaii.com.br\/site\/wp-json\/wp\/v2\/posts\/7134\/revisions\/7140"}],"wp:featuredmedia":[{"embeddable":true,"href":"https:\/\/www.mormaii.com.br\/site\/wp-json\/wp\/v2\/media\/7135"}],"wp:attachment":[{"href":"https:\/\/www.mormaii.com.br\/site\/wp-json\/wp\/v2\/media?parent=7134"}],"wp:term":[{"taxonomy":"category","embeddable":true,"href":"https:\/\/www.mormaii.com.br\/site\/wp-json\/wp\/v2\/categories?post=7134"},{"taxonomy":"post_tag","embeddable":true,"href":"https:\/\/www.mormaii.com.br\/site\/wp-json\/wp\/v2\/tags?post=7134"}],"curies":[{"name":"wp","href":"https:\/\/api.w.org\/{rel}","templated":true}]}}