{"id":7216,"date":"2017-11-22T09:13:27","date_gmt":"2017-11-22T11:13:27","guid":{"rendered":"http:\/\/www.mormaii.com.br\/site\/?p=7216"},"modified":"2022-06-10T10:16:04","modified_gmt":"2022-06-10T13:16:04","slug":"taina-hinckel-e-campea-brasileira-de-surf-em-duas-categorias","status":"publish","type":"post","link":"https:\/\/www.mormaii.com.br\/site\/taina-hinckel-e-campea-brasileira-de-surf-em-duas-categorias\/","title":{"rendered":"Tain\u00e1 Hinckel \u00e9 campe\u00e3 brasileira de surf"},"content":{"rendered":"<p><img loading=\"lazy\" decoding=\"async\" class=\"alignnone size-full wp-image-7217\" src=\"http:\/\/www.mormaii.com.br\/site\/wp-content\/uploads\/2017\/11\/taina-mormaii.jpg\" alt=\"\" width=\"965\" height=\"452\" srcset=\"https:\/\/www.mormaii.com.br\/site\/wp-content\/uploads\/2017\/11\/taina-mormaii.jpg 965w, https:\/\/www.mormaii.com.br\/site\/wp-content\/uploads\/2017\/11\/taina-mormaii-600x281.jpg 600w, https:\/\/www.mormaii.com.br\/site\/wp-content\/uploads\/2017\/11\/taina-mormaii-300x141.jpg 300w, https:\/\/www.mormaii.com.br\/site\/wp-content\/uploads\/2017\/11\/taina-mormaii-768x360.jpg 768w\" sizes=\"(max-width: 965px) 100vw, 965px\" \/><\/p>\n<p>Ap\u00f3s disputar as tr\u00eas etapas do CBSurf Tour 2017, e liderar todo o circuito, a Sele\u00e7\u00e3o Catarinense Fecasurf foi declarada Campe\u00e3o Brasileira 2017.<\/p>\n<p>Tain\u00e1 Hinckel, que acabou de retornar da Calif\u00f3rnia, onde treinou nas ondas perfeitas de Trestles, teve participa\u00e7\u00e3o important\u00edssima nessa conquista, ao ser campe\u00e3 em duas categorias, Sub18 e Sub16 Feminino.<\/p>\n<p>&#8220;Foi o resultado de muito trabalho, empenho, acreditando sempre no potencial do surf catarinense que sempre foi uma referencia em termos de organiza\u00e7\u00e3o e um celeiro de grandes atletas em todo o Brasil, por isso agora o titulo de Penta Campe\u00e3o Brasileiro&#8221;, declara\u00a0o Presidente da Federa\u00e7\u00e3o Catarinense de Surf, Reiginaldo Ferreira.<\/p>\n<p>Para levar toda a Sele\u00e7\u00e3o Catarinense nas tr\u00eas etapas &#8211; duas no Nordeste e uma em S\u00e3o Paulo -, Reiginaldo contou com o apoio incondicional do t\u00e9cnico e pe\u00e7a chave da equipe, Balu Schroeder, al\u00e9m da confian\u00e7a dos pais dos atletas para que o resultado acontecesse.<\/p>\n<p>&#8220;Foi um ano de muita dificuldade mas valeu muito o sacrif\u00edcio. Parab\u00e9ns a nossos atletas e ao Balu meu grande t\u00e9cnico&#8221;.<\/p>\n<p>O desempenho da equipe Fecasurf no CBSurf Tour deste ano, fez com que Balu recebesse o convite da CBS para ser o t\u00e9cnico da Sele\u00e7\u00e3o Brasileira no Mundial J\u00fanior em outubro no Jap\u00e3o, evento que foi assistido pelos membros do Comit\u00ea Ol\u00edmpico Internacional, visando a inclus\u00e3o do surfe nas Olimp\u00edadas do Jap\u00e3o, em 2020.<\/p>\n<div id=\"attachment_7222\" style=\"width: 1210px\" class=\"wp-caption alignnone\"><img loading=\"lazy\" decoding=\"async\" aria-describedby=\"caption-attachment-7222\" class=\"size-full wp-image-7222\" src=\"http:\/\/www.mormaii.com.br\/site\/wp-content\/uploads\/2017\/11\/taina-mormaii-2.jpg\" alt=\"\" width=\"1200\" height=\"562\" srcset=\"https:\/\/www.mormaii.com.br\/site\/wp-content\/uploads\/2017\/11\/taina-mormaii-2.jpg 1200w, https:\/\/www.mormaii.com.br\/site\/wp-content\/uploads\/2017\/11\/taina-mormaii-2-600x281.jpg 600w, https:\/\/www.mormaii.com.br\/site\/wp-content\/uploads\/2017\/11\/taina-mormaii-2-300x141.jpg 300w, https:\/\/www.mormaii.com.br\/site\/wp-content\/uploads\/2017\/11\/taina-mormaii-2-768x360.jpg 768w, https:\/\/www.mormaii.com.br\/site\/wp-content\/uploads\/2017\/11\/taina-mormaii-2-1024x480.jpg 1024w\" sizes=\"(max-width: 1200px) 100vw, 1200px\" \/><p id=\"caption-attachment-7222\" class=\"wp-caption-text\">Tain\u00e1 representando | Foto: James Thisted<\/p><\/div>\n<p><strong>Resultados completos do CBSurf Tour e Campe\u00f5es Brasileiros Amador 2017<\/strong><\/p>\n<p><strong>Sub 18 Feminina<\/strong><br \/>\nCampe\u00e3: Tain\u00e1 Hinckel SC<br \/>\nVice: Carol Bonelli RJ<br \/>\n3\u00ba Leticia Cavalcante CE<br \/>\n4\u00ba Luara Thompson RJ<\/p>\n<p><strong>Sub 16 Feminina<\/strong><br \/>\nCampe\u00e3: Tain\u00e1 Hinckel SC<br \/>\nVice: Carol Bonelli RJ<br \/>\n3\u00ba J\u00falia Duarte RJ<br \/>\n4\u00ba Lanai Henrique SC<\/p>\n<p><strong>Sub 18 Masculino<\/strong><br \/>\nCampe\u00e3o: Lucas Vicente SC<br \/>\nVice: Mathias Ramos CE<br \/>\n3\u00ba Eduardo Motta SP<br \/>\n4\u00ba Daivyson Santos PE<\/p>\n<p><strong>Sub 16 Masculino<\/strong><br \/>\nCampe\u00e3o: Daniel Templar RJ<br \/>\nVice: Matheus Sena RN<br \/>\n3\u00ba Lucas Vicente SC<br \/>\n4\u00ba Daniel Adisaka SP<\/p>\n<p><strong>Sub 14\u00a0Masculino<\/strong><br \/>\nCampe\u00e3o: Lu\u00eds Mendes SC<br \/>\nVice: Diego Aguiar SP<br \/>\n3\u00ba Rodrigo Saldanha SP<br \/>\n4\u00ba Renan Rodrigues SP<\/p>\n<p><strong>Sele\u00e7\u00f5es<\/strong><\/p>\n<p>Campe\u00e3: Santa Catarina<br \/>\nVice: S\u00e3o Paulo<br \/>\n3\u00ba Rio de Janeiro<br \/>\n4\u00ba Cear\u00e1<br \/>\n5\u00ba Rio Grande do Norte<br \/>\n6\u00ba Pernambuco<br \/>\n7\u00ba Para\u00edba<br \/>\n8\u00ba Alagoas<br \/>\n9\u00ba Bahia<br \/>\n10\u00ba Par\u00e1<br \/>\n11\u00ba Maranh\u00e3o<\/p>\n<p>[Foto: CBS\/Cleiton Nunes]<\/p>\n","protected":false},"excerpt":{"rendered":"<p>Ap\u00f3s disputar as tr\u00eas etapas do CBSurf Tour 2017, e liderar todo o circuito, a Sele\u00e7\u00e3o Catarinense Fecasurf foi declarada Campe\u00e3o Brasileira 2017. Tain\u00e1 Hinckel, que acabou de retornar da Calif\u00f3rnia, onde treinou nas ondas perfeitas de Trestles, teve participa\u00e7\u00e3o important\u00edssima nessa conquista, ao ser campe\u00e3 em duas categorias, Sub18 e Sub16 Feminino. &#8220;Foi o [&hellip;]<\/p>\n","protected":false},"author":5,"featured_media":7217,"comment_status":"closed","ping_status":"closed","sticky":false,"template":"","format":"standard","meta":{"_uag_custom_page_level_css":"","_mi_skip_tracking":false,"footnotes":""},"categories":[40,914,7,345],"tags":[425,427,426,282,29,253,315],"class_list":["post-7216","post","type-post","status-publish","format-standard","has-post-thumbnail","hentry","category-esportes","category-mormaii","category-novidades","category-surf","tag-cbs","tag-cbstour","tag-fecasurf","tag-home","tag-mormaii","tag-surf","tag-taina-hinckel"],"acf":[],"uagb_featured_image_src":{"full":["https:\/\/www.mormaii.com.br\/site\/wp-content\/uploads\/2017\/11\/taina-mormaii.jpg",965,452,false],"thumbnail":["https:\/\/www.mormaii.com.br\/site\/wp-content\/uploads\/2017\/11\/taina-mormaii-150x150.jpg",150,150,true],"medium":["https:\/\/www.mormaii.com.br\/site\/wp-content\/uploads\/2017\/11\/taina-mormaii-300x141.jpg",300,141,true],"medium_large":["https:\/\/www.mormaii.com.br\/site\/wp-content\/uploads\/2017\/11\/taina-mormaii-768x360.jpg",768,360,true],"large":["https:\/\/www.mormaii.com.br\/site\/wp-content\/uploads\/2017\/11\/taina-mormaii.jpg",965,452,false],"1536x1536":["https:\/\/www.mormaii.com.br\/site\/wp-content\/uploads\/2017\/11\/taina-mormaii.jpg",965,452,false],"2048x2048":["https:\/\/www.mormaii.com.br\/site\/wp-content\/uploads\/2017\/11\/taina-mormaii.jpg",965,452,false],"qi_addons_for_elementor_image_size_square":["https:\/\/www.mormaii.com.br\/site\/wp-content\/uploads\/2017\/11\/taina-mormaii.jpg",650,304,false],"qi_addons_for_elementor_image_size_landscape":["https:\/\/www.mormaii.com.br\/site\/wp-content\/uploads\/2017\/11\/taina-mormaii.jpg",965,452,false],"qi_addons_for_elementor_image_size_portrait":["https:\/\/www.mormaii.com.br\/site\/wp-content\/uploads\/2017\/11\/taina-mormaii.jpg",650,304,false],"qi_addons_for_elementor_image_size_huge-square":["https:\/\/www.mormaii.com.br\/site\/wp-content\/uploads\/2017\/11\/taina-mormaii.jpg",965,452,false]},"uagb_author_info":{"display_name":"Tissot","author_link":"https:\/\/www.mormaii.com.br\/site\/author\/fabiano\/"},"uagb_comment_info":0,"uagb_excerpt":"Ap\u00f3s disputar as tr\u00eas etapas do CBSurf Tour 2017, e liderar todo o circuito, a Sele\u00e7\u00e3o Catarinense Fecasurf foi declarada Campe\u00e3o Brasileira 2017. Tain\u00e1 Hinckel, que acabou de retornar da Calif\u00f3rnia, onde treinou nas ondas perfeitas de Trestles, teve participa\u00e7\u00e3o important\u00edssima nessa conquista, ao ser campe\u00e3 em duas categorias, Sub18 e Sub16 Feminino. &#8220;Foi o&hellip;","_links":{"self":[{"href":"https:\/\/www.mormaii.com.br\/site\/wp-json\/wp\/v2\/posts\/7216"}],"collection":[{"href":"https:\/\/www.mormaii.com.br\/site\/wp-json\/wp\/v2\/posts"}],"about":[{"href":"https:\/\/www.mormaii.com.br\/site\/wp-json\/wp\/v2\/types\/post"}],"author":[{"embeddable":true,"href":"https:\/\/www.mormaii.com.br\/site\/wp-json\/wp\/v2\/users\/5"}],"replies":[{"embeddable":true,"href":"https:\/\/www.mormaii.com.br\/site\/wp-json\/wp\/v2\/comments?post=7216"}],"version-history":[{"count":5,"href":"https:\/\/www.mormaii.com.br\/site\/wp-json\/wp\/v2\/posts\/7216\/revisions"}],"predecessor-version":[{"id":7223,"href":"https:\/\/www.mormaii.com.br\/site\/wp-json\/wp\/v2\/posts\/7216\/revisions\/7223"}],"wp:featuredmedia":[{"embeddable":true,"href":"https:\/\/www.mormaii.com.br\/site\/wp-json\/wp\/v2\/media\/7217"}],"wp:attachment":[{"href":"https:\/\/www.mormaii.com.br\/site\/wp-json\/wp\/v2\/media?parent=7216"}],"wp:term":[{"taxonomy":"category","embeddable":true,"href":"https:\/\/www.mormaii.com.br\/site\/wp-json\/wp\/v2\/categories?post=7216"},{"taxonomy":"post_tag","embeddable":true,"href":"https:\/\/www.mormaii.com.br\/site\/wp-json\/wp\/v2\/tags?post=7216"}],"curies":[{"name":"wp","href":"https:\/\/api.w.org\/{rel}","templated":true}]}}