{"id":7314,"date":"2017-12-04T00:03:16","date_gmt":"2017-12-04T02:03:16","guid":{"rendered":"http:\/\/www.mormaii.com.br\/site\/?p=7314"},"modified":"2022-06-10T10:23:19","modified_gmt":"2022-06-10T13:23:19","slug":"mormaii-big-wave-vem-com-tudo-em-2018","status":"publish","type":"post","link":"https:\/\/www.mormaii.com.br\/site\/mormaii-big-wave-vem-com-tudo-em-2018\/","title":{"rendered":"Mormaii Big Wave vem com tudo em 2018"},"content":{"rendered":"<div id=\"attachment_7315\" style=\"width: 1210px\" class=\"wp-caption alignnone\"><img loading=\"lazy\" decoding=\"async\" aria-describedby=\"caption-attachment-7315\" class=\"wp-image-7315 size-full\" src=\"http:\/\/www.mormaii.com.br\/site\/wp-content\/uploads\/2017\/12\/110817CARDOSOfiaJAMESTHISTED045.jpg\" alt=\"F\u00e1bio Gouveia botando pra baixo no Cardoso | Foto: James Thisted\" width=\"1200\" height=\"800\" srcset=\"https:\/\/www.mormaii.com.br\/site\/wp-content\/uploads\/2017\/12\/110817CARDOSOfiaJAMESTHISTED045.jpg 1200w, https:\/\/www.mormaii.com.br\/site\/wp-content\/uploads\/2017\/12\/110817CARDOSOfiaJAMESTHISTED045-600x400.jpg 600w, https:\/\/www.mormaii.com.br\/site\/wp-content\/uploads\/2017\/12\/110817CARDOSOfiaJAMESTHISTED045-300x200.jpg 300w, https:\/\/www.mormaii.com.br\/site\/wp-content\/uploads\/2017\/12\/110817CARDOSOfiaJAMESTHISTED045-768x512.jpg 768w, https:\/\/www.mormaii.com.br\/site\/wp-content\/uploads\/2017\/12\/110817CARDOSOfiaJAMESTHISTED045-1024x683.jpg 1024w, https:\/\/www.mormaii.com.br\/site\/wp-content\/uploads\/2017\/12\/110817CARDOSOfiaJAMESTHISTED045-1170x780.jpg 1170w\" sizes=\"(max-width: 1200px) 100vw, 1200px\" \/><p id=\"caption-attachment-7315\" class=\"wp-caption-text\">F\u00e1bio Gouveia botando pra baixo no Cardoso | Foto: James Thisted<\/p><\/div>\n<p>No dia 30 de novembro, na \u00faltima quinta-feira, foi encerrada a janela de espera do Mormaii Big Wave, evento de ondas grandes na remada que possui como palco a Praia do Cardoso, Farol de Santa Marta, munic\u00edpio de Laguna (SC).<span id=\"more-6625\"><\/span><\/p>\n<p>A excelente not\u00edcia \u00e9 que o Governo do Estado de Santa Catarina, juntamente com a Mormaii, confirmaram o novo per\u00edodo de espera para 2018, o qual, dessa vez, ocorrer\u00e1 no in\u00edcio do outono, aumentando as possibilidades de realiza\u00e7\u00e3o da prova.<\/p>\n<p><strong>Como funciona a janela de espera<\/strong><\/p>\n<p>Como qualquer campeonato de ondas grandes ao redor do mundo, determina-se um per\u00edodo de tempo, normalmente entre 4 e 9 meses, no qual a organiza\u00e7\u00e3o, de acordo com as previs\u00f5es dos gr\u00e1fico de internet, determinar\u00e1 um dia espec\u00edfico para a realiza\u00e7\u00e3o da disputa.<\/p>\n<p>Um tamanho m\u00ednimo de onda \u00e9 exigido para que seja feita a convoca\u00e7\u00e3o dos atletas, o que no caso do Mormaii Big Wave \u00e9 de 3 metros de swell, com 13 segundos de per\u00edodo e dire\u00e7\u00e3o entre sudeste e leste.<\/p>\n<p>Sendo assim, ao aparacer no radar uma condi\u00e7\u00e3o semelhante para os pr\u00f3ximos sete dias, liga-se o alerta amarelo, colocando os atletas e envolvidos em estado de aten\u00e7\u00e3o.<\/p>\n<p>Caso a ondula\u00e7\u00e3o se confirme, com 72h de anteced\u00eancia \u00e9 emitido o sinal verde.<\/p>\n<p>A partir da\u00ed n\u00e3o tem mais volta, competidores de todo o mundo s\u00e3o acionados e come\u00e7am a se deslocar para Laguna.<\/p>\n<p><strong>Evento internacional de ondas grandes <\/strong><\/p>\n<p>Vale ressaltar que o Mormaii Big Wave \u00e9 chancelado pela WSL e realizado em parceria com a FECASURF, ASTFSM e ATOWINJ.<\/p>\n<p>Com patroc\u00ednio da Mormaii, Governo de Santa Catarina, FESPORTE e Prefeitura de Laguna, ser\u00e3o distribu\u00eddos R$ 50 mil de premia\u00e7\u00e3o em dinheiro aos competidores.<\/p>\n<p>A lista de convidados re\u00fane nomes ilustres das ondas gigantes, como os brasileiros Carlos Burle, Everaldo Pato, Lucas Chumbinho, Pedro Calado e F\u00e1bio Gouveia.<\/p>\n<p>E tamb\u00e9m atletas de renome internacional, como o lend\u00e1rio australiano Ross Clarke Jones e o ingl\u00eas Andrew Cotton.<\/p>\n<p><strong>Conhe\u00e7a a lista de convidados<\/strong><\/p>\n<p>A lista de convidados priorizou os atletas envolvidos com a WSL, incluindo brasileiros, sul-americanos e atletas de prest\u00edgio e reconhecimento internacional que figuram no radar do Big Wave Tour (Mundial de Ondas Gigantes).<\/p>\n<p>Veja abaixo os nomes que far\u00e3o parte do Mormaii Big Wave Challenge.<\/p>\n<p><strong>Carlos Burle (BRA)<\/strong><br \/>\nAntonio Silva (POR)<br \/>\nAndrew Cotton (ING)<br \/>\nRafel Tapia (CHI)<br \/>\nCoco Nogales (MEX)<br \/>\n<strong>Lucas Chumbo (BRA)<\/strong><br \/>\nDiego Medina (CHI)<br \/>\n<strong>Lucas Silveira (BRA)<\/strong><br \/>\nAlvaro Malpartida (PER)<br \/>\nDrake Hickman (HAV)<br \/>\n<strong>Pedro Calado (BRA)<\/strong><br \/>\n<strong>Felipe Cesarano (BRA)<\/strong><br \/>\nJarryd Foster (AUS)<br \/>\n<strong>Rodrigo Koxa (BRA)<\/strong><br \/>\nCristian Merello (CHI)<br \/>\n<strong>Marcos Monteiro (BRA)<\/strong><br \/>\n<strong>Lapo Coutinho (BRA)<\/strong><br \/>\nAlex Botelho (POR)<br \/>\n<strong>Everaldo Pato (BRA)<\/strong><br \/>\nGabriel Villaran (PER)<br \/>\n<strong>Paulo Moura (BRA)<\/strong><br \/>\nMick Corbs (AUS)<br \/>\n<strong>Fabio Gouveia (BRA)<\/strong><br \/>\nRoss Clarke Jones (AUS)<\/p>\n<div id=\"attachment_7319\" style=\"width: 1210px\" class=\"wp-caption alignnone\"><img loading=\"lazy\" decoding=\"async\" aria-describedby=\"caption-attachment-7319\" class=\"size-full wp-image-7319\" src=\"http:\/\/www.mormaii.com.br\/site\/wp-content\/uploads\/2018\/12\/110817CARDOSObaiukaJAMESTHISTED059.jpg\" alt=\"Praia do Cardoso, Farol de Santa Marta, Laguna (SC) | Foto: James Thisted\" width=\"1200\" height=\"800\" srcset=\"https:\/\/www.mormaii.com.br\/site\/wp-content\/uploads\/2018\/12\/110817CARDOSObaiukaJAMESTHISTED059.jpg 1200w, https:\/\/www.mormaii.com.br\/site\/wp-content\/uploads\/2018\/12\/110817CARDOSObaiukaJAMESTHISTED059-600x400.jpg 600w, https:\/\/www.mormaii.com.br\/site\/wp-content\/uploads\/2018\/12\/110817CARDOSObaiukaJAMESTHISTED059-300x200.jpg 300w, https:\/\/www.mormaii.com.br\/site\/wp-content\/uploads\/2018\/12\/110817CARDOSObaiukaJAMESTHISTED059-768x512.jpg 768w, https:\/\/www.mormaii.com.br\/site\/wp-content\/uploads\/2018\/12\/110817CARDOSObaiukaJAMESTHISTED059-1024x683.jpg 1024w, https:\/\/www.mormaii.com.br\/site\/wp-content\/uploads\/2018\/12\/110817CARDOSObaiukaJAMESTHISTED059-1170x780.jpg 1170w\" sizes=\"(max-width: 1200px) 100vw, 1200px\" \/><p id=\"caption-attachment-7319\" class=\"wp-caption-text\">Praia do Cardoso, Farol de Santa Marta, Laguna (SC) | Foto: James Thisted<\/p><\/div>\n","protected":false},"excerpt":{"rendered":"<p>No dia 30 de novembro, na \u00faltima quinta-feira, foi encerrada a janela de espera do Mormaii Big Wave, evento de ondas grandes na remada que possui como palco a Praia do Cardoso, Farol de Santa Marta, munic\u00edpio de Laguna (SC). A excelente not\u00edcia \u00e9 que o Governo do Estado de Santa Catarina, juntamente com a [&hellip;]<\/p>\n","protected":false},"author":5,"featured_media":7315,"comment_status":"closed","ping_status":"closed","sticky":false,"template":"","format":"standard","meta":{"_uag_custom_page_level_css":"","_mi_skip_tracking":false,"footnotes":""},"categories":[40,914,7,345],"tags":[394,328,303,329,282,327,29,449,313,312,448,450],"class_list":["post-7314","post","type-post","status-publish","format-standard","has-post-thumbnail","hentry","category-esportes","category-mormaii","category-novidades","category-surf","tag-big-waves","tag-cardoso","tag-fabio-gouveia","tag-farol-de-santa-marta","tag-home","tag-laguna","tag-mormaii","tag-mormaii-big-waves","tag-ondas-gigantes","tag-ondas-grandes","tag-sc","tag-wsl"],"acf":[],"uagb_featured_image_src":{"full":["https:\/\/www.mormaii.com.br\/site\/wp-content\/uploads\/2017\/12\/110817CARDOSOfiaJAMESTHISTED045.jpg",1200,800,false],"thumbnail":["https:\/\/www.mormaii.com.br\/site\/wp-content\/uploads\/2017\/12\/110817CARDOSOfiaJAMESTHISTED045-150x150.jpg",150,150,true],"medium":["https:\/\/www.mormaii.com.br\/site\/wp-content\/uploads\/2017\/12\/110817CARDOSOfiaJAMESTHISTED045-300x200.jpg",300,200,true],"medium_large":["https:\/\/www.mormaii.com.br\/site\/wp-content\/uploads\/2017\/12\/110817CARDOSOfiaJAMESTHISTED045-768x512.jpg",768,512,true],"large":["https:\/\/www.mormaii.com.br\/site\/wp-content\/uploads\/2017\/12\/110817CARDOSOfiaJAMESTHISTED045-1024x683.jpg",1024,683,true],"1536x1536":["https:\/\/www.mormaii.com.br\/site\/wp-content\/uploads\/2017\/12\/110817CARDOSOfiaJAMESTHISTED045.jpg",1200,800,false],"2048x2048":["https:\/\/www.mormaii.com.br\/site\/wp-content\/uploads\/2017\/12\/110817CARDOSOfiaJAMESTHISTED045.jpg",1200,800,false],"qi_addons_for_elementor_image_size_square":["https:\/\/www.mormaii.com.br\/site\/wp-content\/uploads\/2017\/12\/110817CARDOSOfiaJAMESTHISTED045.jpg",650,433,false],"qi_addons_for_elementor_image_size_landscape":["https:\/\/www.mormaii.com.br\/site\/wp-content\/uploads\/2017\/12\/110817CARDOSOfiaJAMESTHISTED045.jpg",975,650,false],"qi_addons_for_elementor_image_size_portrait":["https:\/\/www.mormaii.com.br\/site\/wp-content\/uploads\/2017\/12\/110817CARDOSOfiaJAMESTHISTED045.jpg",650,433,false],"qi_addons_for_elementor_image_size_huge-square":["https:\/\/www.mormaii.com.br\/site\/wp-content\/uploads\/2017\/12\/110817CARDOSOfiaJAMESTHISTED045.jpg",1200,800,false]},"uagb_author_info":{"display_name":"Tissot","author_link":"https:\/\/www.mormaii.com.br\/site\/author\/fabiano\/"},"uagb_comment_info":0,"uagb_excerpt":"No dia 30 de novembro, na \u00faltima quinta-feira, foi encerrada a janela de espera do Mormaii Big Wave, evento de ondas grandes na remada que possui como palco a Praia do Cardoso, Farol de Santa Marta, munic\u00edpio de Laguna (SC). A excelente not\u00edcia \u00e9 que o Governo do Estado de Santa Catarina, juntamente com a&hellip;","_links":{"self":[{"href":"https:\/\/www.mormaii.com.br\/site\/wp-json\/wp\/v2\/posts\/7314"}],"collection":[{"href":"https:\/\/www.mormaii.com.br\/site\/wp-json\/wp\/v2\/posts"}],"about":[{"href":"https:\/\/www.mormaii.com.br\/site\/wp-json\/wp\/v2\/types\/post"}],"author":[{"embeddable":true,"href":"https:\/\/www.mormaii.com.br\/site\/wp-json\/wp\/v2\/users\/5"}],"replies":[{"embeddable":true,"href":"https:\/\/www.mormaii.com.br\/site\/wp-json\/wp\/v2\/comments?post=7314"}],"version-history":[{"count":4,"href":"https:\/\/www.mormaii.com.br\/site\/wp-json\/wp\/v2\/posts\/7314\/revisions"}],"predecessor-version":[{"id":7317,"href":"https:\/\/www.mormaii.com.br\/site\/wp-json\/wp\/v2\/posts\/7314\/revisions\/7317"}],"wp:featuredmedia":[{"embeddable":true,"href":"https:\/\/www.mormaii.com.br\/site\/wp-json\/wp\/v2\/media\/7315"}],"wp:attachment":[{"href":"https:\/\/www.mormaii.com.br\/site\/wp-json\/wp\/v2\/media?parent=7314"}],"wp:term":[{"taxonomy":"category","embeddable":true,"href":"https:\/\/www.mormaii.com.br\/site\/wp-json\/wp\/v2\/categories?post=7314"},{"taxonomy":"post_tag","embeddable":true,"href":"https:\/\/www.mormaii.com.br\/site\/wp-json\/wp\/v2\/tags?post=7314"}],"curies":[{"name":"wp","href":"https:\/\/api.w.org\/{rel}","templated":true}]}}