{"id":7590,"date":"2018-01-02T05:06:56","date_gmt":"2018-01-02T07:06:56","guid":{"rendered":"http:\/\/www.mormaii.com.br\/site\/?p=7590"},"modified":"2022-06-10T10:23:56","modified_gmt":"2022-06-10T13:23:56","slug":"monitoramento-mirim-costeiro-e-um-feliz-2018","status":"publish","type":"post","link":"https:\/\/www.mormaii.com.br\/site\/monitoramento-mirim-costeiro-e-um-feliz-2018\/","title":{"rendered":"Monitoramento Mirim Costeiro e um Feliz 2018"},"content":{"rendered":"<p><img loading=\"lazy\" decoding=\"async\" class=\"alignnone size-full wp-image-7592\" src=\"http:\/\/www.mormaii.com.br\/site\/wp-content\/uploads\/2018\/01\/mormaii-2.jpg\" alt=\"\" width=\"2048\" height=\"1152\" srcset=\"https:\/\/www.mormaii.com.br\/site\/wp-content\/uploads\/2018\/01\/mormaii-2.jpg 2048w, https:\/\/www.mormaii.com.br\/site\/wp-content\/uploads\/2018\/01\/mormaii-2-600x338.jpg 600w, https:\/\/www.mormaii.com.br\/site\/wp-content\/uploads\/2018\/01\/mormaii-2-300x169.jpg 300w, https:\/\/www.mormaii.com.br\/site\/wp-content\/uploads\/2018\/01\/mormaii-2-768x432.jpg 768w, https:\/\/www.mormaii.com.br\/site\/wp-content\/uploads\/2018\/01\/mormaii-2-1024x576.jpg 1024w, https:\/\/www.mormaii.com.br\/site\/wp-content\/uploads\/2018\/01\/mormaii-2-1920x1080.jpg 1920w\" sizes=\"(max-width: 2048px) 100vw, 2048px\" \/><\/p>\n<p>Est\u00e1 oficialmente aberta a temporada para atividades de educa\u00e7\u00e3o ambiental neste ver\u00e3o no Monitoramento Mirim Costeiro (MMC)!<\/p>\n<p>\u00c9 que a partir da concretiza\u00e7\u00e3o do sonho de ter uma sede inaugurada, o MMC possibilita agora v\u00e1rias atividades de ver\u00e3o para a garotada que est\u00e1 de f\u00e9rias.<\/p>\n<p>Semanalmente, de segunda-feira \u00e0 s\u00e1bado, das 15h \u00e0s 20h, estar\u00e1 aberta ao p\u00fablico, tanto para moradores de Garopaba (SC) como turistas, que poder\u00e3o participar de diversas a\u00e7\u00f5es de educa\u00e7\u00e3o ambiental como: pr\u00e1ticas de pesquisa, explica\u00e7\u00f5es sobre o mini museu do mar, mini-curso sobre os oceanos, sess\u00f5es de filmes sobre o universo marinho e expedi\u00e7\u00e3o cient\u00edfica, entre outras.<\/p>\n<p>A sede do MMC fica na Rua Aderbal Ramos da Silva, 46, no Centro Hist\u00f3rico de Garopaba e para participar das atividades basta ir at\u00e9 o local ou entrar em contato pelo telefone 48 9917-11601 e se agendar.<\/p>\n<p>A ideia dos educadores \u00e9 socializar esta pr\u00e1tica de educa\u00e7\u00e3o ambiental para o maior n\u00famero de crian\u00e7as para que se conscientizem sobre a import\u00e2ncia de preservar o ambiente onde moram, pois esta a\u00e7\u00e3o local repercutir\u00e1 no planeta.<\/p>\n<p>A metodologia do MMC utiliza a aprendizagem participativa atrav\u00e9s da pesquisa, do aprender-fazendo dentro do contexto sociocultural.<\/p>\n<p>Agora o novo desafio da equipe \u00e9 conseguir conquistar \u2018padrinhos\u2019 para ajudar a custear as atividades educativas da sede.<\/p>\n<p>O Monitoramento Mirim Costeiro (MMC) \u00e9 um programa pioneiro no Brasil de educa\u00e7\u00e3o para a conscientiza\u00e7\u00e3o da preserva\u00e7\u00e3o da zona costeira e valoriza\u00e7\u00e3o da cultura tradicional de Garopaba (SC).<\/p>\n<p>Por meio de atividades l\u00fadicas, sa\u00eddas a campo, palestras e pesquisas \u00e9 direcionado a alunos do 4\u00ba e 5\u00ba ano.<\/p>\n<p>Desde 2012 foram beneficiados 1.500 alunos de 12 Escolas Municipais de Garopaba (SC), al\u00e9m de envolver mais de 30 professores da Rede de Ensino.<\/p>\n<p>Realizaram 114 sa\u00eddas a campo, 197 aulas te\u00f3rico-participativas, al\u00e9m da instala\u00e7\u00e3o de 22 placas informativas nas principais vias de acesso das praias monitoradas.<\/p>\n<p>Receberam o Pr\u00eamio Am\u00e9rica Latina Verde 2017, na categoria Oceanos, sendo hoje o melhor programa de educa\u00e7\u00e3o ambiental da Am\u00e9rica Latina, dentre outros importantes destaques nacionais e internacionais.<\/p>\n<p>\u00c9 uma Tecnologia Social certificada pela Funda\u00e7\u00e3o Banco do Brasil.<\/p>\n<p>A maior motiva\u00e7\u00e3o da equipe \u00e9 proporcionar \u00e0s crian\u00e7as uma oportunidade de aprendizagem pr\u00e1tica in loco, que as conecte e aproxime do ambiente onde vivem, despertando o sentimento de pertencimento e apropria\u00e7\u00e3o com o seu territ\u00f3rio.<\/p>\n<p><a href=\"http:\/\/www.monitoramentomirimcosteiro.com.br\" target=\"_blank\" rel=\"noopener\"><img loading=\"lazy\" decoding=\"async\" class=\"alignnone wp-image-7591 size-full\" src=\"http:\/\/www.mormaii.com.br\/site\/wp-content\/uploads\/2018\/01\/mormaii.jpg\" alt=\"\" width=\"2048\" height=\"1152\" srcset=\"https:\/\/www.mormaii.com.br\/site\/wp-content\/uploads\/2018\/01\/mormaii.jpg 2048w, https:\/\/www.mormaii.com.br\/site\/wp-content\/uploads\/2018\/01\/mormaii-600x338.jpg 600w, https:\/\/www.mormaii.com.br\/site\/wp-content\/uploads\/2018\/01\/mormaii-300x169.jpg 300w, https:\/\/www.mormaii.com.br\/site\/wp-content\/uploads\/2018\/01\/mormaii-768x432.jpg 768w, https:\/\/www.mormaii.com.br\/site\/wp-content\/uploads\/2018\/01\/mormaii-1024x576.jpg 1024w, https:\/\/www.mormaii.com.br\/site\/wp-content\/uploads\/2018\/01\/mormaii-1920x1080.jpg 1920w\" sizes=\"(max-width: 2048px) 100vw, 2048px\" \/><\/a><\/p>\n<p style=\"text-align: center;\"><em>Conhe\u00e7a mais detalhes do Monitoramento Mirim Costeiro no site\u00a0<\/em><\/p>\n<p>&nbsp;<\/p>\n","protected":false},"excerpt":{"rendered":"<p>Est\u00e1 oficialmente aberta a temporada para atividades de educa\u00e7\u00e3o ambiental neste ver\u00e3o no Monitoramento Mirim Costeiro (MMC)! \u00c9 que a partir da concretiza\u00e7\u00e3o do sonho de ter uma sede inaugurada, o MMC possibilita agora v\u00e1rias atividades de ver\u00e3o para a garotada que est\u00e1 de f\u00e9rias. Semanalmente, de segunda-feira \u00e0 s\u00e1bado, das 15h \u00e0s 20h, estar\u00e1 [&hellip;]<\/p>\n","protected":false},"author":5,"featured_media":7592,"comment_status":"closed","ping_status":"closed","sticky":false,"template":"","format":"standard","meta":{"_uag_custom_page_level_css":"","_mi_skip_tracking":false,"footnotes":""},"categories":[38,914,7],"tags":[501,440,282,439,29,441],"class_list":["post-7590","post","type-post","status-publish","format-standard","has-post-thumbnail","hentry","category-eventos","category-mormaii","category-novidades","tag-consciencia-ambiental","tag-ecologia","tag-home","tag-monitoramento-mirim-costeiro","tag-mormaii","tag-sustentabilidade"],"acf":[],"uagb_featured_image_src":{"full":["https:\/\/www.mormaii.com.br\/site\/wp-content\/uploads\/2018\/01\/mormaii-2.jpg",2048,1152,false],"thumbnail":["https:\/\/www.mormaii.com.br\/site\/wp-content\/uploads\/2018\/01\/mormaii-2-150x150.jpg",150,150,true],"medium":["https:\/\/www.mormaii.com.br\/site\/wp-content\/uploads\/2018\/01\/mormaii-2-300x169.jpg",300,169,true],"medium_large":["https:\/\/www.mormaii.com.br\/site\/wp-content\/uploads\/2018\/01\/mormaii-2-768x432.jpg",768,432,true],"large":["https:\/\/www.mormaii.com.br\/site\/wp-content\/uploads\/2018\/01\/mormaii-2-1024x576.jpg",1024,576,true],"1536x1536":["https:\/\/www.mormaii.com.br\/site\/wp-content\/uploads\/2018\/01\/mormaii-2.jpg",1536,864,false],"2048x2048":["https:\/\/www.mormaii.com.br\/site\/wp-content\/uploads\/2018\/01\/mormaii-2.jpg",2048,1152,false],"qi_addons_for_elementor_image_size_square":["https:\/\/www.mormaii.com.br\/site\/wp-content\/uploads\/2018\/01\/mormaii-2.jpg",650,366,false],"qi_addons_for_elementor_image_size_landscape":["https:\/\/www.mormaii.com.br\/site\/wp-content\/uploads\/2018\/01\/mormaii-2.jpg",1156,650,false],"qi_addons_for_elementor_image_size_portrait":["https:\/\/www.mormaii.com.br\/site\/wp-content\/uploads\/2018\/01\/mormaii-2.jpg",650,366,false],"qi_addons_for_elementor_image_size_huge-square":["https:\/\/www.mormaii.com.br\/site\/wp-content\/uploads\/2018\/01\/mormaii-2.jpg",1300,731,false]},"uagb_author_info":{"display_name":"Tissot","author_link":"https:\/\/www.mormaii.com.br\/site\/author\/fabiano\/"},"uagb_comment_info":0,"uagb_excerpt":"Est\u00e1 oficialmente aberta a temporada para atividades de educa\u00e7\u00e3o ambiental neste ver\u00e3o no Monitoramento Mirim Costeiro (MMC)! \u00c9 que a partir da concretiza\u00e7\u00e3o do sonho de ter uma sede inaugurada, o MMC possibilita agora v\u00e1rias atividades de ver\u00e3o para a garotada que est\u00e1 de f\u00e9rias. Semanalmente, de segunda-feira \u00e0 s\u00e1bado, das 15h \u00e0s 20h, estar\u00e1&hellip;","_links":{"self":[{"href":"https:\/\/www.mormaii.com.br\/site\/wp-json\/wp\/v2\/posts\/7590"}],"collection":[{"href":"https:\/\/www.mormaii.com.br\/site\/wp-json\/wp\/v2\/posts"}],"about":[{"href":"https:\/\/www.mormaii.com.br\/site\/wp-json\/wp\/v2\/types\/post"}],"author":[{"embeddable":true,"href":"https:\/\/www.mormaii.com.br\/site\/wp-json\/wp\/v2\/users\/5"}],"replies":[{"embeddable":true,"href":"https:\/\/www.mormaii.com.br\/site\/wp-json\/wp\/v2\/comments?post=7590"}],"version-history":[{"count":2,"href":"https:\/\/www.mormaii.com.br\/site\/wp-json\/wp\/v2\/posts\/7590\/revisions"}],"predecessor-version":[{"id":7595,"href":"https:\/\/www.mormaii.com.br\/site\/wp-json\/wp\/v2\/posts\/7590\/revisions\/7595"}],"wp:featuredmedia":[{"embeddable":true,"href":"https:\/\/www.mormaii.com.br\/site\/wp-json\/wp\/v2\/media\/7592"}],"wp:attachment":[{"href":"https:\/\/www.mormaii.com.br\/site\/wp-json\/wp\/v2\/media?parent=7590"}],"wp:term":[{"taxonomy":"category","embeddable":true,"href":"https:\/\/www.mormaii.com.br\/site\/wp-json\/wp\/v2\/categories?post=7590"},{"taxonomy":"post_tag","embeddable":true,"href":"https:\/\/www.mormaii.com.br\/site\/wp-json\/wp\/v2\/tags?post=7590"}],"curies":[{"name":"wp","href":"https:\/\/api.w.org\/{rel}","templated":true}]}}