{"id":7750,"date":"2018-01-12T00:13:40","date_gmt":"2018-01-12T02:13:40","guid":{"rendered":"http:\/\/www.mormaii.com.br\/site\/?p=7750"},"modified":"2022-06-10T10:05:51","modified_gmt":"2022-06-10T13:05:51","slug":"taina-hinckel-e-destaque-no-site-da-wsl","status":"publish","type":"post","link":"https:\/\/www.mormaii.com.br\/site\/taina-hinckel-e-destaque-no-site-da-wsl\/","title":{"rendered":"Tain\u00e1 Hinckel \u00e9 destaque no site da WSL"},"content":{"rendered":"<p><img loading=\"lazy\" decoding=\"async\" class=\"alignnone size-full wp-image-7752\" src=\"http:\/\/www.mormaii.com.br\/site\/wp-content\/uploads\/2019\/01\/taina-mormaii-1.jpg\" alt=\"\" width=\"1200\" height=\"712\" srcset=\"https:\/\/www.mormaii.com.br\/site\/wp-content\/uploads\/2019\/01\/taina-mormaii-1.jpg 1200w, https:\/\/www.mormaii.com.br\/site\/wp-content\/uploads\/2019\/01\/taina-mormaii-1-600x356.jpg 600w, https:\/\/www.mormaii.com.br\/site\/wp-content\/uploads\/2019\/01\/taina-mormaii-1-300x178.jpg 300w, https:\/\/www.mormaii.com.br\/site\/wp-content\/uploads\/2019\/01\/taina-mormaii-1-768x456.jpg 768w, https:\/\/www.mormaii.com.br\/site\/wp-content\/uploads\/2019\/01\/taina-mormaii-1-1024x608.jpg 1024w\" sizes=\"(max-width: 1200px) 100vw, 1200px\" \/><\/p>\n<p>Tain\u00e1 Hinckel aprontou de novo. Aos 14 anos de idade, a atual campe\u00e3 Sul-Americana Pro Junior, categoria que vai at\u00e9 os 18 anos, ficou em terceiro lugar no Wolrd Junior Championship, etapa decisiva que aconteceu em Kiama, na Austr\u00e1lia, e consagrou a Taitiana Vahine Ferro como grande campe\u00e3.<\/p>\n<p>O feito da jovem surfista catarinense, local da Guarda do Emba\u00fa, n\u00e3o passou desapercebido pela m\u00eddia internacional e Tain\u00e1 ganhou destaque no site da WSL, entidade m\u00e1xima do esporte no planeta.<\/p>\n<p><img loading=\"lazy\" decoding=\"async\" class=\"alignnone size-full wp-image-7739\" src=\"http:\/\/www.mormaii.com.br\/site\/wp-content\/uploads\/2018\/01\/taina-mormaii-4.jpg\" alt=\"\" width=\"1200\" height=\"801\" srcset=\"https:\/\/www.mormaii.com.br\/site\/wp-content\/uploads\/2018\/01\/taina-mormaii-4.jpg 1200w, https:\/\/www.mormaii.com.br\/site\/wp-content\/uploads\/2018\/01\/taina-mormaii-4-600x401.jpg 600w, https:\/\/www.mormaii.com.br\/site\/wp-content\/uploads\/2018\/01\/taina-mormaii-4-300x200.jpg 300w, https:\/\/www.mormaii.com.br\/site\/wp-content\/uploads\/2018\/01\/taina-mormaii-4-768x513.jpg 768w, https:\/\/www.mormaii.com.br\/site\/wp-content\/uploads\/2018\/01\/taina-mormaii-4-1024x684.jpg 1024w, https:\/\/www.mormaii.com.br\/site\/wp-content\/uploads\/2018\/01\/taina-mormaii-4-1170x780.jpg 1170w\" sizes=\"(max-width: 1200px) 100vw, 1200px\" \/><\/p>\n<p>Veja a seguir o que a World Surf League escreveu sobre a brasileira:<\/p>\n<p>&#8220;Quando Tain\u00e1 Hinckel venceu a atual campe\u00e3 Macy Callaghan nas quartas de final, o cen\u00e1rio ficou desenhado para um imprevisto &#8212; ter\u00edamos uma vencedora in\u00e9dita esse ano. A porta estava aberta para um time de jovens competidoras fora do quadro das pot\u00eancias tradicionais, especificamente Austr\u00e1lia e Estados Unidos, sempre no centro das aten\u00e7\u00f5es da categoria. Com as finalistas provenientes de pa\u00edses como Jap\u00e3o e Brasil, ficou demonstrado que o surf feminino internacional est\u00e1 em um n\u00edvel ainda maior.&#8221;<\/p>\n<p><img loading=\"lazy\" decoding=\"async\" class=\"alignnone size-full wp-image-7662\" src=\"http:\/\/www.mormaii.com.br\/site\/wp-content\/uploads\/2019\/01\/Taina\u0301-Hinckel-mormaii.jpg\" alt=\"\" width=\"1024\" height=\"683\" srcset=\"https:\/\/www.mormaii.com.br\/site\/wp-content\/uploads\/2019\/01\/Taina\u0301-Hinckel-mormaii.jpg 1024w, https:\/\/www.mormaii.com.br\/site\/wp-content\/uploads\/2019\/01\/Taina\u0301-Hinckel-mormaii-600x400.jpg 600w, https:\/\/www.mormaii.com.br\/site\/wp-content\/uploads\/2019\/01\/Taina\u0301-Hinckel-mormaii-300x200.jpg 300w, https:\/\/www.mormaii.com.br\/site\/wp-content\/uploads\/2019\/01\/Taina\u0301-Hinckel-mormaii-768x512.jpg 768w\" sizes=\"(max-width: 1024px) 100vw, 1024px\" \/><\/p>\n<p>A seguir, o artigo ressaltou:<\/p>\n<p>&#8220;A semifinalista Taina Hinckel surfou com uma maturidade acima da sua juventude e sua vit\u00f3ria sobre Callaghan pode ter sido um marco para o seu pa\u00eds, o qual n\u00e3o produz o mesmo n\u00famero de surfistas tops da elite em rela\u00e7\u00e3o as mulheres, como o faz quanto aos homens, que vem dominando as competi\u00e7\u00f5es Pro Junior e o ranking do Qualifying Series.&#8221;<\/p>\n<p><img loading=\"lazy\" decoding=\"async\" class=\"alignnone size-full wp-image-7726\" src=\"http:\/\/www.mormaii.com.br\/site\/wp-content\/uploads\/2019\/01\/taina-mormaii.jpg\" alt=\"\" width=\"1200\" height=\"801\" srcset=\"https:\/\/www.mormaii.com.br\/site\/wp-content\/uploads\/2019\/01\/taina-mormaii.jpg 1200w, https:\/\/www.mormaii.com.br\/site\/wp-content\/uploads\/2019\/01\/taina-mormaii-600x401.jpg 600w, https:\/\/www.mormaii.com.br\/site\/wp-content\/uploads\/2019\/01\/taina-mormaii-300x200.jpg 300w, https:\/\/www.mormaii.com.br\/site\/wp-content\/uploads\/2019\/01\/taina-mormaii-768x513.jpg 768w, https:\/\/www.mormaii.com.br\/site\/wp-content\/uploads\/2019\/01\/taina-mormaii-1024x684.jpg 1024w, https:\/\/www.mormaii.com.br\/site\/wp-content\/uploads\/2019\/01\/taina-mormaii-1170x780.jpg 1170w\" sizes=\"(max-width: 1200px) 100vw, 1200px\" \/><\/p>\n<p>Por fim, a WSL pergunta:<\/p>\n<p>&#8220;Ser\u00e1 Tain\u00e1 o primeiro trov\u00e3o da Tempestade Brasileira Feminina? S\u00f3 o tempo dir\u00e1, mas com mais quatro anos pela frente na categoria, as chances est\u00e3o ao seu favor.&#8221;<\/p>\n<p><em>A seguir, voc\u00ea assiste ao v\u00eddeo da vit\u00f3ria de Tain\u00e1 sobre a ent\u00e3o campe\u00e3 mundial Macy Callaghan.<\/em><\/p>\n<p><iframe loading=\"lazy\" width=\"700\" height=\"400\" src=\"https:\/\/www.youtube.com\/embed\/thiJpLpQ3T8\" frameborder=\"0\" allow=\"autoplay; encrypted-media\" allowfullscreen><\/iframe><\/p>\n<p>[Fotos: WSL\/Ethan Smith]<\/p>\n","protected":false},"excerpt":{"rendered":"<p>Tain\u00e1 Hinckel aprontou de novo. Aos 14 anos de idade, a atual campe\u00e3 Sul-Americana Pro Junior, categoria que vai at\u00e9 os 18 anos, ficou em terceiro lugar no Wolrd Junior Championship, etapa decisiva que aconteceu em Kiama, na Austr\u00e1lia, e consagrou a Taitiana Vahine Ferro como grande campe\u00e3. O feito da jovem surfista catarinense, local [&hellip;]<\/p>\n","protected":false},"author":5,"featured_media":7752,"comment_status":"closed","ping_status":"closed","sticky":false,"template":"","format":"standard","meta":{"_uag_custom_page_level_css":"","_mi_skip_tracking":false,"footnotes":""},"categories":[40,914,7,345],"tags":[282,29,319,253,315,450],"class_list":["post-7750","post","type-post","status-publish","format-standard","has-post-thumbnail","hentry","category-esportes","category-mormaii","category-novidades","category-surf","tag-home","tag-mormaii","tag-pro-junior","tag-surf","tag-taina-hinckel","tag-wsl"],"acf":[],"uagb_featured_image_src":{"full":["https:\/\/www.mormaii.com.br\/site\/wp-content\/uploads\/2019\/01\/taina-mormaii-1.jpg",1200,712,false],"thumbnail":["https:\/\/www.mormaii.com.br\/site\/wp-content\/uploads\/2019\/01\/taina-mormaii-1-150x150.jpg",150,150,true],"medium":["https:\/\/www.mormaii.com.br\/site\/wp-content\/uploads\/2019\/01\/taina-mormaii-1-300x178.jpg",300,178,true],"medium_large":["https:\/\/www.mormaii.com.br\/site\/wp-content\/uploads\/2019\/01\/taina-mormaii-1-768x456.jpg",768,456,true],"large":["https:\/\/www.mormaii.com.br\/site\/wp-content\/uploads\/2019\/01\/taina-mormaii-1-1024x608.jpg",1024,608,true],"1536x1536":["https:\/\/www.mormaii.com.br\/site\/wp-content\/uploads\/2019\/01\/taina-mormaii-1.jpg",1200,712,false],"2048x2048":["https:\/\/www.mormaii.com.br\/site\/wp-content\/uploads\/2019\/01\/taina-mormaii-1.jpg",1200,712,false],"qi_addons_for_elementor_image_size_square":["https:\/\/www.mormaii.com.br\/site\/wp-content\/uploads\/2019\/01\/taina-mormaii-1.jpg",650,386,false],"qi_addons_for_elementor_image_size_landscape":["https:\/\/www.mormaii.com.br\/site\/wp-content\/uploads\/2019\/01\/taina-mormaii-1.jpg",1096,650,false],"qi_addons_for_elementor_image_size_portrait":["https:\/\/www.mormaii.com.br\/site\/wp-content\/uploads\/2019\/01\/taina-mormaii-1.jpg",650,386,false],"qi_addons_for_elementor_image_size_huge-square":["https:\/\/www.mormaii.com.br\/site\/wp-content\/uploads\/2019\/01\/taina-mormaii-1.jpg",1200,712,false]},"uagb_author_info":{"display_name":"Tissot","author_link":"https:\/\/www.mormaii.com.br\/site\/author\/fabiano\/"},"uagb_comment_info":0,"uagb_excerpt":"Tain\u00e1 Hinckel aprontou de novo. Aos 14 anos de idade, a atual campe\u00e3 Sul-Americana Pro Junior, categoria que vai at\u00e9 os 18 anos, ficou em terceiro lugar no Wolrd Junior Championship, etapa decisiva que aconteceu em Kiama, na Austr\u00e1lia, e consagrou a Taitiana Vahine Ferro como grande campe\u00e3. O feito da jovem surfista catarinense, local&hellip;","_links":{"self":[{"href":"https:\/\/www.mormaii.com.br\/site\/wp-json\/wp\/v2\/posts\/7750"}],"collection":[{"href":"https:\/\/www.mormaii.com.br\/site\/wp-json\/wp\/v2\/posts"}],"about":[{"href":"https:\/\/www.mormaii.com.br\/site\/wp-json\/wp\/v2\/types\/post"}],"author":[{"embeddable":true,"href":"https:\/\/www.mormaii.com.br\/site\/wp-json\/wp\/v2\/users\/5"}],"replies":[{"embeddable":true,"href":"https:\/\/www.mormaii.com.br\/site\/wp-json\/wp\/v2\/comments?post=7750"}],"version-history":[{"count":7,"href":"https:\/\/www.mormaii.com.br\/site\/wp-json\/wp\/v2\/posts\/7750\/revisions"}],"predecessor-version":[{"id":7771,"href":"https:\/\/www.mormaii.com.br\/site\/wp-json\/wp\/v2\/posts\/7750\/revisions\/7771"}],"wp:featuredmedia":[{"embeddable":true,"href":"https:\/\/www.mormaii.com.br\/site\/wp-json\/wp\/v2\/media\/7752"}],"wp:attachment":[{"href":"https:\/\/www.mormaii.com.br\/site\/wp-json\/wp\/v2\/media?parent=7750"}],"wp:term":[{"taxonomy":"category","embeddable":true,"href":"https:\/\/www.mormaii.com.br\/site\/wp-json\/wp\/v2\/categories?post=7750"},{"taxonomy":"post_tag","embeddable":true,"href":"https:\/\/www.mormaii.com.br\/site\/wp-json\/wp\/v2\/tags?post=7750"}],"curies":[{"name":"wp","href":"https:\/\/api.w.org\/{rel}","templated":true}]}}