{"id":8073,"date":"2018-01-30T16:02:32","date_gmt":"2018-01-30T18:02:32","guid":{"rendered":"http:\/\/www.mormaii.com.br\/site\/?p=8073"},"modified":"2022-06-10T10:21:17","modified_gmt":"2022-06-10T13:21:17","slug":"mormaii-surf-talentos-2018","status":"publish","type":"post","link":"https:\/\/www.mormaii.com.br\/site\/mormaii-surf-talentos-2018\/","title":{"rendered":"Nova Gera\u00e7\u00e3o Reunida no Surf Talentos"},"content":{"rendered":"<p><img loading=\"lazy\" decoding=\"async\" class=\"alignnone size-full wp-image-8075\" src=\"http:\/\/www.mormaii.com.br\/site\/wp-content\/uploads\/2018\/02\/mormaii-mateus-herdy-surf-talentos-1.jpg\" alt=\"\" width=\"1200\" height=\"800\" srcset=\"https:\/\/www.mormaii.com.br\/site\/wp-content\/uploads\/2018\/02\/mormaii-mateus-herdy-surf-talentos-1.jpg 1200w, https:\/\/www.mormaii.com.br\/site\/wp-content\/uploads\/2018\/02\/mormaii-mateus-herdy-surf-talentos-1-600x400.jpg 600w, https:\/\/www.mormaii.com.br\/site\/wp-content\/uploads\/2018\/02\/mormaii-mateus-herdy-surf-talentos-1-300x200.jpg 300w, https:\/\/www.mormaii.com.br\/site\/wp-content\/uploads\/2018\/02\/mormaii-mateus-herdy-surf-talentos-1-768x512.jpg 768w, https:\/\/www.mormaii.com.br\/site\/wp-content\/uploads\/2018\/02\/mormaii-mateus-herdy-surf-talentos-1-1024x683.jpg 1024w, https:\/\/www.mormaii.com.br\/site\/wp-content\/uploads\/2018\/02\/mormaii-mateus-herdy-surf-talentos-1-1170x780.jpg 1170w\" sizes=\"(max-width: 1200px) 100vw, 1200px\" \/><\/p>\n<h3>Circuito Surf Talentos<\/h3>\n<p>A nova gera\u00e7\u00e3o do surfe brasileiro estar\u00e1 reunida neste final de semana, dias 3 e 4 de fevereiro para a abertura do Circuito Surf Talentos.<\/p>\n<p>O evento ser\u00e1 realizado na Prainha, em S\u00e3o Francisco do Sul (SC), com patroc\u00ednio da Mormaii.<\/p>\n<p>De acordo com o secret\u00e1rio da Fecasurf, Jarbas Soares, o n\u00famero de inscritos j\u00e1 ultrapassou os 100 atletas nas oito categorias.<\/p>\n<p>A disputa conta com representantes do Cear\u00e1, Para\u00edba, Paran\u00e1, S\u00e3o Paulo, Rio Grande do Sul, al\u00e9m de Santa Catarina.<\/p>\n<p>As categorias em jogo s\u00e3o Petiz (Sub 10), Infantil (Sub 12), Iniciantes (Sub 14), Mirim (Sub 16), J\u00fanior (sub 18) e Open Feminino.<\/p>\n<h3>Altas ondas e casa cheia<\/h3>\n<p>Os modelos meteorol\u00f3gicos indicam tempo bom para o final de semana, com boas ondas de 2 a 4 p\u00e9s na Praia da Saudade (Prainha).<\/p>\n<p>Ventos de norte a nordeste e praia cheia, devido ao auge da temporada de ver\u00e3o.<\/p>\n<h3>Premia\u00e7\u00e3o de primeira<\/h3>\n<p>Vale ressaltar que o circuito de 2018 contar\u00e1 com uma premia\u00e7\u00e3o in\u00e9dita, para o campe\u00e3o da categoria j\u00fanior.<\/p>\n<p>O vencedor ganha uma passagem para a Mentawaii (Indon\u00e9sia), onde ficar\u00e1 12 dias hospedado a bordo do barco da empresa Sibon Charters.<\/p>\n<p>O evento tamb\u00e9m \u00e9 v\u00e1lido pela primeira etapa do Circuito Catarinense Amador da Fecasurf (Federa\u00e7\u00e3o Catarinense de Surf), com status QS 6000 pontos.<\/p>\n<p>Fique ligado no site da Mormaii para mais novidades e conte\u00fados sobre a prova.<\/p>\n<p><img loading=\"lazy\" decoding=\"async\" class=\"alignnone size-full wp-image-8076\" src=\"http:\/\/www.mormaii.com.br\/site\/wp-content\/uploads\/2018\/02\/surf-talentos-mormaii-2018-sao-francisco-do-sul.jpg\" alt=\"\" width=\"614\" height=\"960\" srcset=\"https:\/\/www.mormaii.com.br\/site\/wp-content\/uploads\/2018\/02\/surf-talentos-mormaii-2018-sao-francisco-do-sul.jpg 614w, https:\/\/www.mormaii.com.br\/site\/wp-content\/uploads\/2018\/02\/surf-talentos-mormaii-2018-sao-francisco-do-sul-600x938.jpg 600w, https:\/\/www.mormaii.com.br\/site\/wp-content\/uploads\/2018\/02\/surf-talentos-mormaii-2018-sao-francisco-do-sul-192x300.jpg 192w\" sizes=\"(max-width: 614px) 100vw, 614px\" \/><\/p>\n<p>[Foto de capa: James Thisted \/\/ Surfista: Mateus Herdy]<\/p>\n","protected":false},"excerpt":{"rendered":"<p>Circuito Surf Talentos A nova gera\u00e7\u00e3o do surfe brasileiro estar\u00e1 reunida neste final de semana, dias 3 e 4 de fevereiro para a abertura do Circuito Surf Talentos. O evento ser\u00e1 realizado na Prainha, em S\u00e3o Francisco do Sul (SC), com patroc\u00ednio da Mormaii. De acordo com o secret\u00e1rio da Fecasurf, Jarbas Soares, o n\u00famero [&hellip;]<\/p>\n","protected":false},"author":5,"featured_media":8074,"comment_status":"closed","ping_status":"closed","sticky":false,"template":"","format":"standard","meta":{"_uag_custom_page_level_css":"","_mi_skip_tracking":false,"footnotes":""},"categories":[1,914],"tags":[282,29,564,563,562,253,561],"class_list":["post-8073","post","type-post","status-publish","format-standard","has-post-thumbnail","hentry","category-historia","category-mormaii","tag-home","tag-mormaii","tag-nova-geracao","tag-prainha","tag-sao-francisco-sul","tag-surf","tag-surf-talentos"],"acf":[],"uagb_featured_image_src":{"full":["https:\/\/www.mormaii.com.br\/site\/wp-content\/uploads\/2018\/02\/mormaii-mateus-herdy-surf-talentos.jpg",1200,800,false],"thumbnail":["https:\/\/www.mormaii.com.br\/site\/wp-content\/uploads\/2018\/02\/mormaii-mateus-herdy-surf-talentos-150x150.jpg",150,150,true],"medium":["https:\/\/www.mormaii.com.br\/site\/wp-content\/uploads\/2018\/02\/mormaii-mateus-herdy-surf-talentos-300x200.jpg",300,200,true],"medium_large":["https:\/\/www.mormaii.com.br\/site\/wp-content\/uploads\/2018\/02\/mormaii-mateus-herdy-surf-talentos-768x512.jpg",768,512,true],"large":["https:\/\/www.mormaii.com.br\/site\/wp-content\/uploads\/2018\/02\/mormaii-mateus-herdy-surf-talentos-1024x683.jpg",1024,683,true],"1536x1536":["https:\/\/www.mormaii.com.br\/site\/wp-content\/uploads\/2018\/02\/mormaii-mateus-herdy-surf-talentos.jpg",1200,800,false],"2048x2048":["https:\/\/www.mormaii.com.br\/site\/wp-content\/uploads\/2018\/02\/mormaii-mateus-herdy-surf-talentos.jpg",1200,800,false],"qi_addons_for_elementor_image_size_square":["https:\/\/www.mormaii.com.br\/site\/wp-content\/uploads\/2018\/02\/mormaii-mateus-herdy-surf-talentos.jpg",650,433,false],"qi_addons_for_elementor_image_size_landscape":["https:\/\/www.mormaii.com.br\/site\/wp-content\/uploads\/2018\/02\/mormaii-mateus-herdy-surf-talentos.jpg",975,650,false],"qi_addons_for_elementor_image_size_portrait":["https:\/\/www.mormaii.com.br\/site\/wp-content\/uploads\/2018\/02\/mormaii-mateus-herdy-surf-talentos.jpg",650,433,false],"qi_addons_for_elementor_image_size_huge-square":["https:\/\/www.mormaii.com.br\/site\/wp-content\/uploads\/2018\/02\/mormaii-mateus-herdy-surf-talentos.jpg",1200,800,false]},"uagb_author_info":{"display_name":"Tissot","author_link":"https:\/\/www.mormaii.com.br\/site\/author\/fabiano\/"},"uagb_comment_info":0,"uagb_excerpt":"Circuito Surf Talentos A nova gera\u00e7\u00e3o do surfe brasileiro estar\u00e1 reunida neste final de semana, dias 3 e 4 de fevereiro para a abertura do Circuito Surf Talentos. O evento ser\u00e1 realizado na Prainha, em S\u00e3o Francisco do Sul (SC), com patroc\u00ednio da Mormaii. De acordo com o secret\u00e1rio da Fecasurf, Jarbas Soares, o n\u00famero&hellip;","_links":{"self":[{"href":"https:\/\/www.mormaii.com.br\/site\/wp-json\/wp\/v2\/posts\/8073"}],"collection":[{"href":"https:\/\/www.mormaii.com.br\/site\/wp-json\/wp\/v2\/posts"}],"about":[{"href":"https:\/\/www.mormaii.com.br\/site\/wp-json\/wp\/v2\/types\/post"}],"author":[{"embeddable":true,"href":"https:\/\/www.mormaii.com.br\/site\/wp-json\/wp\/v2\/users\/5"}],"replies":[{"embeddable":true,"href":"https:\/\/www.mormaii.com.br\/site\/wp-json\/wp\/v2\/comments?post=8073"}],"version-history":[{"count":4,"href":"https:\/\/www.mormaii.com.br\/site\/wp-json\/wp\/v2\/posts\/8073\/revisions"}],"predecessor-version":[{"id":8092,"href":"https:\/\/www.mormaii.com.br\/site\/wp-json\/wp\/v2\/posts\/8073\/revisions\/8092"}],"wp:featuredmedia":[{"embeddable":true,"href":"https:\/\/www.mormaii.com.br\/site\/wp-json\/wp\/v2\/media\/8074"}],"wp:attachment":[{"href":"https:\/\/www.mormaii.com.br\/site\/wp-json\/wp\/v2\/media?parent=8073"}],"wp:term":[{"taxonomy":"category","embeddable":true,"href":"https:\/\/www.mormaii.com.br\/site\/wp-json\/wp\/v2\/categories?post=8073"},{"taxonomy":"post_tag","embeddable":true,"href":"https:\/\/www.mormaii.com.br\/site\/wp-json\/wp\/v2\/tags?post=8073"}],"curies":[{"name":"wp","href":"https:\/\/api.w.org\/{rel}","templated":true}]}}