{"id":8135,"date":"2018-02-07T08:02:57","date_gmt":"2018-02-07T10:02:57","guid":{"rendered":"http:\/\/www.mormaii.com.br\/site\/?p=8135"},"modified":"2022-06-10T10:04:48","modified_gmt":"2022-06-10T13:04:48","slug":"sinal-verde-em-nazare-carlos-burle-convocado-para-as-ondas-gigantes","status":"publish","type":"post","link":"https:\/\/www.mormaii.com.br\/site\/sinal-verde-em-nazare-carlos-burle-convocado-para-as-ondas-gigantes\/","title":{"rendered":"Sinal Verde em Nazar\u00e9 &#8211; Carlos Burle Convocado"},"content":{"rendered":"<div id=\"attachment_8139\" style=\"width: 1210px\" class=\"wp-caption alignnone\"><img loading=\"lazy\" decoding=\"async\" aria-describedby=\"caption-attachment-8139\" class=\"wp-image-8139 size-full\" src=\"http:\/\/www.mormaii.com.br\/site\/wp-content\/uploads\/2018\/02\/Carlos-Burle-Nazare-Portugal-Ondas-Gigantes-Mormaii-2.jpg\" alt=\"\" width=\"1200\" height=\"800\" srcset=\"https:\/\/www.mormaii.com.br\/site\/wp-content\/uploads\/2018\/02\/Carlos-Burle-Nazare-Portugal-Ondas-Gigantes-Mormaii-2.jpg 1200w, https:\/\/www.mormaii.com.br\/site\/wp-content\/uploads\/2018\/02\/Carlos-Burle-Nazare-Portugal-Ondas-Gigantes-Mormaii-2-600x400.jpg 600w, https:\/\/www.mormaii.com.br\/site\/wp-content\/uploads\/2018\/02\/Carlos-Burle-Nazare-Portugal-Ondas-Gigantes-Mormaii-2-300x200.jpg 300w, https:\/\/www.mormaii.com.br\/site\/wp-content\/uploads\/2018\/02\/Carlos-Burle-Nazare-Portugal-Ondas-Gigantes-Mormaii-2-768x512.jpg 768w, https:\/\/www.mormaii.com.br\/site\/wp-content\/uploads\/2018\/02\/Carlos-Burle-Nazare-Portugal-Ondas-Gigantes-Mormaii-2-1024x683.jpg 1024w, https:\/\/www.mormaii.com.br\/site\/wp-content\/uploads\/2018\/02\/Carlos-Burle-Nazare-Portugal-Ondas-Gigantes-Mormaii-2-1170x780.jpg 1170w\" sizes=\"(max-width: 1200px) 100vw, 1200px\" \/><p id=\"caption-attachment-8139\" class=\"wp-caption-text\">Carlos Burle far\u00e1 sua despedida do Big Wave Tour nesse s\u00e1bado, em Nazar\u00e9, aos 50 anos de idade.<\/p><\/div>\n<p><span style=\"font-weight: 400;\">O Nazar\u00e9 Challenge acaba de receber sinal verde por parte da WSL.<\/span><\/p>\n<p><span style=\"font-weight: 400;\">As ondas gigantes de Portugal ser\u00e3o surfadas, mais uma vez, pelos melhores big riders do planeta.<\/span><\/p>\n<p><img loading=\"lazy\" decoding=\"async\" class=\"alignnone size-full wp-image-8136\" src=\"http:\/\/www.mormaii.com.br\/site\/wp-content\/uploads\/2018\/02\/Carlos-Burle-Nazare-Portugal-Ondas-Gigantes-Mormaii-5.jpg\" alt=\"\" width=\"1200\" height=\"800\" srcset=\"https:\/\/www.mormaii.com.br\/site\/wp-content\/uploads\/2018\/02\/Carlos-Burle-Nazare-Portugal-Ondas-Gigantes-Mormaii-5.jpg 1200w, https:\/\/www.mormaii.com.br\/site\/wp-content\/uploads\/2018\/02\/Carlos-Burle-Nazare-Portugal-Ondas-Gigantes-Mormaii-5-600x400.jpg 600w, https:\/\/www.mormaii.com.br\/site\/wp-content\/uploads\/2018\/02\/Carlos-Burle-Nazare-Portugal-Ondas-Gigantes-Mormaii-5-300x200.jpg 300w, https:\/\/www.mormaii.com.br\/site\/wp-content\/uploads\/2018\/02\/Carlos-Burle-Nazare-Portugal-Ondas-Gigantes-Mormaii-5-768x512.jpg 768w, https:\/\/www.mormaii.com.br\/site\/wp-content\/uploads\/2018\/02\/Carlos-Burle-Nazare-Portugal-Ondas-Gigantes-Mormaii-5-1024x683.jpg 1024w, https:\/\/www.mormaii.com.br\/site\/wp-content\/uploads\/2018\/02\/Carlos-Burle-Nazare-Portugal-Ondas-Gigantes-Mormaii-5-1170x780.jpg 1170w\" sizes=\"(max-width: 1200px) 100vw, 1200px\" \/><\/p>\n<h3><span style=\"font-weight: 400;\">Previs\u00e3o em Nazar\u00e9<\/span><\/h3>\n<p><span style=\"font-weight: 400;\">A previs\u00e3o \u00e9 para esse s\u00e1bado (10 de fevereiro) e aponta uma ondula\u00e7\u00e3o tenebrosa para o pico.<\/span><\/p>\n<p><span style=\"font-weight: 400;\">Marcando 4,5 metros, 16 segundos de intervalo e muito vento, algo em torno dos 20 n\u00f3s.<\/span><\/p>\n<p><span style=\"font-weight: 400;\">Em compara\u00e7\u00e3o ao gr\u00e1fico do ano passado, o mar ser\u00e1 muito maior.<\/span><\/p>\n<p><span style=\"font-weight: 400;\">Naquela data os n\u00fameros eram de 3.1 metros, 15 segundo, com 14 n\u00f3s. <\/span><\/p>\n<p><span style=\"font-weight: 400;\">Ou Seja, na pr\u00e1tica isso significa ondas de 25 \u00e0 35 p\u00e9s, com s\u00e9ries maiores.<\/span><\/p>\n<p><span style=\"font-weight: 400;\">Se os atletas j\u00e1 reclamaram das condi\u00e7\u00f5es extremamente pesadas do beach break no evento da \u00faltima temporada, podemos nos preparar para um verdadeiro show de horrores!<\/span><\/p>\n<p><img loading=\"lazy\" decoding=\"async\" class=\"alignnone size-full wp-image-8141\" src=\"http:\/\/www.mormaii.com.br\/site\/wp-content\/uploads\/2018\/02\/Carlos-Burle-Nazare-Portugal-Ondas-Gigantes-Mormaii-8.jpg\" alt=\"\" width=\"1200\" height=\"800\" srcset=\"https:\/\/www.mormaii.com.br\/site\/wp-content\/uploads\/2018\/02\/Carlos-Burle-Nazare-Portugal-Ondas-Gigantes-Mormaii-8.jpg 1200w, https:\/\/www.mormaii.com.br\/site\/wp-content\/uploads\/2018\/02\/Carlos-Burle-Nazare-Portugal-Ondas-Gigantes-Mormaii-8-600x400.jpg 600w, https:\/\/www.mormaii.com.br\/site\/wp-content\/uploads\/2018\/02\/Carlos-Burle-Nazare-Portugal-Ondas-Gigantes-Mormaii-8-300x200.jpg 300w, https:\/\/www.mormaii.com.br\/site\/wp-content\/uploads\/2018\/02\/Carlos-Burle-Nazare-Portugal-Ondas-Gigantes-Mormaii-8-768x512.jpg 768w, https:\/\/www.mormaii.com.br\/site\/wp-content\/uploads\/2018\/02\/Carlos-Burle-Nazare-Portugal-Ondas-Gigantes-Mormaii-8-1024x683.jpg 1024w, https:\/\/www.mormaii.com.br\/site\/wp-content\/uploads\/2018\/02\/Carlos-Burle-Nazare-Portugal-Ondas-Gigantes-Mormaii-8-1170x780.jpg 1170w\" sizes=\"(max-width: 1200px) 100vw, 1200px\" \/><\/p>\n<h3><span style=\"font-weight: 400;\">Condi\u00e7\u00f5es Extremas de Surf<\/span><\/h3>\n<p><span style=\"font-weight: 400;\">Lembrando que Nazar\u00e9 n\u00e3o possui canal e \u00e9 considerada a arrebenta\u00e7\u00e3o mais dif\u00edcil do mundo para se varar.<\/span><\/p>\n<p><span style=\"font-weight: 400;\">S\u00f3 esse ano, em um treino dos atletas do Big Wave Tour, num dia parecido, 8 jet skis foram parar na areia com algum tipo de avaria e tiveram que sair rebocados pela praia de trator.<\/span><\/p>\n<p><span style=\"font-weight: 400;\">At\u00e9 os pilotos sofrem com as condi\u00e7\u00f5es e \u00e9 comum ver resgatistas serem mandados para o hospital com ferimentos sofridos pelo impacto dos jets.<\/span><\/p>\n<p><span style=\"font-weight: 400;\">Lembrando que as motos pesam, em m\u00e9dia, meia tonelada.<\/span><\/p>\n<p><img loading=\"lazy\" decoding=\"async\" class=\"alignnone size-full wp-image-8137\" src=\"http:\/\/www.mormaii.com.br\/site\/wp-content\/uploads\/2018\/02\/Carlos-Burle-Nazare-Portugal-Ondas-Gigantes-Mormaii-4.jpg\" alt=\"\" width=\"1200\" height=\"800\" srcset=\"https:\/\/www.mormaii.com.br\/site\/wp-content\/uploads\/2018\/02\/Carlos-Burle-Nazare-Portugal-Ondas-Gigantes-Mormaii-4.jpg 1200w, https:\/\/www.mormaii.com.br\/site\/wp-content\/uploads\/2018\/02\/Carlos-Burle-Nazare-Portugal-Ondas-Gigantes-Mormaii-4-600x400.jpg 600w, https:\/\/www.mormaii.com.br\/site\/wp-content\/uploads\/2018\/02\/Carlos-Burle-Nazare-Portugal-Ondas-Gigantes-Mormaii-4-300x200.jpg 300w, https:\/\/www.mormaii.com.br\/site\/wp-content\/uploads\/2018\/02\/Carlos-Burle-Nazare-Portugal-Ondas-Gigantes-Mormaii-4-768x512.jpg 768w, https:\/\/www.mormaii.com.br\/site\/wp-content\/uploads\/2018\/02\/Carlos-Burle-Nazare-Portugal-Ondas-Gigantes-Mormaii-4-1024x683.jpg 1024w, https:\/\/www.mormaii.com.br\/site\/wp-content\/uploads\/2018\/02\/Carlos-Burle-Nazare-Portugal-Ondas-Gigantes-Mormaii-4-1170x780.jpg 1170w\" sizes=\"(max-width: 1200px) 100vw, 1200px\" \/><\/p>\n<h3><span style=\"font-weight: 400;\">Carlos Burle<\/span><\/h3>\n<p><span style=\"font-weight: 400;\">\u00c9 nesse cen\u00e1rio que o bicampe\u00e3o mundial Carlos Burle far\u00e1 sua despedida oficial do Big Wave Tour, aos 50 anos de idade.<\/span><\/p>\n<p><span style=\"font-weight: 400;\">Burle, que j\u00e1 se aposentou da carreira de competidor, estava guardando esse wild card para fazer sua \u00faltima apresenta\u00e7\u00e3o em grande estilo.<\/span><\/p>\n<p>Ao lado dele estar\u00e3o os brasileiros da nova gera\u00e7\u00e3o Lucas Chumbinho e Pedro Calado, que estiveram por l\u00e1 recentemente treinando forte nos maiores dias.<\/p>\n<p><img loading=\"lazy\" decoding=\"async\" class=\"alignnone size-full wp-image-8140\" src=\"http:\/\/www.mormaii.com.br\/site\/wp-content\/uploads\/2018\/02\/Carlos-Burle-Nazare-Portugal-Ondas-Gigantes-Mormaii-1.jpg\" alt=\"\" width=\"1200\" height=\"801\" srcset=\"https:\/\/www.mormaii.com.br\/site\/wp-content\/uploads\/2018\/02\/Carlos-Burle-Nazare-Portugal-Ondas-Gigantes-Mormaii-1.jpg 1200w, https:\/\/www.mormaii.com.br\/site\/wp-content\/uploads\/2018\/02\/Carlos-Burle-Nazare-Portugal-Ondas-Gigantes-Mormaii-1-600x401.jpg 600w, https:\/\/www.mormaii.com.br\/site\/wp-content\/uploads\/2018\/02\/Carlos-Burle-Nazare-Portugal-Ondas-Gigantes-Mormaii-1-300x200.jpg 300w, https:\/\/www.mormaii.com.br\/site\/wp-content\/uploads\/2018\/02\/Carlos-Burle-Nazare-Portugal-Ondas-Gigantes-Mormaii-1-768x513.jpg 768w, https:\/\/www.mormaii.com.br\/site\/wp-content\/uploads\/2018\/02\/Carlos-Burle-Nazare-Portugal-Ondas-Gigantes-Mormaii-1-1024x684.jpg 1024w, https:\/\/www.mormaii.com.br\/site\/wp-content\/uploads\/2018\/02\/Carlos-Burle-Nazare-Portugal-Ondas-Gigantes-Mormaii-1-1170x780.jpg 1170w\" sizes=\"(max-width: 1200px) 100vw, 1200px\" \/><\/p>\n<h3><span style=\"font-weight: 400;\">Fazendo Hist\u00f3ria nas Ondas Gigantes<\/span><\/h3>\n<p><span style=\"font-weight: 400;\">Vice-campe\u00e3o do \u00faltimo evento em Portugal e um dos desbravadores do pico, parece que o destino j\u00e1 esperava pelo pernambucano em Nazar\u00e9.<\/span><\/p>\n<p><span style=\"font-weight: 400;\">Fiquem ligados no site da Mormaii para mais conte\u00fados e resultados sobre o Nazar\u00e9 Big Wave Challenge.<\/span><\/p>\n<div id=\"attachment_8136\" style=\"width: 1210px\" class=\"wp-caption alignnone\"><img loading=\"lazy\" decoding=\"async\" aria-describedby=\"caption-attachment-8136\" class=\"wp-image-8136 size-full\" src=\"http:\/\/www.mormaii.com.br\/site\/wp-content\/uploads\/2018\/02\/Carlos-Burle-Nazare-Portugal-Ondas-Gigantes-Mormaii-5.jpg\" alt=\"\" width=\"1200\" height=\"800\" srcset=\"https:\/\/www.mormaii.com.br\/site\/wp-content\/uploads\/2018\/02\/Carlos-Burle-Nazare-Portugal-Ondas-Gigantes-Mormaii-5.jpg 1200w, https:\/\/www.mormaii.com.br\/site\/wp-content\/uploads\/2018\/02\/Carlos-Burle-Nazare-Portugal-Ondas-Gigantes-Mormaii-5-600x400.jpg 600w, https:\/\/www.mormaii.com.br\/site\/wp-content\/uploads\/2018\/02\/Carlos-Burle-Nazare-Portugal-Ondas-Gigantes-Mormaii-5-300x200.jpg 300w, https:\/\/www.mormaii.com.br\/site\/wp-content\/uploads\/2018\/02\/Carlos-Burle-Nazare-Portugal-Ondas-Gigantes-Mormaii-5-768x512.jpg 768w, https:\/\/www.mormaii.com.br\/site\/wp-content\/uploads\/2018\/02\/Carlos-Burle-Nazare-Portugal-Ondas-Gigantes-Mormaii-5-1024x683.jpg 1024w, https:\/\/www.mormaii.com.br\/site\/wp-content\/uploads\/2018\/02\/Carlos-Burle-Nazare-Portugal-Ondas-Gigantes-Mormaii-5-1170x780.jpg 1170w\" sizes=\"(max-width: 1200px) 100vw, 1200px\" \/><p id=\"caption-attachment-8136\" class=\"wp-caption-text\">Fotos: WSL\/Tony Haff \/\/ Surfista: Carlos Burle<\/p><\/div>\n<blockquote class=\"instagram-media\" style=\"background: #FFF; border: 0; border-radius: 3px; box-shadow: 0 0 1px 0 rgba(0,0,0,0.5),0 1px 10px 0 rgba(0,0,0,0.15); margin: 1px; max-width: 658px; padding: 0; width: calc(100% - 2px);\" data-instgrm-captioned=\"\" data-instgrm-permalink=\"https:\/\/www.instagram.com\/p\/Be5QK3GldMh\/\" data-instgrm-version=\"8\">\n<div style=\"padding: 8px;\">\n<div style=\"background: #F8F8F8; line-height: 0; margin-top: 40px; padding: 50.0% 0; text-align: center; width: 100%;\">\n<div style=\"background: url(data:image\/png; base64,ivborw0kggoaaaansuheugaaacwaaaascamaaaapwqozaaaabgdbtueaalgpc\/xhbqaaaafzukdcak7ohokaaaamuexurczmzpf399fx1+bm5mzy9amaaadisurbvdjlvzxbesmgces5\/p8\/t9furvcrmu73jwlzosgsiizurcjo\/ad+eqjjb4hv8bft+idpqocx1wjosbfhh2xssxeiyn3uli\/6mnree07uiwjev8ueowds88ly97kqytlijkktuybbruayvh5wohixmpi5we58ek028czwyuqdlkpg1bkb4nnm+veanfhqn1k4+gpt6ugqcvu2h2ovuif\/gwufyy8owepdyzsa3avcqpvovvzzz2vtnn2wu8qzvjddeto90gsy9mvlqtgysy231mxry6i2ggqjrty0l8fxcxfcbbhwrsyyaaaaaelftksuqmcc); display: block; height: 44px; margin: 0 auto -44px; position: relative; top: -22px; width: 44px;\"><\/div>\n<\/div>\n<p style=\"margin: 8px 0 0 0; padding: 0 4px;\"><a style=\"color: #000; font-family: Arial,sans-serif; font-size: 14px; font-style: normal; font-weight: normal; line-height: 17px; text-decoration: none; word-wrap: break-word;\" href=\"https:\/\/www.instagram.com\/p\/Be5QK3GldMh\/\" target=\"_blank\" rel=\"noopener\">\u00c9 oficial! O Nazar\u00e9 Challenge realiza-se no pr\u00f3ximo s\u00e1bado, dia 10 de fevereiro. Os melhores do mundo da modalidade j\u00e1 fazem as malas para se porem a caminho da Praia do Norte, para aquele que \u00e9 o segundo evento consecutivo da Big Wave Tour na Nazar\u00e9. O call est\u00e1 marcado para as 7h30 de s\u00e1bado. N\u00e3o percam! O Forte de S\u00e3o Miguel Arcanjo vai estar fechado ao p\u00fablico na sexta-feira e no s\u00e1bado, dias 9 e 10, e o tr\u00e2nsito autom\u00f3vel vai estar vedado na estrada de acesso ao forte. O forte volta a fechar portas na ter\u00e7a-feira de carnaval, dia 13 de fevereiro. #nazarechallenge #nazare #nazar\u00e9 #ocean #oceano #canhaodanazare #fortedesaomiguelarcanjo #visitnazare #portugal #bigwaves #waves<\/a><\/p>\n<p style=\"color: #c9c8cd; font-family: Arial,sans-serif; font-size: 14px; line-height: 17px; margin-bottom: 0; margin-top: 8px; overflow: hidden; padding: 8px 0 7px; text-align: center; text-overflow: ellipsis; white-space: nowrap;\">Uma publica\u00e7\u00e3o compartilhada por <a style=\"color: #c9c8cd; font-family: Arial,sans-serif; font-size: 14px; font-style: normal; font-weight: normal; line-height: 17px;\" href=\"https:\/\/www.instagram.com\/praiadonortenazare\/\" target=\"_blank\" rel=\"noopener\"> Praia do Norte<\/a> (@praiadonortenazare) em <time style=\"font-family: Arial,sans-serif; font-size: 14px; line-height: 17px;\" datetime=\"2018-02-07T11:56:04+00:00\">7 de Fev, 2018 \u00e0s 3:56 PST<\/time><\/p>\n<\/div>\n<\/blockquote>\n<p><script async defer src=\"\/\/platform.instagram.com\/en_US\/embeds.js\"><\/script><\/p>\n","protected":false},"excerpt":{"rendered":"<p>O Nazar\u00e9 Challenge acaba de receber sinal verde por parte da WSL. As ondas gigantes de Portugal ser\u00e3o surfadas, mais uma vez, pelos melhores big riders do planeta. Previs\u00e3o em Nazar\u00e9 A previs\u00e3o \u00e9 para esse s\u00e1bado (10 de fevereiro) e aponta uma ondula\u00e7\u00e3o tenebrosa para o pico. Marcando 4,5 metros, 16 segundos de intervalo [&hellip;]<\/p>\n","protected":false},"author":5,"featured_media":8137,"comment_status":"closed","ping_status":"closed","sticky":false,"template":"","format":"standard","meta":{"_uag_custom_page_level_css":"","_mi_skip_tracking":false,"footnotes":""},"categories":[1,914],"tags":[567,394,311,282,29,334,335,253],"class_list":["post-8135","post","type-post","status-publish","format-standard","has-post-thumbnail","hentry","category-historia","category-mormaii","tag-big-wave-tour","tag-big-waves","tag-carlos-burle","tag-home","tag-mormaii","tag-nazare","tag-portugal","tag-surf"],"acf":[],"uagb_featured_image_src":{"full":["https:\/\/www.mormaii.com.br\/site\/wp-content\/uploads\/2018\/02\/Carlos-Burle-Nazare-Portugal-Ondas-Gigantes-Mormaii-4.jpg",1200,800,false],"thumbnail":["https:\/\/www.mormaii.com.br\/site\/wp-content\/uploads\/2018\/02\/Carlos-Burle-Nazare-Portugal-Ondas-Gigantes-Mormaii-4-150x150.jpg",150,150,true],"medium":["https:\/\/www.mormaii.com.br\/site\/wp-content\/uploads\/2018\/02\/Carlos-Burle-Nazare-Portugal-Ondas-Gigantes-Mormaii-4-300x200.jpg",300,200,true],"medium_large":["https:\/\/www.mormaii.com.br\/site\/wp-content\/uploads\/2018\/02\/Carlos-Burle-Nazare-Portugal-Ondas-Gigantes-Mormaii-4-768x512.jpg",768,512,true],"large":["https:\/\/www.mormaii.com.br\/site\/wp-content\/uploads\/2018\/02\/Carlos-Burle-Nazare-Portugal-Ondas-Gigantes-Mormaii-4-1024x683.jpg",1024,683,true],"1536x1536":["https:\/\/www.mormaii.com.br\/site\/wp-content\/uploads\/2018\/02\/Carlos-Burle-Nazare-Portugal-Ondas-Gigantes-Mormaii-4.jpg",1200,800,false],"2048x2048":["https:\/\/www.mormaii.com.br\/site\/wp-content\/uploads\/2018\/02\/Carlos-Burle-Nazare-Portugal-Ondas-Gigantes-Mormaii-4.jpg",1200,800,false],"qi_addons_for_elementor_image_size_square":["https:\/\/www.mormaii.com.br\/site\/wp-content\/uploads\/2018\/02\/Carlos-Burle-Nazare-Portugal-Ondas-Gigantes-Mormaii-4.jpg",650,433,false],"qi_addons_for_elementor_image_size_landscape":["https:\/\/www.mormaii.com.br\/site\/wp-content\/uploads\/2018\/02\/Carlos-Burle-Nazare-Portugal-Ondas-Gigantes-Mormaii-4.jpg",975,650,false],"qi_addons_for_elementor_image_size_portrait":["https:\/\/www.mormaii.com.br\/site\/wp-content\/uploads\/2018\/02\/Carlos-Burle-Nazare-Portugal-Ondas-Gigantes-Mormaii-4.jpg",650,433,false],"qi_addons_for_elementor_image_size_huge-square":["https:\/\/www.mormaii.com.br\/site\/wp-content\/uploads\/2018\/02\/Carlos-Burle-Nazare-Portugal-Ondas-Gigantes-Mormaii-4.jpg",1200,800,false]},"uagb_author_info":{"display_name":"Tissot","author_link":"https:\/\/www.mormaii.com.br\/site\/author\/fabiano\/"},"uagb_comment_info":0,"uagb_excerpt":"O Nazar\u00e9 Challenge acaba de receber sinal verde por parte da WSL. As ondas gigantes de Portugal ser\u00e3o surfadas, mais uma vez, pelos melhores big riders do planeta. Previs\u00e3o em Nazar\u00e9 A previs\u00e3o \u00e9 para esse s\u00e1bado (10 de fevereiro) e aponta uma ondula\u00e7\u00e3o tenebrosa para o pico. Marcando 4,5 metros, 16 segundos de intervalo&hellip;","_links":{"self":[{"href":"https:\/\/www.mormaii.com.br\/site\/wp-json\/wp\/v2\/posts\/8135"}],"collection":[{"href":"https:\/\/www.mormaii.com.br\/site\/wp-json\/wp\/v2\/posts"}],"about":[{"href":"https:\/\/www.mormaii.com.br\/site\/wp-json\/wp\/v2\/types\/post"}],"author":[{"embeddable":true,"href":"https:\/\/www.mormaii.com.br\/site\/wp-json\/wp\/v2\/users\/5"}],"replies":[{"embeddable":true,"href":"https:\/\/www.mormaii.com.br\/site\/wp-json\/wp\/v2\/comments?post=8135"}],"version-history":[{"count":6,"href":"https:\/\/www.mormaii.com.br\/site\/wp-json\/wp\/v2\/posts\/8135\/revisions"}],"predecessor-version":[{"id":8152,"href":"https:\/\/www.mormaii.com.br\/site\/wp-json\/wp\/v2\/posts\/8135\/revisions\/8152"}],"wp:featuredmedia":[{"embeddable":true,"href":"https:\/\/www.mormaii.com.br\/site\/wp-json\/wp\/v2\/media\/8137"}],"wp:attachment":[{"href":"https:\/\/www.mormaii.com.br\/site\/wp-json\/wp\/v2\/media?parent=8135"}],"wp:term":[{"taxonomy":"category","embeddable":true,"href":"https:\/\/www.mormaii.com.br\/site\/wp-json\/wp\/v2\/categories?post=8135"},{"taxonomy":"post_tag","embeddable":true,"href":"https:\/\/www.mormaii.com.br\/site\/wp-json\/wp\/v2\/tags?post=8135"}],"curies":[{"name":"wp","href":"https:\/\/api.w.org\/{rel}","templated":true}]}}