{"id":8153,"date":"2018-02-08T07:14:48","date_gmt":"2018-02-08T09:14:48","guid":{"rendered":"http:\/\/www.mormaii.com.br\/site\/?p=8153"},"modified":"2022-06-10T10:51:10","modified_gmt":"2022-06-10T13:51:10","slug":"allan-do-carmo-em-mais-um-ciclo-olimpico-na-natacao","status":"publish","type":"post","link":"https:\/\/www.mormaii.com.br\/site\/allan-do-carmo-em-mais-um-ciclo-olimpico-na-natacao\/","title":{"rendered":"Allan do Carmo em mais um ciclo ol\u00edmpico de nata\u00e7\u00e3o"},"content":{"rendered":"<p><img loading=\"lazy\" decoding=\"async\" class=\"wp-image-8154 size-full\" src=\"http:\/\/www.mormaii.com.br\/site\/wp-content\/uploads\/2018\/02\/allan-do-carmo-natacao-mormaii.jpg\" alt=\"\" width=\"1974\" height=\"1316\" srcset=\"https:\/\/www.mormaii.com.br\/site\/wp-content\/uploads\/2018\/02\/allan-do-carmo-natacao-mormaii.jpg 1974w, https:\/\/www.mormaii.com.br\/site\/wp-content\/uploads\/2018\/02\/allan-do-carmo-natacao-mormaii-600x400.jpg 600w, https:\/\/www.mormaii.com.br\/site\/wp-content\/uploads\/2018\/02\/allan-do-carmo-natacao-mormaii-300x200.jpg 300w, https:\/\/www.mormaii.com.br\/site\/wp-content\/uploads\/2018\/02\/allan-do-carmo-natacao-mormaii-768x512.jpg 768w, https:\/\/www.mormaii.com.br\/site\/wp-content\/uploads\/2018\/02\/allan-do-carmo-natacao-mormaii-1024x683.jpg 1024w, https:\/\/www.mormaii.com.br\/site\/wp-content\/uploads\/2018\/02\/allan-do-carmo-natacao-mormaii-1170x780.jpg 1170w\" sizes=\"(max-width: 1974px) 100vw, 1974px\" \/><\/p>\n<p>Por Giovana de Paula para o blog Mormaii Nata\u00e7\u00e3o<\/p>\n<h3>Allan do Carmo em mais um ciclo ol\u00edmpico de nata\u00e7\u00e3o<\/h3>\n<p>O baiano Allan do Carmo treina forte para dar aquela \u2018apimentada\u2019 nas competi\u00e7\u00f5es<\/p>\n<p>Mas afinal, o que \u00e9 que a Bahia tem?<\/p>\n<p>O estado nos presenteou com Allan do Carmo e Ana Marcela, duas grandes esperan\u00e7as de continuarmos a obter excelentes resultados na modalidade.<\/p>\n<p>Baiano de Salvador, Allan realiza mais um ciclo ol\u00edmpico, visando agora, Tokyo 2020.<\/p>\n<p>Ele j\u00e1 participou de duas olimp\u00edadas: Pequim 2008 e no Rio de Janeiro 2016.<\/p>\n<p>Anteriormente, Allan do Carmo \u00a0n\u00e3o havia obtido o \u00edndice para competir em Londres e, segundo ele conta em entrevista exclusiva \u00e0 coluna Bra\u00e7ada Perfeita, esta foi uma de suas mais duras li\u00e7\u00f5es.\u00a0 \u201cDali, tive de me refazer\u201d.<\/p>\n<h3>Entrevista<\/h3>\n<p>Acompanhe na sequ\u00eancia, mais detalhes de nossa conversa com o baiano Allan do Carmo.<\/p>\n<p><strong>Preparo f\u00edsico, confian\u00e7a e motiva\u00e7\u00e3o. Como um bom baiano, qual o tempero que n\u00e3o pode faltar \u00e0 sua nata\u00e7\u00e3o? Qual \u00e9 a \u2018pimenta\u2019 que voc\u00ea coloca na \u00e1gua?<\/strong><\/p>\n<p>Treino! Sem ele n\u00e3o preparo f\u00edsico, nem confian\u00e7a e motiva\u00e7\u00e3o para poder da aquela \u2018apimentada\u2019 nas competi\u00e7\u00f5es.<\/p>\n<p><strong>Allan, o acaraj\u00e9, \u00e9 uma comida ritual da orix\u00e1 Ians\u00e3. Na \u00c1frica, na l\u00edngua iorub\u00e1, \u00e9 chamado de \u201c\u00e0k\u00e0r\u00e0\u201d, que significa \u201cbola de fogo\u201d, enquanto que \u201cj\u00ea\u201d possui o significado de \u201ccomer\u201d. No seu caso, cite as principais \u201cbolas de fogo\u201d que voc\u00ea teve que transpor para chegar ao n\u00edvel que voc\u00ea atingiu. \u00a0<\/strong><\/p>\n<p>Muitas \u201cbolas de fogo\u201d foram superadas na minha vida esportiva.<\/p>\n<p>Mas a principal foi, depois de ter ficado de fora dos jogos Ol\u00edmpicos de Londres.<\/p>\n<p>Ter que me reerguer para conseguir a classifica\u00e7\u00e3o, da melhor forma poss\u00edvel, para as Olimp\u00edadas do Rio.<\/p>\n<p><strong>Como voc\u00ea lida com a quest\u00e3o religiosa para se manter tranquilo durante uma prova com dura\u00e7\u00e3o de horas?<\/strong><\/p>\n<p>Sou cat\u00f3lico de cria\u00e7\u00e3o e espiritualista. Tenho minhas cren\u00e7as e nunca deixo de fazer minha ora\u00e7\u00e3o junto ao meu treinador antes de entrar na \u00e1gua.<\/p>\n<p><strong>Abordando um pouco o seu treinamento, voc\u00ea ainda continua nadando, em m\u00e9dia, 80 km por semana, e muitas vezes puxando o bote com o seu treinador, com cerca de 122 kg no total? Voc\u00ea ainda faz este tipo de treinamento para aliar for\u00e7a e resist\u00eancia?<\/strong><\/p>\n<p>Esse \u00e9 um tipo de treinamento que ainda usamos em algumas fases de desenvolvimento, normalmente realizado no mar, como forma de introduzir um trabalho de for\u00e7a e resist\u00eancia durante o treino.<\/p>\n<p><strong>E como s\u00e3o trabalhados os aspectos t\u00e9cnicos? Quais exerc\u00edcios voc\u00ea destaca que contribu\u00edram para sua evolu\u00e7\u00e3o? Quais destes s\u00e3o os que voc\u00ea n\u00e3o pode \u2018nem sonhar\u2019, pois foram extremamente dif\u00edceis para voc\u00ea?<\/strong><\/p>\n<p>No geral, fazemos um trabalho de muito volume de treino durante a semana e os aspectos t\u00e9cnicos s\u00e3o um trabalho mais espec\u00edfico, conforme as minhas defici\u00eancias identificadas durante os treinamentos. O que eu tenho maior dificuldade e que exigem muita aten\u00e7\u00e3o s\u00e3o os exerc\u00edcios para o quadril e o ombro, que s\u00e3o as \u00e1reas nas quais sempre necessito ter um refor\u00e7o extra.<\/p>\n<p><strong>Da\u00ed voc\u00ea olha para o mar, uma mar\u00e9 muito forte. Assim foi a prova da Travessia do Canal de Ilhabela no ano passado. Voc\u00ea venceu os pouco mais de 3 kil\u00f4metros da prova com o tempo 31\u201955\u2019\u2019. Como voc\u00ea se prepara mentalmente para estes desafios?\u00a0<\/strong><\/p>\n<p>S\u00e3o muitos anos de viv\u00eancia nesses tipos de prova. Quando me deparo com uma prova organizada e com uma boa estrutura, j\u00e1 passa uma tranquilidade maior para o atleta. \u00a0J\u00e1 ter nadado provas de 5k, 10k e 25 k faz com que eu n\u00e3o me assuste tanto com uma prova de 3k.<\/p>\n<p><strong>Como um atleta iniciante deve se preparar para se manter calmo na prova?<\/strong><\/p>\n<p>Fazendo um trabalho de mentaliza\u00e7\u00e3o da prova, imaginando-se fazendo todo o percurso, passando boia por boia at\u00e9 a chegada. Essa \u00e9 uma das formas que utilizo para me sentir mais calmo antes de uma prova mais tensa.<\/p>\n<p><strong>Em uma defini\u00e7\u00e3o, \u201catleta \u00e9 o guerreiro moderno. Quais as bases que o \u201chomem\u201d Allan do Carmo traz do \u201catleta\u201d Allan do Carmo?<\/strong><\/p>\n<p>Muitas. Minha educa\u00e7\u00e3o e experi\u00eancia de vida vieram todas atrav\u00e9s do esporte com muita disciplina, comprometimento e abdica\u00e7\u00e3o. Ent\u00e3o, levo muito em mim, para o aspecto pessoal, essa raiz do \u201catleta\u201d Allan do Carmo.<\/p>\n<p><strong>Allan, qual \u00e9 a sua \u2018bra\u00e7ada perfeita\u2019? \u00a0<\/strong><\/p>\n<p>Vou completar em 2018, nada menos que 21 anos de nata\u00e7\u00e3o. Aquele menino que abandonou o jud\u00f4 em detrimento \u00e0 nata\u00e7\u00e3o, nem de longe sonhava com o Allan de hoje. Nem imagino o que eu diria para o &#8220;Allanzinho&#8221;&#8230; Onde errei? Onde acertei? No meu in\u00edcio tudo era como uma brincadeira, uma forma de divers\u00e3o. At\u00e9 que chegou a um ponto no qual eu tive uma oportunidade de sentir o que \u00e9 ser um atleta e poder sonhar como um atleta. Eu j\u00e1 cheguei a errar muito, mas encarei tudo como um aprendizado para minha vida, tentando me superar, sempre. Ent\u00e3o n\u00e3o mudaria nada do que foi feito at\u00e9 aqui.<\/p>\n<p><strong>Principal objetivo a ser alcan\u00e7ado?<\/strong><\/p>\n<p>Hoje \u00e9 completar mais um ciclo ol\u00edmpico, chegando a Tokyo em 2020!<\/p>\n<p><strong>O diferencial entre o esporte amador e o profissional?<\/strong><\/p>\n<p>O rico n\u00edvel de detalhes no esporte profissional, que fazem a diferen\u00e7a. Ent\u00e3o, temos que ser detalhistas em todos os sentidos: alimenta\u00e7\u00e3o, treino, descanso e todos os tipos de situa\u00e7\u00f5es que possam interferir em nosso rendimento esportivo.<\/p>\n<p><strong>Uma lembran\u00e7a marcante:\u00a0<\/strong><\/p>\n<p>Medalha de bronze obtida nos Jogos Panamericanos no Rio em 2007, na praia de Copacabana, super lotada.<\/p>\n<h3>Perfil<strong><br \/>\n<\/strong><\/h3>\n<ul>\n<li>Nome completo: Allan Lopes Mam\u00e9dio do Carmo<\/li>\n<li>Idade: 28<\/li>\n<li>Data e local de Nascimento: Salvador, 3 de agosto de 1989<\/li>\n<\/ul>\n<h3>Melhores marcas na carreira<\/h3>\n<ul>\n<li>Campe\u00e3o do circuito mundial em 2014<\/li>\n<li>Vice-campe\u00e3o do circuito mundial em 2009, 2015 e 2017<\/li>\n<li>Medalha de bronze (10 km) nos Jogos Pan-Americanos de 2007 no Rio<\/li>\n<li>Medalha de ouro (5 km) nos Jogos Sul-Americanos de 2006 em Buenos Aires<\/li>\n<li>Medalha de ouro (10 km e revezamento misto) nos Jogos Sul-Americanos de 2014 em Santiago<\/li>\n<li>Vice-campe\u00e3o (revezamento misto) mundial em 2015<\/li>\n<li>3\u00b0 colocado (revezamento misto) no mundial em 2013<\/li>\n<\/ul>\n","protected":false},"excerpt":{"rendered":"<p>Por Giovana de Paula para o blog Mormaii Nata\u00e7\u00e3o Allan do Carmo em mais um ciclo ol\u00edmpico de nata\u00e7\u00e3o O baiano Allan do Carmo treina forte para dar aquela \u2018apimentada\u2019 nas competi\u00e7\u00f5es Mas afinal, o que \u00e9 que a Bahia tem? O estado nos presenteou com Allan do Carmo e Ana Marcela, duas grandes esperan\u00e7as [&hellip;]<\/p>\n","protected":false},"author":5,"featured_media":8154,"comment_status":"closed","ping_status":"closed","sticky":false,"template":"","format":"standard","meta":{"_uag_custom_page_level_css":"","_mi_skip_tracking":false,"footnotes":""},"categories":[1,914],"tags":[356,568,282,358,29,370],"class_list":["post-8153","post","type-post","status-publish","format-standard","has-post-thumbnail","hentry","category-historia","category-mormaii","tag-allan-do-carmo","tag-ciclo-olimpico","tag-home","tag-maratonas-aquaticas","tag-mormaii","tag-natacao"],"acf":[],"uagb_featured_image_src":{"full":["https:\/\/www.mormaii.com.br\/site\/wp-content\/uploads\/2018\/02\/allan-do-carmo-natacao-mormaii.jpg",1974,1316,false],"thumbnail":["https:\/\/www.mormaii.com.br\/site\/wp-content\/uploads\/2018\/02\/allan-do-carmo-natacao-mormaii-150x150.jpg",150,150,true],"medium":["https:\/\/www.mormaii.com.br\/site\/wp-content\/uploads\/2018\/02\/allan-do-carmo-natacao-mormaii-300x200.jpg",300,200,true],"medium_large":["https:\/\/www.mormaii.com.br\/site\/wp-content\/uploads\/2018\/02\/allan-do-carmo-natacao-mormaii-768x512.jpg",768,512,true],"large":["https:\/\/www.mormaii.com.br\/site\/wp-content\/uploads\/2018\/02\/allan-do-carmo-natacao-mormaii-1024x683.jpg",1024,683,true],"1536x1536":["https:\/\/www.mormaii.com.br\/site\/wp-content\/uploads\/2018\/02\/allan-do-carmo-natacao-mormaii.jpg",1536,1024,false],"2048x2048":["https:\/\/www.mormaii.com.br\/site\/wp-content\/uploads\/2018\/02\/allan-do-carmo-natacao-mormaii.jpg",1974,1316,false],"qi_addons_for_elementor_image_size_square":["https:\/\/www.mormaii.com.br\/site\/wp-content\/uploads\/2018\/02\/allan-do-carmo-natacao-mormaii.jpg",650,433,false],"qi_addons_for_elementor_image_size_landscape":["https:\/\/www.mormaii.com.br\/site\/wp-content\/uploads\/2018\/02\/allan-do-carmo-natacao-mormaii.jpg",975,650,false],"qi_addons_for_elementor_image_size_portrait":["https:\/\/www.mormaii.com.br\/site\/wp-content\/uploads\/2018\/02\/allan-do-carmo-natacao-mormaii.jpg",650,433,false],"qi_addons_for_elementor_image_size_huge-square":["https:\/\/www.mormaii.com.br\/site\/wp-content\/uploads\/2018\/02\/allan-do-carmo-natacao-mormaii.jpg",1300,867,false]},"uagb_author_info":{"display_name":"Tissot","author_link":"https:\/\/www.mormaii.com.br\/site\/author\/fabiano\/"},"uagb_comment_info":0,"uagb_excerpt":"Por Giovana de Paula para o blog Mormaii Nata\u00e7\u00e3o Allan do Carmo em mais um ciclo ol\u00edmpico de nata\u00e7\u00e3o O baiano Allan do Carmo treina forte para dar aquela \u2018apimentada\u2019 nas competi\u00e7\u00f5es Mas afinal, o que \u00e9 que a Bahia tem? O estado nos presenteou com Allan do Carmo e Ana Marcela, duas grandes esperan\u00e7as&hellip;","_links":{"self":[{"href":"https:\/\/www.mormaii.com.br\/site\/wp-json\/wp\/v2\/posts\/8153"}],"collection":[{"href":"https:\/\/www.mormaii.com.br\/site\/wp-json\/wp\/v2\/posts"}],"about":[{"href":"https:\/\/www.mormaii.com.br\/site\/wp-json\/wp\/v2\/types\/post"}],"author":[{"embeddable":true,"href":"https:\/\/www.mormaii.com.br\/site\/wp-json\/wp\/v2\/users\/5"}],"replies":[{"embeddable":true,"href":"https:\/\/www.mormaii.com.br\/site\/wp-json\/wp\/v2\/comments?post=8153"}],"version-history":[{"count":3,"href":"https:\/\/www.mormaii.com.br\/site\/wp-json\/wp\/v2\/posts\/8153\/revisions"}],"predecessor-version":[{"id":8157,"href":"https:\/\/www.mormaii.com.br\/site\/wp-json\/wp\/v2\/posts\/8153\/revisions\/8157"}],"wp:featuredmedia":[{"embeddable":true,"href":"https:\/\/www.mormaii.com.br\/site\/wp-json\/wp\/v2\/media\/8154"}],"wp:attachment":[{"href":"https:\/\/www.mormaii.com.br\/site\/wp-json\/wp\/v2\/media?parent=8153"}],"wp:term":[{"taxonomy":"category","embeddable":true,"href":"https:\/\/www.mormaii.com.br\/site\/wp-json\/wp\/v2\/categories?post=8153"},{"taxonomy":"post_tag","embeddable":true,"href":"https:\/\/www.mormaii.com.br\/site\/wp-json\/wp\/v2\/tags?post=8153"}],"curies":[{"name":"wp","href":"https:\/\/api.w.org\/{rel}","templated":true}]}}