{"id":8173,"date":"2018-02-10T17:48:53","date_gmt":"2018-02-10T19:48:53","guid":{"rendered":"http:\/\/www.mormaii.com.br\/site\/?p=8173"},"modified":"2022-06-10T10:40:44","modified_gmt":"2022-06-10T13:40:44","slug":"carlos-burle-se-despede-das-competicoes-em-nazare","status":"publish","type":"post","link":"https:\/\/www.mormaii.com.br\/site\/carlos-burle-se-despede-das-competicoes-em-nazare\/","title":{"rendered":"Carlos Burle se despede das competi\u00e7\u00f5es em Nazar\u00e9"},"content":{"rendered":"<p><img loading=\"lazy\" decoding=\"async\" class=\"alignnone size-full wp-image-8174\" src=\"http:\/\/www.mormaii.com.br\/site\/wp-content\/uploads\/2018\/02\/carlos-burle-nazare-mormaii.jpg\" alt=\"\" width=\"700\" height=\"400\" srcset=\"https:\/\/www.mormaii.com.br\/site\/wp-content\/uploads\/2018\/02\/carlos-burle-nazare-mormaii.jpg 700w, https:\/\/www.mormaii.com.br\/site\/wp-content\/uploads\/2018\/02\/carlos-burle-nazare-mormaii-600x343.jpg 600w, https:\/\/www.mormaii.com.br\/site\/wp-content\/uploads\/2018\/02\/carlos-burle-nazare-mormaii-300x171.jpg 300w\" sizes=\"(max-width: 700px) 100vw, 700px\" \/><\/p>\n<p>O forte vento Noroeste n\u00e3o deu tr\u00e9gua neste s\u00e1bado (10\/02) e impediu a sequ\u00eancia do Nazar\u00e9 Challenge, terceira etapa do Big Wave Tour, que acontece na Praia do Norte, em Nazar\u00e9, Portugal.<\/p>\n<p>Em um mar revolto, com ondas na casa dos 8 metros, foram realizadas apenas duas baterias do primeiro round.<\/p>\n<p><img loading=\"lazy\" decoding=\"async\" class=\"alignnone size-full wp-image-8139\" src=\"http:\/\/www.mormaii.com.br\/site\/wp-content\/uploads\/2018\/02\/Carlos-Burle-Nazare-Portugal-Ondas-Gigantes-Mormaii-2.jpg\" alt=\"\" width=\"1200\" height=\"800\" srcset=\"https:\/\/www.mormaii.com.br\/site\/wp-content\/uploads\/2018\/02\/Carlos-Burle-Nazare-Portugal-Ondas-Gigantes-Mormaii-2.jpg 1200w, https:\/\/www.mormaii.com.br\/site\/wp-content\/uploads\/2018\/02\/Carlos-Burle-Nazare-Portugal-Ondas-Gigantes-Mormaii-2-600x400.jpg 600w, https:\/\/www.mormaii.com.br\/site\/wp-content\/uploads\/2018\/02\/Carlos-Burle-Nazare-Portugal-Ondas-Gigantes-Mormaii-2-300x200.jpg 300w, https:\/\/www.mormaii.com.br\/site\/wp-content\/uploads\/2018\/02\/Carlos-Burle-Nazare-Portugal-Ondas-Gigantes-Mormaii-2-768x512.jpg 768w, https:\/\/www.mormaii.com.br\/site\/wp-content\/uploads\/2018\/02\/Carlos-Burle-Nazare-Portugal-Ondas-Gigantes-Mormaii-2-1024x683.jpg 1024w, https:\/\/www.mormaii.com.br\/site\/wp-content\/uploads\/2018\/02\/Carlos-Burle-Nazare-Portugal-Ondas-Gigantes-Mormaii-2-1170x780.jpg 1170w\" sizes=\"(max-width: 1200px) 100vw, 1200px\" \/><\/p>\n<h3>Carlos Burle<\/h3>\n<p>Carlos Burle entrou na segunda bateria, o vento Noroeste apertou e as condi\u00e7\u00f5es pioraram bastante.<\/p>\n<p>A disputa marcou a despedida oficial do big rider das competi\u00e7\u00f5es.<\/p>\n<p>Aos 50 anos, o bicampe\u00e3o mundial de ondas grandes saiu de Nazar\u00e9 sem pegar nenhuma onda, mesma situa\u00e7\u00e3o do havaiano Aaron Gold.<\/p>\n<p>Quem levou a melhor na bateria foi o experiente norte-americano Peter Mel, que domou uma craca de 7.33 pontos, a maior nota do dia.<\/p>\n<p>O portugu\u00eas Alex Botelho e o australiano Jamie Mitchell, atual campe\u00e3o do Nazar\u00e9 Challenge, tamb\u00e9m garantiram vaga no pr\u00f3ximo round.<\/p>\n<p><img loading=\"lazy\" decoding=\"async\" class=\"alignnone size-full wp-image-8179\" src=\"http:\/\/www.mormaii.com.br\/site\/wp-content\/uploads\/2018\/02\/carlos-burle-nazare-mormaii-3.jpg\" alt=\"\" width=\"1200\" height=\"801\" srcset=\"https:\/\/www.mormaii.com.br\/site\/wp-content\/uploads\/2018\/02\/carlos-burle-nazare-mormaii-3.jpg 1200w, https:\/\/www.mormaii.com.br\/site\/wp-content\/uploads\/2018\/02\/carlos-burle-nazare-mormaii-3-600x401.jpg 600w, https:\/\/www.mormaii.com.br\/site\/wp-content\/uploads\/2018\/02\/carlos-burle-nazare-mormaii-3-300x200.jpg 300w, https:\/\/www.mormaii.com.br\/site\/wp-content\/uploads\/2018\/02\/carlos-burle-nazare-mormaii-3-768x513.jpg 768w, https:\/\/www.mormaii.com.br\/site\/wp-content\/uploads\/2018\/02\/carlos-burle-nazare-mormaii-3-1024x684.jpg 1024w, https:\/\/www.mormaii.com.br\/site\/wp-content\/uploads\/2018\/02\/carlos-burle-nazare-mormaii-3-1170x780.jpg 1170w\" sizes=\"(max-width: 1200px) 100vw, 1200px\" \/><\/p>\n<h3>Depoimento de Carlos Burle<\/h3>\n<p>Depois de toda a jornada para chegar aqui em Nazar\u00e9, enfrentamos uma bateria extremadamente dif\u00edcil.<\/p>\n<p>Muito vento, swell balan\u00e7ado, situa\u00e7\u00e3o realmente extrema.<\/p>\n<p>Minha estrat\u00e9gia foi tentar ficar um pouco mais para o inside.<\/p>\n<p>Acabei tomando muitas ondas e muito grandes na cabe\u00e7a, ficando super cansado e infelizmente n\u00e3o peguei nenhuma onda. Mas valeu!<\/p>\n<p>Campeonato intenso, como tem sido a minha carreira!<\/p>\n<p>Depois da minha bateria o campeonato foi cancelado pelo dia de hoje.<\/p>\n<p>Amanh\u00e3 de manh\u00e3 ser\u00e1 decidido se continuar\u00e3o!<\/p>\n<p>Muito muito obrigado para todos que torceram e torcem por n\u00f3s!<\/p>\n<p>Voc\u00eas nos instigam a sempre darmos o nosso melhor!<\/p>\n<p><img loading=\"lazy\" decoding=\"async\" class=\"alignnone size-full wp-image-8177\" src=\"http:\/\/www.mormaii.com.br\/site\/wp-content\/uploads\/2018\/02\/carlos-burle-nazare-mormaii-2.jpg\" alt=\"\" width=\"1200\" height=\"800\" srcset=\"https:\/\/www.mormaii.com.br\/site\/wp-content\/uploads\/2018\/02\/carlos-burle-nazare-mormaii-2.jpg 1200w, https:\/\/www.mormaii.com.br\/site\/wp-content\/uploads\/2018\/02\/carlos-burle-nazare-mormaii-2-600x400.jpg 600w, https:\/\/www.mormaii.com.br\/site\/wp-content\/uploads\/2018\/02\/carlos-burle-nazare-mormaii-2-300x200.jpg 300w, https:\/\/www.mormaii.com.br\/site\/wp-content\/uploads\/2018\/02\/carlos-burle-nazare-mormaii-2-768x512.jpg 768w, https:\/\/www.mormaii.com.br\/site\/wp-content\/uploads\/2018\/02\/carlos-burle-nazare-mormaii-2-1024x683.jpg 1024w, https:\/\/www.mormaii.com.br\/site\/wp-content\/uploads\/2018\/02\/carlos-burle-nazare-mormaii-2-1170x780.jpg 1170w\" sizes=\"(max-width: 1200px) 100vw, 1200px\" \/><\/p>\n<h3>Paralisa\u00e7\u00e3o<\/h3>\n<p>Depois disso, o diretor de prova Mike Parsons optou por paralisar a competi\u00e7\u00e3o.<\/p>\n<p>\u201cVimos o vento vindo realmente forte de Noroeste. As condi\u00e7\u00f5es est\u00e3o muito perigosas para os surfistas. Decidimos paralisar o evento e, como n\u00e3o houve mudan\u00e7a, optamos por adiar a prova e tentar termin\u00e1-la amanh\u00e3\u201d, explica o comiss\u00e1rio da WSL.<\/p>\n<p>\u201cO swell continua s\u00f3lido e as previs\u00f5es apontam ventos mais fracos. \u00c9 realmente perigoso com esse vento, os surfistas n\u00e3o conseguiam chegar at\u00e9 a base da onda. O feedback deles foi que existiam muitos perigos l\u00e1 fora\u201d, completa Parsons.<\/p>\n<p>[Foto de capa: Carlos Muriongo]<\/p>\n","protected":false},"excerpt":{"rendered":"<p>O forte vento Noroeste n\u00e3o deu tr\u00e9gua neste s\u00e1bado (10\/02) e impediu a sequ\u00eancia do Nazar\u00e9 Challenge, terceira etapa do Big Wave Tour, que acontece na Praia do Norte, em Nazar\u00e9, Portugal. Em um mar revolto, com ondas na casa dos 8 metros, foram realizadas apenas duas baterias do primeiro round. Carlos Burle Carlos Burle [&hellip;]<\/p>\n","protected":false},"author":5,"featured_media":8174,"comment_status":"closed","ping_status":"closed","sticky":false,"template":"","format":"standard","meta":{"_uag_custom_page_level_css":"","_mi_skip_tracking":false,"footnotes":""},"categories":[1,914],"tags":[567,394,311,282,29,334,313,312,335,450],"class_list":["post-8173","post","type-post","status-publish","format-standard","has-post-thumbnail","hentry","category-historia","category-mormaii","tag-big-wave-tour","tag-big-waves","tag-carlos-burle","tag-home","tag-mormaii","tag-nazare","tag-ondas-gigantes","tag-ondas-grandes","tag-portugal","tag-wsl"],"acf":[],"uagb_featured_image_src":{"full":["https:\/\/www.mormaii.com.br\/site\/wp-content\/uploads\/2018\/02\/carlos-burle-nazare-mormaii.jpg",700,400,false],"thumbnail":["https:\/\/www.mormaii.com.br\/site\/wp-content\/uploads\/2018\/02\/carlos-burle-nazare-mormaii-150x150.jpg",150,150,true],"medium":["https:\/\/www.mormaii.com.br\/site\/wp-content\/uploads\/2018\/02\/carlos-burle-nazare-mormaii-300x171.jpg",300,171,true],"medium_large":["https:\/\/www.mormaii.com.br\/site\/wp-content\/uploads\/2018\/02\/carlos-burle-nazare-mormaii.jpg",700,400,false],"large":["https:\/\/www.mormaii.com.br\/site\/wp-content\/uploads\/2018\/02\/carlos-burle-nazare-mormaii.jpg",700,400,false],"1536x1536":["https:\/\/www.mormaii.com.br\/site\/wp-content\/uploads\/2018\/02\/carlos-burle-nazare-mormaii.jpg",700,400,false],"2048x2048":["https:\/\/www.mormaii.com.br\/site\/wp-content\/uploads\/2018\/02\/carlos-burle-nazare-mormaii.jpg",700,400,false],"qi_addons_for_elementor_image_size_square":["https:\/\/www.mormaii.com.br\/site\/wp-content\/uploads\/2018\/02\/carlos-burle-nazare-mormaii.jpg",650,371,false],"qi_addons_for_elementor_image_size_landscape":["https:\/\/www.mormaii.com.br\/site\/wp-content\/uploads\/2018\/02\/carlos-burle-nazare-mormaii.jpg",700,400,false],"qi_addons_for_elementor_image_size_portrait":["https:\/\/www.mormaii.com.br\/site\/wp-content\/uploads\/2018\/02\/carlos-burle-nazare-mormaii.jpg",650,371,false],"qi_addons_for_elementor_image_size_huge-square":["https:\/\/www.mormaii.com.br\/site\/wp-content\/uploads\/2018\/02\/carlos-burle-nazare-mormaii.jpg",700,400,false]},"uagb_author_info":{"display_name":"Tissot","author_link":"https:\/\/www.mormaii.com.br\/site\/author\/fabiano\/"},"uagb_comment_info":0,"uagb_excerpt":"O forte vento Noroeste n\u00e3o deu tr\u00e9gua neste s\u00e1bado (10\/02) e impediu a sequ\u00eancia do Nazar\u00e9 Challenge, terceira etapa do Big Wave Tour, que acontece na Praia do Norte, em Nazar\u00e9, Portugal. Em um mar revolto, com ondas na casa dos 8 metros, foram realizadas apenas duas baterias do primeiro round. Carlos Burle Carlos Burle&hellip;","_links":{"self":[{"href":"https:\/\/www.mormaii.com.br\/site\/wp-json\/wp\/v2\/posts\/8173"}],"collection":[{"href":"https:\/\/www.mormaii.com.br\/site\/wp-json\/wp\/v2\/posts"}],"about":[{"href":"https:\/\/www.mormaii.com.br\/site\/wp-json\/wp\/v2\/types\/post"}],"author":[{"embeddable":true,"href":"https:\/\/www.mormaii.com.br\/site\/wp-json\/wp\/v2\/users\/5"}],"replies":[{"embeddable":true,"href":"https:\/\/www.mormaii.com.br\/site\/wp-json\/wp\/v2\/comments?post=8173"}],"version-history":[{"count":4,"href":"https:\/\/www.mormaii.com.br\/site\/wp-json\/wp\/v2\/posts\/8173\/revisions"}],"predecessor-version":[{"id":8180,"href":"https:\/\/www.mormaii.com.br\/site\/wp-json\/wp\/v2\/posts\/8173\/revisions\/8180"}],"wp:featuredmedia":[{"embeddable":true,"href":"https:\/\/www.mormaii.com.br\/site\/wp-json\/wp\/v2\/media\/8174"}],"wp:attachment":[{"href":"https:\/\/www.mormaii.com.br\/site\/wp-json\/wp\/v2\/media?parent=8173"}],"wp:term":[{"taxonomy":"category","embeddable":true,"href":"https:\/\/www.mormaii.com.br\/site\/wp-json\/wp\/v2\/categories?post=8173"},{"taxonomy":"post_tag","embeddable":true,"href":"https:\/\/www.mormaii.com.br\/site\/wp-json\/wp\/v2\/tags?post=8173"}],"curies":[{"name":"wp","href":"https:\/\/api.w.org\/{rel}","templated":true}]}}