{"id":818,"date":"2016-04-04T13:33:38","date_gmt":"2016-04-04T13:33:38","guid":{"rendered":"http:\/\/www.mormaii.com.br\/site\/?p=818"},"modified":"2022-06-10T10:50:53","modified_gmt":"2022-06-10T13:50:53","slug":"noticiasallan-do-carmo-vence-mais-uma-disputa","status":"publish","type":"post","link":"https:\/\/www.mormaii.com.br\/site\/noticiasallan-do-carmo-vence-mais-uma-disputa\/","title":{"rendered":"Allan do Carmo vence mais uma disputa"},"content":{"rendered":"<p><\/p>\n<div id=\"attachment_53467\" class=\"wp-caption aligncenter\"><img loading=\"lazy\" decoding=\"async\" data-fr-image-pasted=\"true\" class=\"size-full wp-image-53467 fr-fin\" title=\"Rumo a 3\u00aa vit\u00f3ria do ano no Rei e Rainha do Mar | Foto: Divulga\u00e7\u00e3o Mormaii\" src=\"http:\/\/images.mormaii.com.br\/wp-content\/uploads\/Allan-mormaii2.jpg\" alt=\"Rumo a 3\u00aa vit\u00f3ria do ano no Rei e Rainha do Mar | Foto: Divulga\u00e7\u00e3o Mormaii\" width=\"600\" height=\"400\"><\/p>\n<p class=\"wp-caption-text\">&nbsp; &nbsp; &nbsp; &nbsp; &nbsp; &nbsp; &nbsp; &nbsp; &nbsp; &nbsp;Rumo a 3\u00aa vit\u00f3ria do ano no Rei e Rainha do Mar | Foto: Divulga\u00e7\u00e3o Mormaii<\/p>\n<\/div>\n<div>\n<div id=\"integra\">\n<p><a href=\"http:\/\/www.mormaii.com.br\/author\/alandocarmo\/\" target=\"_blank\" rel=\"noopener\">Allan do Carmo<\/a>&nbsp;conquistou, na manh\u00e3 deste domingo (07\/12), em S\u00e3o Bernardo do Campo (SP), uma vaga no time brasileiro que vai disputar o Mundial de Maratonas Aqu\u00e1ticas que acontecer\u00e1 em julho de 2015, em Kazan, na R\u00fassia.<\/p>\n<p>\u201cFoi um prova muito dif\u00edcil. J\u00e1 esperava que fosse nesse n\u00edvel, mas, gra\u00e7as a Deus, prevaleceu nossos treinamentos fortes e a prepara\u00e7\u00e3o intensa. Estou feliz demais e dedico mais esse passo dado \u00e0 minha equipe\u201d, comemora o baiano.<\/p>\n<p>Mesmo tendo&nbsp;<a href=\"http:\/\/www.mormaii.com.br\/noticias\/2014\/12\/os-agradecimentos-de-allan-do-carmo\/?lang=pt\" target=\"_blank\" rel=\"noopener\">vencido<\/a>&nbsp;tudo que disputou em 2014, o nadador n\u00e3o diminuiu o ritmo e seguiu treinando forte para essa disputa, atento ao que vem pela frente.<\/p>\n<p>\u201cO trabalho segue firme e forte para conquistarmos essa vaga no Mundial da R\u00fassia e, consequentemente, nas Olimp\u00edadas do Rio, em 2016\u201d.<\/p>\n<p>Por\u00e9m, antes disso, Allan ir\u00e1 disputar o Rei e Rainha do Mar, que ser\u00e1 realizada no pr\u00f3ximo domingo (13\/12), em Copacabana.<\/p>\n<p>\u201cSentir o calor do povo carioca e nadar na maior prova de praia do Brasil \u00e9 sempre um prazer\u201d, destaca.<\/p>\n<p>Venha nadar com o super campe\u00e3o Allan do Carmo no maior festival de esportes de praia do Brasil.<\/p>\n<p><a href=\"http:\/\/www.blueticket.com.br\/12325\/Circuito-Light-Rei-e-Rainha-do-Mar\" target=\"_blank\" rel=\"noopener\">Inscreva-se<\/a>&nbsp;no&nbsp;<a href=\"http:\/\/www.mormaii.com.br\/noticias\/2014\/12\/vem-ai-a-ultima-etapa-do-rei-e-rainha-do-mar-2014\/?lang=pt\" target=\"_blank\" rel=\"noopener\">Rei e Rainha do Mar<\/a>&nbsp;e sinta-se Mormaii.<\/p>\n<div id=\"attachment_53466\" class=\"wp-caption aligncenter\"><img loading=\"lazy\" decoding=\"async\" data-fr-image-pasted=\"true\" class=\"size-full wp-image-53466 fr-fin\" title=\"Allan visitando a Mormaii, em Garopaba (SC) | Foto: Arquivo pessoal\" src=\"http:\/\/images.mormaii.com.br\/wp-content\/uploads\/allan-mormaii-1.jpg\" alt=\"Allan visitando a Mormaii, em Garopaba (SC) | Foto: Arquivo pessoal\" width=\"600\" height=\"306\"><\/p>\n<p class=\"wp-caption-text\">&nbsp; &nbsp; &nbsp; &nbsp; &nbsp; &nbsp; &nbsp; &nbsp; &nbsp; &nbsp; &nbsp; &nbsp;&nbsp;Allan visitando a Mormaii, em Garopaba (SC) | Foto: Arquivo pessoal<\/p>\n<\/div>\n<\/div>\n<\/div>\n","protected":false},"excerpt":{"rendered":"<p>&nbsp; &nbsp; &nbsp; &nbsp; &nbsp; &nbsp; &nbsp; &nbsp; &nbsp; &nbsp;Rumo a 3\u00aa vit\u00f3ria do ano no Rei e Rainha do Mar | Foto: Divulga\u00e7\u00e3o Mormaii Allan do Carmo&nbsp;conquistou, na manh\u00e3 deste domingo (07\/12), em S\u00e3o Bernardo do Campo (SP), uma vaga no time brasileiro que vai disputar o Mundial de Maratonas Aqu\u00e1ticas que acontecer\u00e1 em [&hellip;]<\/p>\n","protected":false},"author":3,"featured_media":819,"comment_status":"open","ping_status":"open","sticky":false,"template":"","format":"standard","meta":{"_uag_custom_page_level_css":"","_mi_skip_tracking":false,"footnotes":""},"categories":[914,7],"tags":[],"class_list":["post-818","post","type-post","status-publish","format-standard","has-post-thumbnail","hentry","category-mormaii","category-novidades"],"acf":[],"uagb_featured_image_src":{"full":["https:\/\/www.mormaii.com.br\/site\/wp-content\/uploads\/2017\/06\/25bb72546dc574ec9c68.jpg",1600,959,false],"thumbnail":["https:\/\/www.mormaii.com.br\/site\/wp-content\/uploads\/2017\/06\/25bb72546dc574ec9c68-150x150.jpg",150,150,true],"medium":["https:\/\/www.mormaii.com.br\/site\/wp-content\/uploads\/2017\/06\/25bb72546dc574ec9c68-300x180.jpg",300,180,true],"medium_large":["https:\/\/www.mormaii.com.br\/site\/wp-content\/uploads\/2017\/06\/25bb72546dc574ec9c68-768x460.jpg",768,460,true],"large":["https:\/\/www.mormaii.com.br\/site\/wp-content\/uploads\/2017\/06\/25bb72546dc574ec9c68-1024x614.jpg",1024,614,true],"1536x1536":["https:\/\/www.mormaii.com.br\/site\/wp-content\/uploads\/2017\/06\/25bb72546dc574ec9c68.jpg",1536,921,false],"2048x2048":["https:\/\/www.mormaii.com.br\/site\/wp-content\/uploads\/2017\/06\/25bb72546dc574ec9c68.jpg",1600,959,false],"qi_addons_for_elementor_image_size_square":["https:\/\/www.mormaii.com.br\/site\/wp-content\/uploads\/2017\/06\/25bb72546dc574ec9c68.jpg",650,390,false],"qi_addons_for_elementor_image_size_landscape":["https:\/\/www.mormaii.com.br\/site\/wp-content\/uploads\/2017\/06\/25bb72546dc574ec9c68.jpg",1084,650,false],"qi_addons_for_elementor_image_size_portrait":["https:\/\/www.mormaii.com.br\/site\/wp-content\/uploads\/2017\/06\/25bb72546dc574ec9c68.jpg",650,390,false],"qi_addons_for_elementor_image_size_huge-square":["https:\/\/www.mormaii.com.br\/site\/wp-content\/uploads\/2017\/06\/25bb72546dc574ec9c68.jpg",1300,779,false]},"uagb_author_info":{"display_name":"mormaii_importer","author_link":"https:\/\/www.mormaii.com.br\/site\/author\/mormaii_importer\/"},"uagb_comment_info":0,"uagb_excerpt":"&nbsp; &nbsp; &nbsp; &nbsp; &nbsp; &nbsp; &nbsp; &nbsp; &nbsp; &nbsp;Rumo a 3\u00aa vit\u00f3ria do ano no Rei e Rainha do Mar | Foto: Divulga\u00e7\u00e3o Mormaii Allan do Carmo&nbsp;conquistou, na manh\u00e3 deste domingo (07\/12), em S\u00e3o Bernardo do Campo (SP), uma vaga no time brasileiro que vai disputar o Mundial de Maratonas Aqu\u00e1ticas que acontecer\u00e1 em&hellip;","_links":{"self":[{"href":"https:\/\/www.mormaii.com.br\/site\/wp-json\/wp\/v2\/posts\/818"}],"collection":[{"href":"https:\/\/www.mormaii.com.br\/site\/wp-json\/wp\/v2\/posts"}],"about":[{"href":"https:\/\/www.mormaii.com.br\/site\/wp-json\/wp\/v2\/types\/post"}],"author":[{"embeddable":true,"href":"https:\/\/www.mormaii.com.br\/site\/wp-json\/wp\/v2\/users\/3"}],"replies":[{"embeddable":true,"href":"https:\/\/www.mormaii.com.br\/site\/wp-json\/wp\/v2\/comments?post=818"}],"version-history":[{"count":2,"href":"https:\/\/www.mormaii.com.br\/site\/wp-json\/wp\/v2\/posts\/818\/revisions"}],"predecessor-version":[{"id":58277,"href":"https:\/\/www.mormaii.com.br\/site\/wp-json\/wp\/v2\/posts\/818\/revisions\/58277"}],"wp:featuredmedia":[{"embeddable":true,"href":"https:\/\/www.mormaii.com.br\/site\/wp-json\/wp\/v2\/media\/819"}],"wp:attachment":[{"href":"https:\/\/www.mormaii.com.br\/site\/wp-json\/wp\/v2\/media?parent=818"}],"wp:term":[{"taxonomy":"category","embeddable":true,"href":"https:\/\/www.mormaii.com.br\/site\/wp-json\/wp\/v2\/categories?post=818"},{"taxonomy":"post_tag","embeddable":true,"href":"https:\/\/www.mormaii.com.br\/site\/wp-json\/wp\/v2\/tags?post=818"}],"curies":[{"name":"wp","href":"https:\/\/api.w.org\/{rel}","templated":true}]}}