{"id":8210,"date":"2018-02-15T12:23:09","date_gmt":"2018-02-15T14:23:09","guid":{"rendered":"http:\/\/www.mormaii.com.br\/site\/?p=8210"},"modified":"2022-06-10T10:04:46","modified_gmt":"2022-06-10T13:04:46","slug":"vem-ai-2a-meia-maratona-ouverrosa-em-imbituba-sc","status":"publish","type":"post","link":"https:\/\/www.mormaii.com.br\/site\/vem-ai-2a-meia-maratona-ouverrosa-em-imbituba-sc\/","title":{"rendered":"Vem a\u00ed a 2\u00aa Meia Maratona OuVerRosa, em Imbituba (SC)"},"content":{"rendered":"<p><img loading=\"lazy\" decoding=\"async\" class=\"alignnone size-full wp-image-8224\" src=\"http:\/\/www.mormaii.com.br\/site\/wp-content\/uploads\/2019\/02\/ouver-rosa-corrida-mormaii-1.jpg\" alt=\"\" width=\"960\" height=\"529\" srcset=\"https:\/\/www.mormaii.com.br\/site\/wp-content\/uploads\/2019\/02\/ouver-rosa-corrida-mormaii-1.jpg 960w, https:\/\/www.mormaii.com.br\/site\/wp-content\/uploads\/2019\/02\/ouver-rosa-corrida-mormaii-1-600x331.jpg 600w, https:\/\/www.mormaii.com.br\/site\/wp-content\/uploads\/2019\/02\/ouver-rosa-corrida-mormaii-1-300x165.jpg 300w, https:\/\/www.mormaii.com.br\/site\/wp-content\/uploads\/2019\/02\/ouver-rosa-corrida-mormaii-1-768x423.jpg 768w\" sizes=\"(max-width: 960px) 100vw, 960px\" \/><\/p>\n<p>A 2\u00aa Meia Maratona OuVerRosa acontece dia 25 de fevereiro, a partir das 8h, na paradis\u00edaca praia do Rosa, em Imbituba (SC), com patroc\u00ednio da Mormaii.<\/p>\n<p>A prova conta com tr\u00eas op\u00e7\u00f5es de corrida: 5k, 10k e 21k.<\/p>\n<p>O evento traz participantes com diversos n\u00edveis de condicionamento e experi\u00eancia na modalidade.<\/p>\n<p>O atleta Marcos Soel, por exemplo, vai correr pela primeira vez em uma competi\u00e7\u00e3o oficial.<\/p>\n<p>H\u00e1 dois meses integrando o grupo de corridas OuVerRosa, ele conta que apenas o fato de participar do evento j\u00e1 \u00e9 uma vit\u00f3ria.<\/p>\n<p>\u201cMeu objetivo \u00e9 correr pelo grupo. Vamos motivando uns aos outros para chegarmos juntos at\u00e9 o final.\u201d<\/p>\n<p><img loading=\"lazy\" decoding=\"async\" class=\"alignnone size-full wp-image-8218\" src=\"http:\/\/www.mormaii.com.br\/site\/wp-content\/uploads\/2019\/02\/ouver-rosa-corrida-mormaii-7.jpg\" alt=\"\" width=\"900\" height=\"600\" srcset=\"https:\/\/www.mormaii.com.br\/site\/wp-content\/uploads\/2019\/02\/ouver-rosa-corrida-mormaii-7.jpg 900w, https:\/\/www.mormaii.com.br\/site\/wp-content\/uploads\/2019\/02\/ouver-rosa-corrida-mormaii-7-600x400.jpg 600w, https:\/\/www.mormaii.com.br\/site\/wp-content\/uploads\/2019\/02\/ouver-rosa-corrida-mormaii-7-300x200.jpg 300w, https:\/\/www.mormaii.com.br\/site\/wp-content\/uploads\/2019\/02\/ouver-rosa-corrida-mormaii-7-768x512.jpg 768w\" sizes=\"(max-width: 900px) 100vw, 900px\" \/><\/p>\n<h3>2\u00aa Meia Maratona OuVerRosa<\/h3>\n<p>Rosemeri Peir\u00e3o, uma das organizadoras da prova garante que a Meia Maratona \u00e9 lugar para todos.<\/p>\n<p>\u201cO evento \u00e9 para os atletas. Prezamos pelo conforto e divers\u00e3o de cada um deles, tanto avan\u00e7ados como iniciantes. S\u00e3o muitos que correm pela primeira vez e isso \u00e9 muito gratificante.\u201d<\/p>\n<p>O evento \u00e9 uma realiza\u00e7\u00e3o da Meri Assessoria Esportiva e Risco Zero Adventure com patroc\u00ednio da Mormaii.<\/p>\n<p><img loading=\"lazy\" decoding=\"async\" class=\"alignnone size-full wp-image-8214\" src=\"http:\/\/www.mormaii.com.br\/site\/wp-content\/uploads\/2019\/02\/ouver-rosa-corrida-mormaii-3.jpg\" alt=\"\" width=\"900\" height=\"506\" srcset=\"https:\/\/www.mormaii.com.br\/site\/wp-content\/uploads\/2019\/02\/ouver-rosa-corrida-mormaii-3.jpg 900w, https:\/\/www.mormaii.com.br\/site\/wp-content\/uploads\/2019\/02\/ouver-rosa-corrida-mormaii-3-600x337.jpg 600w, https:\/\/www.mormaii.com.br\/site\/wp-content\/uploads\/2019\/02\/ouver-rosa-corrida-mormaii-3-300x169.jpg 300w, https:\/\/www.mormaii.com.br\/site\/wp-content\/uploads\/2019\/02\/ouver-rosa-corrida-mormaii-3-768x432.jpg 768w\" sizes=\"(max-width: 900px) 100vw, 900px\" \/><\/p>\n<h3>Retirada do Kit<\/h3>\n<p>Os atletas poder\u00e3o retirar os kits na Meri Assessoria Esportiva no s\u00e1bado, dia 24 de fevereiro, entre 14h e 18h.<\/p>\n<p>Ou no local do evento, no dia 25\/02 (domingo) entre 06h30 e 07h45.<\/p>\n<p><img loading=\"lazy\" decoding=\"async\" class=\"alignnone size-full wp-image-8222\" src=\"http:\/\/www.mormaii.com.br\/site\/wp-content\/uploads\/2019\/02\/ouver-rosa-corrida-mormaii-11.jpg\" alt=\"\" width=\"900\" height=\"506\" srcset=\"https:\/\/www.mormaii.com.br\/site\/wp-content\/uploads\/2019\/02\/ouver-rosa-corrida-mormaii-11.jpg 900w, https:\/\/www.mormaii.com.br\/site\/wp-content\/uploads\/2019\/02\/ouver-rosa-corrida-mormaii-11-600x337.jpg 600w, https:\/\/www.mormaii.com.br\/site\/wp-content\/uploads\/2019\/02\/ouver-rosa-corrida-mormaii-11-300x169.jpg 300w, https:\/\/www.mormaii.com.br\/site\/wp-content\/uploads\/2019\/02\/ouver-rosa-corrida-mormaii-11-768x432.jpg 768w\" sizes=\"(max-width: 900px) 100vw, 900px\" \/><\/p>\n<h3>Local de Largada e Chegada<\/h3>\n<p>Gaia Village (Sede Administrativa), localizada na\u00a0Rodovia SC 434 &#8211; km 6 &#8211; Encantada \/ Garopaba (SC).<\/p>\n<p><img loading=\"lazy\" decoding=\"async\" class=\"alignnone size-full wp-image-8219\" src=\"http:\/\/www.mormaii.com.br\/site\/wp-content\/uploads\/2019\/02\/ouver-rosa-corrida-mormaii-8.jpg\" alt=\"\" width=\"900\" height=\"600\" srcset=\"https:\/\/www.mormaii.com.br\/site\/wp-content\/uploads\/2019\/02\/ouver-rosa-corrida-mormaii-8.jpg 900w, https:\/\/www.mormaii.com.br\/site\/wp-content\/uploads\/2019\/02\/ouver-rosa-corrida-mormaii-8-600x400.jpg 600w, https:\/\/www.mormaii.com.br\/site\/wp-content\/uploads\/2019\/02\/ouver-rosa-corrida-mormaii-8-300x200.jpg 300w, https:\/\/www.mormaii.com.br\/site\/wp-content\/uploads\/2019\/02\/ouver-rosa-corrida-mormaii-8-768x512.jpg 768w\" sizes=\"(max-width: 900px) 100vw, 900px\" \/><\/p>\n<p>Esperamos voc\u00ea nesse super evento.<\/p>\n<div id=\"attachment_8227\" style=\"width: 1930px\" class=\"wp-caption alignnone\"><a href=\"https:\/\/www.mormaiishop.com.br\/running\" target=\"_blank\" rel=\"noopener\"><img loading=\"lazy\" decoding=\"async\" aria-describedby=\"caption-attachment-8227\" class=\"wp-image-8227 size-full\" src=\"http:\/\/www.mormaii.com.br\/site\/wp-content\/uploads\/2018\/02\/BANNERsite1920x583.png\" alt=\"\" width=\"1920\" height=\"583\" srcset=\"https:\/\/www.mormaii.com.br\/site\/wp-content\/uploads\/2018\/02\/BANNERsite1920x583.png 1920w, https:\/\/www.mormaii.com.br\/site\/wp-content\/uploads\/2018\/02\/BANNERsite1920x583-600x182.png 600w, https:\/\/www.mormaii.com.br\/site\/wp-content\/uploads\/2018\/02\/BANNERsite1920x583-300x91.png 300w, https:\/\/www.mormaii.com.br\/site\/wp-content\/uploads\/2018\/02\/BANNERsite1920x583-768x233.png 768w, https:\/\/www.mormaii.com.br\/site\/wp-content\/uploads\/2018\/02\/BANNERsite1920x583-1024x311.png 1024w\" sizes=\"(max-width: 1920px) 100vw, 1920px\" \/><\/a><p id=\"caption-attachment-8227\" class=\"wp-caption-text\">Clique e garanta os melhores equipamentos para sua corrida<\/p><\/div>\n","protected":false},"excerpt":{"rendered":"<p>A 2\u00aa Meia Maratona OuVerRosa acontece dia 25 de fevereiro, a partir das 8h, na paradis\u00edaca praia do Rosa, em Imbituba (SC), com patroc\u00ednio da Mormaii. A prova conta com tr\u00eas op\u00e7\u00f5es de corrida: 5k, 10k e 21k. O evento traz participantes com diversos n\u00edveis de condicionamento e experi\u00eancia na modalidade. O atleta Marcos Soel, [&hellip;]<\/p>\n","protected":false},"author":5,"featured_media":8218,"comment_status":"closed","ping_status":"closed","sticky":false,"template":"","format":"standard","meta":{"_uag_custom_page_level_css":"","_mi_skip_tracking":false,"footnotes":""},"categories":[40,1,914,7],"tags":[424,282,575,573,29,574,490,576],"class_list":["post-8210","post","type-post","status-publish","format-standard","has-post-thumbnail","hentry","category-esportes","category-historia","category-mormaii","category-novidades","tag-corrida","tag-home","tag-imbituba","tag-meia-maratona","tag-mormaii","tag-ouver-rosa","tag-praia-do-rosa","tag-running"],"acf":[],"uagb_featured_image_src":{"full":["https:\/\/www.mormaii.com.br\/site\/wp-content\/uploads\/2019\/02\/ouver-rosa-corrida-mormaii-7.jpg",900,600,false],"thumbnail":["https:\/\/www.mormaii.com.br\/site\/wp-content\/uploads\/2019\/02\/ouver-rosa-corrida-mormaii-7-150x150.jpg",150,150,true],"medium":["https:\/\/www.mormaii.com.br\/site\/wp-content\/uploads\/2019\/02\/ouver-rosa-corrida-mormaii-7-300x200.jpg",300,200,true],"medium_large":["https:\/\/www.mormaii.com.br\/site\/wp-content\/uploads\/2019\/02\/ouver-rosa-corrida-mormaii-7-768x512.jpg",768,512,true],"large":["https:\/\/www.mormaii.com.br\/site\/wp-content\/uploads\/2019\/02\/ouver-rosa-corrida-mormaii-7.jpg",900,600,false],"1536x1536":["https:\/\/www.mormaii.com.br\/site\/wp-content\/uploads\/2019\/02\/ouver-rosa-corrida-mormaii-7.jpg",900,600,false],"2048x2048":["https:\/\/www.mormaii.com.br\/site\/wp-content\/uploads\/2019\/02\/ouver-rosa-corrida-mormaii-7.jpg",900,600,false],"qi_addons_for_elementor_image_size_square":["https:\/\/www.mormaii.com.br\/site\/wp-content\/uploads\/2019\/02\/ouver-rosa-corrida-mormaii-7.jpg",650,433,false],"qi_addons_for_elementor_image_size_landscape":["https:\/\/www.mormaii.com.br\/site\/wp-content\/uploads\/2019\/02\/ouver-rosa-corrida-mormaii-7.jpg",900,600,false],"qi_addons_for_elementor_image_size_portrait":["https:\/\/www.mormaii.com.br\/site\/wp-content\/uploads\/2019\/02\/ouver-rosa-corrida-mormaii-7.jpg",650,433,false],"qi_addons_for_elementor_image_size_huge-square":["https:\/\/www.mormaii.com.br\/site\/wp-content\/uploads\/2019\/02\/ouver-rosa-corrida-mormaii-7.jpg",900,600,false]},"uagb_author_info":{"display_name":"Tissot","author_link":"https:\/\/www.mormaii.com.br\/site\/author\/fabiano\/"},"uagb_comment_info":0,"uagb_excerpt":"A 2\u00aa Meia Maratona OuVerRosa acontece dia 25 de fevereiro, a partir das 8h, na paradis\u00edaca praia do Rosa, em Imbituba (SC), com patroc\u00ednio da Mormaii. A prova conta com tr\u00eas op\u00e7\u00f5es de corrida: 5k, 10k e 21k. O evento traz participantes com diversos n\u00edveis de condicionamento e experi\u00eancia na modalidade. O atleta Marcos Soel,&hellip;","_links":{"self":[{"href":"https:\/\/www.mormaii.com.br\/site\/wp-json\/wp\/v2\/posts\/8210"}],"collection":[{"href":"https:\/\/www.mormaii.com.br\/site\/wp-json\/wp\/v2\/posts"}],"about":[{"href":"https:\/\/www.mormaii.com.br\/site\/wp-json\/wp\/v2\/types\/post"}],"author":[{"embeddable":true,"href":"https:\/\/www.mormaii.com.br\/site\/wp-json\/wp\/v2\/users\/5"}],"replies":[{"embeddable":true,"href":"https:\/\/www.mormaii.com.br\/site\/wp-json\/wp\/v2\/comments?post=8210"}],"version-history":[{"count":6,"href":"https:\/\/www.mormaii.com.br\/site\/wp-json\/wp\/v2\/posts\/8210\/revisions"}],"predecessor-version":[{"id":8229,"href":"https:\/\/www.mormaii.com.br\/site\/wp-json\/wp\/v2\/posts\/8210\/revisions\/8229"}],"wp:featuredmedia":[{"embeddable":true,"href":"https:\/\/www.mormaii.com.br\/site\/wp-json\/wp\/v2\/media\/8218"}],"wp:attachment":[{"href":"https:\/\/www.mormaii.com.br\/site\/wp-json\/wp\/v2\/media?parent=8210"}],"wp:term":[{"taxonomy":"category","embeddable":true,"href":"https:\/\/www.mormaii.com.br\/site\/wp-json\/wp\/v2\/categories?post=8210"},{"taxonomy":"post_tag","embeddable":true,"href":"https:\/\/www.mormaii.com.br\/site\/wp-json\/wp\/v2\/tags?post=8210"}],"curies":[{"name":"wp","href":"https:\/\/api.w.org\/{rel}","templated":true}]}}